{"id":895,"date":"2019-05-24T15:54:22","date_gmt":"2019-05-24T18:54:22","guid":{"rendered":"http:\/\/blog.cancaonova.com\/maranatha\/?p=895"},"modified":"2019-05-24T15:54:22","modified_gmt":"2019-05-24T18:54:22","slug":"maria-auxiliadora-dos-cristaos-rogai-por-nos","status":"publish","type":"post","link":"https:\/\/blog.cancaonova.com\/maranatha\/2019\/05\/24\/maria-auxiliadora-dos-cristaos-rogai-por-nos\/","title":{"rendered":"Maria Auxiliadora dos Crist\u00e3os, rogai por n\u00f3s!"},"content":{"rendered":"<p><a href=\"http:\/\/blog.cancaonova.com\/maranatha\/files\/2019\/05\/blog-2p1.jpg\"><img loading=\"lazy\" decoding=\"async\" class=\"alignleft size-medium wp-image-896\" src=\"http:\/\/blog.cancaonova.com\/maranatha\/files\/2019\/05\/blog-2p1-300x210.jpg\" alt=\"\" width=\"300\" height=\"210\" srcset=\"https:\/\/blog.cancaonova.com\/maranatha\/files\/2019\/05\/blog-2p1-300x210.jpg 300w, https:\/\/blog.cancaonova.com\/maranatha\/files\/2019\/05\/blog-2p1.jpg 306w\" sizes=\"(max-width: 300px) 100vw, 300px\" \/><\/a>Desde crian\u00e7a, S\u00e3o Jo\u00e3o Bosco \u2013 o santo italiano fundador da Fam\u00edlia Salesiana, que viveu entre 1815 e 1888 -, aprendeu com sua m\u00e3e, Margarida, a confiar-se aos cuidados da Virgem Maria, sob o t\u00edtulo especial com o qual o santo da juventude gostava de invoc\u00e1-la: Maria Auxiliadora dos Crist\u00e3os.<\/p>\n<p>Dom Bosco garantia: \u201cSe fordes seus devotos, al\u00e9m da abund\u00e2ncia das suas b\u00ean\u00e7\u00e3os neste mundo, ela vos garante o para\u00edso na outra vida! Tende, pois, a mais \u00edntima convic\u00e7\u00e3o de que obtereis todas as gra\u00e7as desta boa m\u00e3e, contanto que n\u00e3o lhe pe\u00e7ais coisas que resultem em vosso dano\u201d.<\/p>\n<p>A devo\u00e7\u00e3o a nossa Senhora Auxiliadora est\u00e1 ligada \u00e0 vit\u00f3ria da batalha de Lepanto, ocorrida em 1571, quando ap\u00f3s violento confronto em pleno mar, os combatentes cat\u00f3licos obtiveram a vit\u00f3ria recorrendo veementemente \u00e0 intercess\u00e3o de Nossa Senhora. Em agradecimento a esta miraculosa vit\u00f3ria, o Papa Pio V incluiu na Ladainha dedicada \u00e0 M\u00e3e do Redentor o t\u00edtulo: de \u201cAuxiliadora dos Crist\u00e3os\u201d.<\/p>\n<p>Outro fato importante ocorreu em 1814, quando o Papa Pio VII, sequestrado por Napole\u00e3o Bonaparte, ap\u00f3s cinco anos de cativeiro na Fran\u00e7a, promete coroar solenemente uma imagem de Nossa Senhora, assim que fosse liberto. Com a gra\u00e7a alcan\u00e7ada, Pio VII institui, em 1816, a festa de Nossa Senhora Auxiliadora, no dia 24 de maio, em mem\u00f3ria daquela data em que ele entrou solenemente em Roma, ap\u00f3s o referido cativeiro.<\/p>\n<p>Dom Bosco \u00e9 contempor\u00e2neo das apari\u00e7\u00f5es de Maria Auxiliadora na cidade de Spoleto, em 1862, que provocam uma renova\u00e7\u00e3o na piedade popular mariana em toda a It\u00e1lia. Nesse mesmo ano, Dom Bosco iniciou em Turim, a constru\u00e7\u00e3o de uma grande Bas\u00edlica, dedicada a Nossa Senhora, Auxiliadora dos Crist\u00e3os.<\/p>\n<p>Assim, com muita frequ\u00eancia, Dom Bosco recomendava que seus jovens recorressem a Nossa Senhora Auxiliadora. Ele ensinava que, bastava uma simples jaculat\u00f3ria:&nbsp;<i>Maria, Auxiliadora dos crist\u00e3os, rogai por n\u00f3s!<\/i>&nbsp;\u2013 para que grandes gra\u00e7as fossem alcan\u00e7adas e o dem\u00f4nio vencido sendo obrigado a retirar-se.<\/p>\n<p>A este respeito, afirmava o santo: \u201c\u00c9 uma ora\u00e7\u00e3o n\u00e3o t\u00e3o tanto longa, mas que se sabe ser muito eficaz. Portanto, quando quiserdes obter alguma gra\u00e7a espiritual, e por gra\u00e7a espiritual podem-se entender a liberta\u00e7\u00e3o de tenta\u00e7\u00f5es, de afli\u00e7\u00f5es do esp\u00edrito, da falta de fervor, etc., se algu\u00e9m dentre v\u00f3s quiser ver-se livre de alguma tenta\u00e7\u00e3o ou quiser adquirir alguma grande virtude, n\u00e3o precisa fazer outra coisa sen\u00e3o invocar Maria\u201d.<\/p>\n<p>Hoje a Virgem Maria visita voc\u00ea atrav\u00e9s destas palavras para lhe recordar que n\u00e3o est\u00e1 sozinho, que pode contar com o aux\u00edlio dela nas batalhas que tem travado. Veja bem! Ela \u00e9 a vencedora das batalhas de Deus e quer ajudar voc\u00ea a vencer. Voc\u00ea tamb\u00e9m n\u00e3o quer abrir-se aos cuidados dela?<\/p>\n<p>Presen\u00e7a de m\u00e3e faz toda a diferen\u00e7a. Ela conhece o filho, d\u00e1 aconchego, p\u00f5e de p\u00e9 e lembra quem ele \u00e9. M\u00e3e que \u00e9 m\u00e3e corrige, educa, orienta!<\/p>\n<p>Embora ela caminhe como m\u00e3e Auxiliadora ao seu lado, sabe ser bem discreta e tamb\u00e9m respeita a sua liberdade de modo que, quanto mais nos rendemos aos seus cuidados maternos, mais tocamos nos efeitos da sua presen\u00e7a em nossa vida.<\/p>\n<p>Creia! Ela est\u00e1 com voc\u00ea e quer ser sua Auxiliadora tamb\u00e9m. Mais do que um t\u00edtulo, trata-se de um modo dela se colocar ao nosso lado. Se quisermos ser vitoriosos em nossas batalhas cotidianas, se quisermos crescer nas virtudes e viver na liberdade conquistada por Nosso Senhor por meio de Sua P\u00e1scoa, devemos nos colocar sob os cuidados dela.<\/p>\n<p>Rezemos com confian\u00e7a filial, como nos ensinou Dom Bosco:&nbsp;<i>Maria, Auxiliadora dos Crist\u00e3os, rogai por n\u00f3s!<\/i><\/p>\n<p>Deus aben\u00e7oe voc\u00ea!<\/p>\n<p>Grande abra\u00e7o,<\/p>\n<p><em>Maranath\u00e1!!<\/em><\/p>\n<p>&nbsp;<\/p>\n<p><strong>Pe. Edmilson Dias<\/strong><\/p>\n<p><strong>Comunidade Can\u00e7\u00e3o Nova<\/strong><\/p>\n<p>&nbsp;<\/p>\n","protected":false},"excerpt":{"rendered":"<p>Desde crian\u00e7a, S\u00e3o Jo\u00e3o Bosco \u2013 o santo italiano fundador da Fam\u00edlia Salesiana, que viveu entre 1815 e 1888 -, aprendeu com sua m\u00e3e, Margarida, a confiar-se aos cuidados da Virgem Maria, sob o t\u00edtulo especial com o qual o&#8230;<\/p>\n","protected":false},"author":4457,"featured_media":896,"comment_status":"closed","ping_status":"open","sticky":false,"template":"","format":"standard","meta":{"_mi_skip_tracking":false,"_monsterinsights_sitenote_active":false,"_monsterinsights_sitenote_note":"","_monsterinsights_sitenote_category":0,"footnotes":""},"categories":[67],"tags":[18995,5011,19547,33419,17101,13451],"_links":{"self":[{"href":"https:\/\/blog.cancaonova.com\/maranatha\/wp-json\/wp\/v2\/posts\/895"}],"collection":[{"href":"https:\/\/blog.cancaonova.com\/maranatha\/wp-json\/wp\/v2\/posts"}],"about":[{"href":"https:\/\/blog.cancaonova.com\/maranatha\/wp-json\/wp\/v2\/types\/post"}],"author":[{"embeddable":true,"href":"https:\/\/blog.cancaonova.com\/maranatha\/wp-json\/wp\/v2\/users\/4457"}],"replies":[{"embeddable":true,"href":"https:\/\/blog.cancaonova.com\/maranatha\/wp-json\/wp\/v2\/comments?post=895"}],"version-history":[{"count":2,"href":"https:\/\/blog.cancaonova.com\/maranatha\/wp-json\/wp\/v2\/posts\/895\/revisions"}],"predecessor-version":[{"id":898,"href":"https:\/\/blog.cancaonova.com\/maranatha\/wp-json\/wp\/v2\/posts\/895\/revisions\/898"}],"wp:featuredmedia":[{"embeddable":true,"href":"https:\/\/blog.cancaonova.com\/maranatha\/wp-json\/wp\/v2\/media\/896"}],"wp:attachment":[{"href":"https:\/\/blog.cancaonova.com\/maranatha\/wp-json\/wp\/v2\/media?parent=895"}],"wp:term":[{"taxonomy":"category","embeddable":true,"href":"https:\/\/blog.cancaonova.com\/maranatha\/wp-json\/wp\/v2\/categories?post=895"},{"taxonomy":"post_tag","embeddable":true,"href":"https:\/\/blog.cancaonova.com\/maranatha\/wp-json\/wp\/v2\/tags?post=895"}],"curies":[{"name":"wp","href":"https:\/\/api.w.org\/{rel}","templated":true}]}}