{"id":1691,"date":"2012-02-09T21:14:29","date_gmt":"2012-02-09T21:14:29","guid":{"rendered":"http:\/\/blog.cancaonova.com\/metanoia\/?p=1691"},"modified":"2012-02-12T14:05:25","modified_gmt":"2012-02-12T14:05:25","slug":"cristao-que-e-cristao-luta-pela-vida-2","status":"publish","type":"post","link":"https:\/\/blog.cancaonova.com\/metanoia\/cristao-que-e-cristao-luta-pela-vida-2\/","title":{"rendered":"Crist\u00e3o que \u00e9 crist\u00e3o luta pela vida"},"content":{"rendered":"<p><a href=\"http:\/\/blog.cancaonova.com\/metanoia\/files\/2012\/02\/images.jpg\"><img loading=\"lazy\" decoding=\"async\" class=\"alignleft size-full wp-image-1696\" src=\"http:\/\/blog.cancaonova.com\/metanoia\/files\/2012\/02\/images.jpg\" alt=\"diga nao ao aborto, Sim a vida\" width=\"116\" height=\"95\" \/><\/a>Tratando sobre o aborto, <a href=\"http:\/\/twitter.com\/perogerluis\" target=\"_blank\">padre Roger<\/a> cita em sua homilia na missa do <a href=\"http:\/\/clube.cancaonova.com\/\" target=\"_blank\">Clube da Evangeliza\u00e7\u00e3o<\/a> desta<strong> quarta-feira, 8 fevereiro<\/strong> a frase de Martin Luther King: <em>&#8220;Eu n\u00e3o temo o barulho dos maus, eu temo o sil\u00eancio dos bons&#8221;.<\/em><\/p>\n<p>Padre Roger enfatiza que a Igreja anseia por crist\u00e3o profeticos. Crist\u00e3os capazes de denunciar as obras das trevas. <em>&#8220;O crist\u00e3o n\u00e3o pode se calar diante de uma sociedade que \u00e9 favor do aborto. Somos a favor da vida&#8221;.<br \/>\n<a target=\"_blank\" href=\"http:\/\/feedburner.google.com\/fb\/a\/mailverify?uri=metanoiacn\">Cadastre-se gr\u00e1tis e receba todas as novidades do blog por e-mail<\/a><\/p>\n<p><!--more Continue lendo--><\/em><\/p>\n<p><em> <\/em><\/p>\n<p><em>&#8220;Viver pra n\u00f3s deve ser cristo, n\u00e3o h\u00e1 outra op\u00e7\u00e3o quando se \u00e9 crist\u00e3o n\u00e3o se para de lutar para triunfar sobre o mal&#8221;<\/em><em>.<\/em> disse o sacerdote.<\/p>\n<p><strong>Assista na integra a hom\u00edlia.<\/strong><\/p>\n<ol> <object classid=\"d27cdb6e-ae6d-11cf-96b8-444553540000\" width=\"490\" height=\"303\"><param name=\"data\" value=\"http:\/\/www.webtvcn.com\/player\/v\/11742084\" \/><param name=\"allowScriptAccess\" value=\"aways\" \/><param name=\"wmode\" value=\"window\" \/><param name=\"loop\" value=\"false\" \/><param name=\"menu\" value=\"true\" \/><param name=\"allowFullScreen\" value=\"true\" \/><param name=\"src\" value=\"http:\/\/www.webtvcn.com\/player\/v\/11742084\" \/><param name=\"allowfullscreen\" value=\"true\" \/><embed type=\"application\/x-shockwave-flash\" width=\"490\" height=\"303\" src=\"http:\/\/www.webtvcn.com\/player\/v\/11742084\" allowfullscreen=\"true\" allowscriptaccess=\"aways\"><\/embed><\/object><\/ol>\n<p>Fazendo mem\u00f3ria da primeira <a href=\"http:\/\/noticias.cancaonova.com\/noticia.php?id=234311\" target=\"_blank\">visita do Papa Bento XVI no Brasil<\/a>, padre Roger cita um trecho do documento de Aparecida:<\/p>\n<p><em>&#8220;Assistimos hoje a <strong>novos desafios que nos pedem ser voz dos que n\u00e3o t\u00eam voz<\/strong>. A crian\u00e7a que est\u00e1 crescendo no seio materno e as pessoas que se encontram no ocaso de suas vidas, s\u00e3o exig\u00eancia de vida digna que grita ao c\u00e9u e que n\u00e3o pode dei-xar de nos estremecer. A liberaliza\u00e7\u00e3o e banaliza\u00e7\u00e3o das pr\u00e1ticas abortivas s\u00e3o crimes abomin\u00e1veis, como tamb\u00e9m a eutan\u00e1sia, a manipula\u00e7\u00e3o gen\u00e9tica e embrion\u00e1ria, ensaios m\u00e9dicos contr\u00e1rios \u00e0 \u00e9tica, pena de morte e tantas outras maneiras de atentar contra a dignidade e a vida do ser humano.&#8221;<\/em> <a href=\"http:\/\/www.edicoescnbb.com.br\/site\/files\/downloads\/documento_de_aparecida.pdf\" target=\"_blank\">DA 467. ( Documento de aparecida)<\/a><\/p>\n<p><strong>Compartilhe na rede:<\/strong><a class=\"twitter-share-button\" href=\"https:\/\/twitter.com\/share\">Tweetar<\/a><br \/>\n\/\/<\/p>\n","protected":false},"excerpt":{"rendered":"<p>Tratando sobre o aborto, padre Roger cita em sua homilia na missa do Clube da Evangeliza\u00e7\u00e3o desta quarta-feira, 8 fevereiro a frase de Martin Luther King: &#8220;Eu n\u00e3o temo o barulho dos maus, eu temo o sil\u00eancio dos bons&#8221;. Padre&#8230;<\/p>\n","protected":false},"author":4719,"featured_media":0,"comment_status":"open","ping_status":"open","sticky":false,"template":"","format":"standard","meta":{"_mi_skip_tracking":false,"_monsterinsights_sitenote_active":false,"_monsterinsights_sitenote_note":"","_monsterinsights_sitenote_category":0,"footnotes":""},"categories":[2621],"tags":[49,9701,29115,50585],"_links":{"self":[{"href":"https:\/\/blog.cancaonova.com\/metanoia\/wp-json\/wp\/v2\/posts\/1691"}],"collection":[{"href":"https:\/\/blog.cancaonova.com\/metanoia\/wp-json\/wp\/v2\/posts"}],"about":[{"href":"https:\/\/blog.cancaonova.com\/metanoia\/wp-json\/wp\/v2\/types\/post"}],"author":[{"embeddable":true,"href":"https:\/\/blog.cancaonova.com\/metanoia\/wp-json\/wp\/v2\/users\/4719"}],"replies":[{"embeddable":true,"href":"https:\/\/blog.cancaonova.com\/metanoia\/wp-json\/wp\/v2\/comments?post=1691"}],"version-history":[{"count":12,"href":"https:\/\/blog.cancaonova.com\/metanoia\/wp-json\/wp\/v2\/posts\/1691\/revisions"}],"predecessor-version":[{"id":1709,"href":"https:\/\/blog.cancaonova.com\/metanoia\/wp-json\/wp\/v2\/posts\/1691\/revisions\/1709"}],"wp:attachment":[{"href":"https:\/\/blog.cancaonova.com\/metanoia\/wp-json\/wp\/v2\/media?parent=1691"}],"wp:term":[{"taxonomy":"category","embeddable":true,"href":"https:\/\/blog.cancaonova.com\/metanoia\/wp-json\/wp\/v2\/categories?post=1691"},{"taxonomy":"post_tag","embeddable":true,"href":"https:\/\/blog.cancaonova.com\/metanoia\/wp-json\/wp\/v2\/tags?post=1691"}],"curies":[{"name":"wp","href":"https:\/\/api.w.org\/{rel}","templated":true}]}}