{"id":2166,"date":"2012-08-18T22:36:49","date_gmt":"2012-08-18T22:36:49","guid":{"rendered":"http:\/\/blog.cancaonova.com\/metanoia\/?p=2166"},"modified":"2012-08-23T21:05:21","modified_gmt":"2012-08-23T21:05:21","slug":"grupo-de-amigos-cancao-nova","status":"publish","type":"post","link":"https:\/\/blog.cancaonova.com\/metanoia\/grupo-de-amigos-cancao-nova\/","title":{"rendered":"Grupo de Amigos Can\u00e7\u00e3o Nova"},"content":{"rendered":"<p>Aconteceu em Cachoeira Paulista, SP, sede da Comunidade Can\u00e7\u00e3o Nova nos dias 17,18 e 19 de agosto o 2\u00ba <a href=\"http:\/\/blog.cancaonova.com\/amigosbelem\/grupo-de-amigos\/\" target=\"_blank\">Encontro de Amigos Can\u00e7\u00e3o Nova.<\/a> Esteve presentes mais de 12 estados; Bauru\/SP, Bel\u00e9m\/PA, Florian\u00f3polis\/SC, Londrina\/PR, Manaus\/AM, Nova   Esperan\u00e7a\/PR, Curitiba\/PR, Pindamonhangaba\/SP, Salvador\/BA, Vacaria\/RS e Vit\u00f3ria\/ES entre outros.<\/p>\n<p>O Encontro tem o objetivo de organizar e formar aqueles que ajudam diretamente a Can\u00e7\u00e3o Nova na sua miss\u00e3o de evangelizar.<\/p>\n<p>Na sexta-feira, 17, o evento teve inicio \u00e1s 19h30 com a Santa Missa presidida pelo <a href=\"https:\/\/twitter.com\/pearloncn\" target=\"_blank\">padre Arlon Cristian.<\/a><strong> Ou\u00e7a hom\u00edlia na integra:<\/strong><br \/>\n<object id=\"PodPlayerCN\" classid=\"d27cdb6e-ae6d-11cf-96b8-444553540000\" width=\"303\" height=\"54\"><param name=\"flashVars\" value=\"podcast=4951\" \/><param name=\"allowScriptAccess\" value=\"always\" \/><param name=\"src\" value=\"http:\/\/podcast.cancaonova.com\/cn_player.swf?28\" \/><param name=\"name\" value=\"PodPlayerCN\" \/><param name=\"flashvars\" value=\"podcast=4951\" \/><embed id=\"PodPlayerCN\" type=\"application\/x-shockwave-flash\" width=\"303\" height=\"54\" src=\"http:\/\/podcast.cancaonova.com\/cn_player.swf?28\" name=\"PodPlayerCN\" allowscriptaccess=\"always\" flashvars=\"podcast=4951\"><\/embed><\/object><\/p>\n<p><!--more continue lendo--><\/p>\n<p style=\"text-align: center\"><a href=\"http:\/\/feedburner.google.com\/fb\/a\/mailverify?uri=metanoiacn\" target=\"_blank\">Cadastre-se gr\u00e1tis e receba todas as novidades do blog por e-mail<\/a><\/p>\n<p style=\"text-align: left\">Tamb\u00e9m tive a oportunidade de entrevistar a secret\u00e1ria geral da Comunidade<br \/>\nCan\u00e7\u00e3o, Vera L\u00facia Reis, conhecida por n\u00f3s como \u201cVerinha\u201d e perguntei a ela:qual import\u00e2ncia deste encontro para a o carisma e a miss\u00e3o da Can\u00e7\u00e3o Nova. <strong>Ou\u00e7a aqui<\/strong><br \/>\n<object id=\"PodPlayerCN\" classid=\"d27cdb6e-ae6d-11cf-96b8-444553540000\" width=\"303\" height=\"54\"><param name=\"flashVars\" value=\"podcast=4949\" \/><param name=\"allowScriptAccess\" value=\"always\" \/><param name=\"src\" value=\"http:\/\/podcast.cancaonova.com\/cn_player.swf?2744\" \/><param name=\"name\" value=\"PodPlayerCN\" \/><param name=\"flashvars\" value=\"podcast=4949\" \/><embed id=\"PodPlayerCN\" type=\"application\/x-shockwave-flash\" width=\"303\" height=\"54\" src=\"http:\/\/podcast.cancaonova.com\/cn_player.swf?2744\" name=\"PodPlayerCN\" allowscriptaccess=\"always\" flashvars=\"podcast=4949\"><\/embed><\/object><\/p>\n<p style=\"text-align: left\">Entre uma atividade e outra pude acompanhar alguns momentos do encontro e participar da Santa Missa. No s\u00e1bado 18 \u00e1s 11h, <a title=\"Twitter do padre Wagner\" href=\"https:\/\/twitter.com\/padre_wagnerfcn\">padre Wagner Ferreira,<\/a> formador geral da comunidade, presidiu a Santa Missa; em sua homilia padre Wagner enfatizou o valor da <a title=\"Semana Nacional da Fam\u00edlia\" href=\"http:\/\/noticias.cancaonova.com\/noticia.php?id=287126\" target=\"_blank\">fam\u00edlia<\/a>, convidando os participantes a lutar com todas as for\u00e7as pra defender a fam\u00edlia.<\/p>\n<p style=\"text-align: left\"><em><strong>&#8221; A primeira institui\u00e7\u00e3o criada, querida por Deus \u00e9 a fam\u00edlia. A <a title=\"Fam\u00edlia: projeto original de Deus\" href=\"http:\/\/blog.cancaonova.com\/metanoia\/2012\/05\/08\/familia-projeto-original-de-deus\/\" target=\"_blank\">fam\u00edlia<\/a> \u00e9 a c\u00e9lula fundamental para a vida da sociedade&#8221;<\/strong><\/em> destacou. <em>Voc\u00eas que fazem parte dos grupos de amigos Can\u00e7\u00e3o Nova, n\u00e3o foram chamados por Deus atoa&#8230;foram chamados e escolhidos por Deus para aproximarem do carisma Can\u00e7\u00e3o Nova para que aprendam ainda mais ser fam\u00edlia.<\/em><\/p>\n<p style=\"text-align: left\"><strong>Ou\u00e7a hom\u00edlia na intrega.<\/strong><\/p>\n<p style=\"text-align: left\"><object id=\"PodPlayerCN\" classid=\"d27cdb6e-ae6d-11cf-96b8-444553540000\" width=\"303\" height=\"54\"><param name=\"flashVars\" value=\"podcast=4960\" \/><param name=\"allowScriptAccess\" value=\"always\" \/><param name=\"src\" value=\"http:\/\/podcast.cancaonova.com\/cn_player.swf?1010\" \/><param name=\"name\" value=\"PodPlayerCN\" \/><param name=\"flashvars\" value=\"podcast=4960\" \/><embed id=\"PodPlayerCN\" type=\"application\/x-shockwave-flash\" width=\"303\" height=\"54\" src=\"http:\/\/podcast.cancaonova.com\/cn_player.swf?1010\" name=\"PodPlayerCN\" allowscriptaccess=\"always\" flashvars=\"podcast=4960\"><\/embed><\/object><br \/>\nVoc\u00ea que deseja saber mais sobre o Grupo de Amigos Can\u00e7\u00e3o Nova mande um email: <strong>amigos@cancaonova.com<\/strong><\/p>\n<p style=\"text-align: left\">Ser Can\u00e7\u00e3o Nova \u00e9 bom de mais!<\/p>\n<p style=\"text-align: left\"><a title=\"Pagina do facebook\" href=\"http:\/\/fb.com\/dalphn\" target=\"_blank\">Adailton Batista<\/a>, mission\u00e1rio\u00a0 Can\u00e7\u00e3o Nova<\/p>\n<p style=\"text-align: left\">VEJA TAMB\u00c9M<\/p>\n<p style=\"text-align: left\"><strong><a title=\"V\u00eddeo no youtube\" href=\"http:\/\/youtu.be\/6_tf0aZVQvI\" target=\"_blank\">1\u00aa Primeiro encontro de amigos Can\u00e7\u00e3o Nova 2011<\/a><\/strong><\/p>\n<p style=\"text-align: left\"><a href=\"http:\/\/blog.cancaonova.com\/metanoia\/carisma-cancao-nova\/\" target=\"_blank\"><strong>A Can\u00e7\u00e3o Nova \u00e9 uma comunidade, criada por Deus, para a forma\u00e7\u00e3o  de homens novos para um mundo novo com base no Evangelho.<\/strong><\/a><\/p>\n","protected":false},"excerpt":{"rendered":"<p>Aconteceu em Cachoeira Paulista, SP, sede da Comunidade Can\u00e7\u00e3o Nova nos dias 17,18 e 19 de agosto o 2\u00ba Encontro de Amigos Can\u00e7\u00e3o Nova. Esteve presentes mais de 12 estados; Bauru\/SP, Bel\u00e9m\/PA, Florian\u00f3polis\/SC, Londrina\/PR, Manaus\/AM, Nova Esperan\u00e7a\/PR, Curitiba\/PR, Pindamonhangaba\/SP, Salvador\/BA,&#8230;<\/p>\n","protected":false},"author":4719,"featured_media":0,"comment_status":"open","ping_status":"open","sticky":false,"template":"","format":"standard","meta":{"_mi_skip_tracking":false,"_monsterinsights_sitenote_active":false,"_monsterinsights_sitenote_note":"","_monsterinsights_sitenote_category":0,"footnotes":""},"categories":[19],"tags":[211,115365,5011,18360,9291],"_links":{"self":[{"href":"https:\/\/blog.cancaonova.com\/metanoia\/wp-json\/wp\/v2\/posts\/2166"}],"collection":[{"href":"https:\/\/blog.cancaonova.com\/metanoia\/wp-json\/wp\/v2\/posts"}],"about":[{"href":"https:\/\/blog.cancaonova.com\/metanoia\/wp-json\/wp\/v2\/types\/post"}],"author":[{"embeddable":true,"href":"https:\/\/blog.cancaonova.com\/metanoia\/wp-json\/wp\/v2\/users\/4719"}],"replies":[{"embeddable":true,"href":"https:\/\/blog.cancaonova.com\/metanoia\/wp-json\/wp\/v2\/comments?post=2166"}],"version-history":[{"count":14,"href":"https:\/\/blog.cancaonova.com\/metanoia\/wp-json\/wp\/v2\/posts\/2166\/revisions"}],"predecessor-version":[{"id":2173,"href":"https:\/\/blog.cancaonova.com\/metanoia\/wp-json\/wp\/v2\/posts\/2166\/revisions\/2173"}],"wp:attachment":[{"href":"https:\/\/blog.cancaonova.com\/metanoia\/wp-json\/wp\/v2\/media?parent=2166"}],"wp:term":[{"taxonomy":"category","embeddable":true,"href":"https:\/\/blog.cancaonova.com\/metanoia\/wp-json\/wp\/v2\/categories?post=2166"},{"taxonomy":"post_tag","embeddable":true,"href":"https:\/\/blog.cancaonova.com\/metanoia\/wp-json\/wp\/v2\/tags?post=2166"}],"curies":[{"name":"wp","href":"https:\/\/api.w.org\/{rel}","templated":true}]}}