{"id":2334,"date":"2012-10-26T09:32:00","date_gmt":"2012-10-26T09:32:00","guid":{"rendered":"http:\/\/blog.cancaonova.com\/metanoia\/?p=2334"},"modified":"2013-08-07T17:37:29","modified_gmt":"2013-08-07T20:37:29","slug":"a-graca-dos-carismas","status":"publish","type":"post","link":"https:\/\/blog.cancaonova.com\/metanoia\/a-graca-dos-carismas\/","title":{"rendered":"A gra\u00e7a dos carismas"},"content":{"rendered":"<p><strong>Carismas a servi\u00e7o das Igreja<\/strong><\/p>\n<blockquote>\n<h2><em>Os movimentos e novas comunidades s\u00e3o como irrup\u00e7\u00f5es do Esp\u00edrito Santo na Igreja e na sociedade contempor\u00e2ne<\/em>a.<\/h2>\n<\/blockquote>\n<p>O nosso memor\u00e1vel e querido Beato Papa  Paulo II, na\u00a0 Vig\u00edlia de Pentecostes de 1998, chamou os Movimentos Eclesiais e as Novas Comunidades de \u201cprovidencial resposta do Esp\u00edrito\u201d. Isso porque, atrav\u00e9s das Novas Comunidadese e Movimentos Eclesiais, leigos que se consagram a Deus a partir de um carisma e, sob o dom e a radicalidade desse carisma, vivem o seu Batismo de forma aut\u00eantica num mundo dilacerado pelo secularismo, e em tantas outras realidades do mundo;  a ditadura do relativismo&#8217; com tem dito Bento XVI nestes tempos.<!--more Continue lendo--><\/p>\n<p style=\"text-align: center\"><strong><strong><\/strong><\/strong><strong><strong><strong><a title=\"Clique aqui para votar\" href=\"http:\/\/goo.gl\/lzWr0\" target=\"_blank\"><strong>Vote no blog Metanoia para o pr\u00eamio topblog 2012<\/strong><\/a><\/strong><\/strong><\/strong><\/p>\n<p>As Novas Comunidades come\u00e7aram a surgir na d\u00e9cada de 1970 na Fran\u00e7a e nos EUA, tornando-se um fen\u00f4meno mundial. No Brasil, as primeiras Comunidades Novas surgem na d\u00e9cada de 80 \u2013 creio eu, que a Can\u00e7\u00e3o Nova foi a primeira &#8211; e, na d\u00e9cada de 90, v\u00ea-se o surgimento de in\u00fameras Novas Comunidades que hoje no Brasil superam o n\u00famero de 500.<\/p>\n<p style=\"text-align: center\"><strong><\/strong><strong><a href=\"http:\/\/feedburner.google.com\/fb\/a\/mailverify?uri=metanoiacn\" target=\"_blank\">Cadastre-se gr\u00e1tis e receba todas as novidades do blog por e-mail<\/a><\/strong><\/p>\n<h3><strong>PALAVRA DA IGREJA<\/strong><\/h3>\n<p><em>\u201cO que vemos no Novo Testamento sobre os carismas, que surgiram como sinais vis\u00edveis da vinda do Esp\u00edrito Santo, n\u00e3o \u00e9 um acontecimento do passado, mas uma realidade sempre viva: o pr\u00f3prio Esp\u00edrito, alma da Igreja, atua nela em toda \u00e9poca, e suas interven\u00e7\u00f5es, misteriosas e eficazes, se manifestam em nosso tempo de maneira providencial. Os movimentos e novas comunidades s\u00e3o como irrup\u00e7\u00f5es do Esp\u00edrito Santo na Igreja e na sociedade contempor\u00e2ne<\/em>a\u201d<strong> <\/strong><a title=\"Leia documento na integra\" href=\"http:\/\/noticias.cancaonova.com\/noticia.php?id=271514\" target=\"_blank\"><strong> Bento XVI &#8211; 02 de novembro de 2008. <\/strong><\/a><\/p>\n<p><em>\u201cMovimentos e novas Comunidades, express\u00f5es providenciais da nova primavera suscitada pelo Esp\u00edrito com o Conc\u00edlio Vaticano II, constituem um an\u00fancio do poder do amor de Deus que, superando divis\u00f5es e barreiras de todo o g\u00e9nero, renova a face da terra, para construir nela a civiliza\u00e7\u00e3o do amor.<strong>\u201d<\/strong><\/em><strong> <a title=\"Leia documento na integra\" href=\"http:\/\/www.vatican.va\/holy_father\/john_paul_ii\/homilies\/1998\/documents\/hf_jp-ii_hom_31051998_po.html\" target=\"_blank\">Jo\u00e3o Paulo II &#8211; 31 de Maio de 1998. <\/a><\/strong><\/p>\n<p><em>\u201cOs movimentos eclesiais e as novas comunidades s\u00e3o hoje sinal luminoso da beleza de Cristo e da Igreja, sua Esposa. V\u00f3s pertenceis \u00e0 estrutura viva da Igreja. [&#8230;] Caros amigos, vos pe\u00e7o que sejais ainda mais, muito mais, colaboradores no minist\u00e9rio apost\u00f3lico universal do Papa, abrindo as portas a Cristo\u201d.<\/em> <strong>Papa Bento XVI<\/strong><\/p>\n<p><em>\u201cOs novos movimentos e comunidades s\u00e3o um dom do Esp\u00edrito Santo para a Igreja. Neles, os fi\u00e9is encontram a possibilidade de se formar na f\u00e9 crist\u00e3, crescer e se comprometer apostolicamente at\u00e9 ser verdadeiros disc\u00edpulos mission\u00e1rios.\u201d <\/em><strong> D.A \u2013 Documento de Aparecida n.\u00ba 311 <\/strong><\/p>\n<p>Leia tamb\u00e9m:<\/p>\n<h2><a href=\"http:\/\/www.cancaonova.com\/portal\/canais\/formacao\/internas.php?e=11951\" target=\"_blank\">A import\u00e2ncia das Novas Comunidades na Igreja<\/a><\/h2>\n<p><strong>Eu indico os livros<\/strong>: &#8220;AS NOVAS COMUNIDADES NO CONTEXTO SOCIOCULTURAL CONTEMPOR\u00c2NEO&#8221;\u00a0 e\u00a0 &#8220;A FORMA\u00c7\u00c3O DA CONSCI\u00caNCIA MORAL NAS NOVAS COMUNIDADES&#8221; do <a href=\"https:\/\/twitter.com\/padre_wagnerfcn\" target=\"_blank\">Padre Wagner Ferreira<\/a><\/p>\n<p><a href=\"http:\/\/goo.gl\/b1xvV\"><img loading=\"lazy\" decoding=\"async\" class=\"alignnone size-thumbnail wp-image-2336\" src=\"http:\/\/blog.cancaonova.com\/metanoia\/files\/2012\/10\/01.01649-150x150.jpg\" alt=\"\" width=\"150\" height=\"150\" srcset=\"https:\/\/blog.cancaonova.com\/metanoia\/files\/2012\/10\/01.01649-150x150.jpg 150w, https:\/\/blog.cancaonova.com\/metanoia\/files\/2012\/10\/01.01649-300x300.jpg 300w, https:\/\/blog.cancaonova.com\/metanoia\/files\/2012\/10\/01.01649-144x144.jpg 144w, https:\/\/blog.cancaonova.com\/metanoia\/files\/2012\/10\/01.01649-900x900.jpg 900w, https:\/\/blog.cancaonova.com\/metanoia\/files\/2012\/10\/01.01649.jpg 1200w\" sizes=\"(max-width: 150px) 100vw, 150px\" \/><\/a><a href=\"http:\/\/goo.gl\/WWPLX\"><img loading=\"lazy\" decoding=\"async\" class=\"alignnone size-thumbnail wp-image-2337\" src=\"http:\/\/blog.cancaonova.com\/metanoia\/files\/2012\/10\/01.01650-150x150.jpg\" alt=\"\" width=\"150\" height=\"150\" srcset=\"https:\/\/blog.cancaonova.com\/metanoia\/files\/2012\/10\/01.01650-150x150.jpg 150w, https:\/\/blog.cancaonova.com\/metanoia\/files\/2012\/10\/01.01650-300x300.jpg 300w, https:\/\/blog.cancaonova.com\/metanoia\/files\/2012\/10\/01.01650-1024x1024.jpg 1024w, https:\/\/blog.cancaonova.com\/metanoia\/files\/2012\/10\/01.01650.jpg 1200w\" sizes=\"(max-width: 150px) 100vw, 150px\" \/><\/a><\/p>\n","protected":false},"excerpt":{"rendered":"<p>Carismas a servi\u00e7o das Igreja Os movimentos e novas comunidades s\u00e3o como irrup\u00e7\u00f5es do Esp\u00edrito Santo na Igreja e na sociedade contempor\u00e2nea. O nosso memor\u00e1vel e querido Beato Papa Paulo II, na\u00a0 Vig\u00edlia de Pentecostes de 1998, chamou os Movimentos&#8230;<\/p>\n","protected":false},"author":4719,"featured_media":0,"comment_status":"open","ping_status":"open","sticky":false,"template":"","format":"standard","meta":{"_mi_skip_tracking":false,"_monsterinsights_sitenote_active":false,"_monsterinsights_sitenote_note":"","_monsterinsights_sitenote_category":0,"footnotes":""},"categories":[19,23],"tags":[9701,16401,5721,32,7941,7161,133115,2231],"_links":{"self":[{"href":"https:\/\/blog.cancaonova.com\/metanoia\/wp-json\/wp\/v2\/posts\/2334"}],"collection":[{"href":"https:\/\/blog.cancaonova.com\/metanoia\/wp-json\/wp\/v2\/posts"}],"about":[{"href":"https:\/\/blog.cancaonova.com\/metanoia\/wp-json\/wp\/v2\/types\/post"}],"author":[{"embeddable":true,"href":"https:\/\/blog.cancaonova.com\/metanoia\/wp-json\/wp\/v2\/users\/4719"}],"replies":[{"embeddable":true,"href":"https:\/\/blog.cancaonova.com\/metanoia\/wp-json\/wp\/v2\/comments?post=2334"}],"version-history":[{"count":22,"href":"https:\/\/blog.cancaonova.com\/metanoia\/wp-json\/wp\/v2\/posts\/2334\/revisions"}],"predecessor-version":[{"id":2351,"href":"https:\/\/blog.cancaonova.com\/metanoia\/wp-json\/wp\/v2\/posts\/2334\/revisions\/2351"}],"wp:attachment":[{"href":"https:\/\/blog.cancaonova.com\/metanoia\/wp-json\/wp\/v2\/media?parent=2334"}],"wp:term":[{"taxonomy":"category","embeddable":true,"href":"https:\/\/blog.cancaonova.com\/metanoia\/wp-json\/wp\/v2\/categories?post=2334"},{"taxonomy":"post_tag","embeddable":true,"href":"https:\/\/blog.cancaonova.com\/metanoia\/wp-json\/wp\/v2\/tags?post=2334"}],"curies":[{"name":"wp","href":"https:\/\/api.w.org\/{rel}","templated":true}]}}