{"id":2769,"date":"2013-06-04T17:20:18","date_gmt":"2013-06-04T17:20:18","guid":{"rendered":"http:\/\/blog.cancaonova.com\/metanoia\/?p=2769"},"modified":"2013-06-04T19:40:14","modified_gmt":"2013-06-04T19:40:14","slug":"jornada-mundial-da-juventude-rio-2013","status":"publish","type":"post","link":"https:\/\/blog.cancaonova.com\/metanoia\/jornada-mundial-da-juventude-rio-2013\/","title":{"rendered":"Jornada Mundial da Juventude Rio 2013"},"content":{"rendered":"<p><strong>Cat\u00f3licos de todo mundo se reunir\u00e3o no rio de Janeiro para Jornada Mundial da Juventude<\/strong><\/p>\n<p>A <a title=\"temas relacionados\" href=\"http:\/\/blog.cancaonova.com\/metanoia?s=Jornada+Mundial+da+Juventude\" target=\"_blank\">Jornada Mundial da Juventude<\/a> (JMJ) \u00e9 um evento internacional, organizado pela Igreja Cat\u00f3lica, que re\u00fane jovens de todo o Mundo, Cat\u00f3licos e de outras religi\u00f5es.<\/p>\n<p><em>&#8220;Ide e fazei disc\u00edpulos entre todas as na\u00e7\u00f5es&#8221; MT 28,19<\/em> \u00e9 o tema da Jornada que acontece de 23 a 28 de julho no Rio de Janeiro.<\/p>\n<p>No Brasil \u00e9 a primeira vez que o evento acontece. Todas as informa\u00e7\u00f5es como: inscri\u00e7\u00f5es, hospedagens, programa\u00e7\u00e3o, agenda do <a href=\"http:\/\/blog.cancaonova.com\/metanoia?s=papa\" target=\"_blank\">Papa<\/a> Francisco pode ser encontradas no site oficial do evento <a href=\"http:\/\/www.rio2013.com\/\">http:\/\/www.rio2013.com<\/a>.<\/p>\n<p><strong>Cobertura Can\u00e7\u00e3o Nova<\/strong><\/p>\n<p>Segundo o diretor art\u00edstico da TV Can\u00e7\u00e3o Nova, Gilberto Maia, todo o Sistema Can\u00e7\u00e3o Nova de Comunica\u00e7\u00e3o estar\u00e1 engajado na cobertura da JMJ. Ser\u00e3o cerca de 200 pessoas entre colaboradores da Funda\u00e7\u00e3o Jo\u00e3o Paulo II e<a title=\"temas relacionados\" href=\"http:\/\/blog.cancaonova.com\/metanoia?s=+mission%C3%A1rios\" target=\"_blank\"> mission\u00e1rios<\/a> Can\u00e7\u00e3o Nova, atuando na TV, R\u00e1dio, internet, equipe vocacional, nos shows e etc.<\/p>\n<div id=\"attachment_2773\" style=\"width: 310px\" class=\"wp-caption alignright\"><img loading=\"lazy\" decoding=\"async\" aria-describedby=\"caption-attachment-2773\" class=\"size-full wp-image-2773\" src=\"http:\/\/blog.cancaonova.com\/metanoia\/files\/2013\/06\/tamujuntojmj.jpg\" alt=\"jornada mundial da juventude, tamujunto na jmj\" width=\"300\" height=\"200\" \/><p id=\"caption-attachment-2773\" class=\"wp-caption-text\">imagem ilustrativa\/cancaonova.com<\/p><\/div>\n<p>Para a cobertura da JMJ a Can\u00e7\u00e3o Nova criou a mobiliza\u00e7\u00e3o com projeto #tamujuntojmj e um site exclusivo &#8211; tamujuntojmj.cancaonova.com &#8211; para cobertura on-line; este se concentrar\u00e1 todas as informa\u00e7\u00f5es como: v\u00eddeo, podcast, os discursos e catequeses do Santo Padre.<\/p>\n<p><strong>Breve hist\u00f3rico<\/strong><\/p>\n<p>A primeira JMJ foi diocesana, em Roma, no ano de 1986. Seguiram-se os encontros mundiais: em Buenos Aires (Argentina \u2013 1987) &#8211; com a participa\u00e7\u00e3o de 1 milh\u00e3o de jovens; em Santiago de Compostela (Espanha \u2013 1989) &#8211; 600 mil; em Czestochowa (Pol\u00f4nia \u2013 1991) &#8211; 1,5 milh\u00e3o; em Denver (Estados Unidos \u2013 1993) &#8211; 500 mil; em Manila (Filipinas \u2013 1995) \u2013 4 milh\u00f5es; em Paris (Fran\u00e7a -1997) \u2013 1 milh\u00e3o; em Roma (It\u00e1lia \u2013 2000) \u2013 2 milh\u00f5es, em Toronto (Canad\u00e1 \u2013 2002) \u2013 800 mil; em Col\u00f4nia (Alemanha \u2013 2005) \u2013 1 milh\u00e3o; em Sidney (Austr\u00e1lia \u2013 2008) \u2013 500 mil; e em Madri (Espanha \u2013 2011) \u2013 2 milh\u00f5es.<\/p>\n","protected":false},"excerpt":{"rendered":"<p>Cat\u00f3licos de todo mundo se reunir\u00e3o no rio de Janeiro para Jornada Mundial da Juventude A Jornada Mundial da Juventude (JMJ) \u00e9 um evento internacional, organizado pela Igreja Cat\u00f3lica, que re\u00fane jovens de todo o Mundo, Cat\u00f3licos e de outras&#8230;<\/p>\n","protected":false},"author":4719,"featured_media":0,"comment_status":"open","ping_status":"open","sticky":false,"template":"","format":"standard","meta":{"_mi_skip_tracking":false,"_monsterinsights_sitenote_active":false,"_monsterinsights_sitenote_note":"","_monsterinsights_sitenote_category":0,"footnotes":""},"categories":[19],"tags":[14641,14861,3641],"_links":{"self":[{"href":"https:\/\/blog.cancaonova.com\/metanoia\/wp-json\/wp\/v2\/posts\/2769"}],"collection":[{"href":"https:\/\/blog.cancaonova.com\/metanoia\/wp-json\/wp\/v2\/posts"}],"about":[{"href":"https:\/\/blog.cancaonova.com\/metanoia\/wp-json\/wp\/v2\/types\/post"}],"author":[{"embeddable":true,"href":"https:\/\/blog.cancaonova.com\/metanoia\/wp-json\/wp\/v2\/users\/4719"}],"replies":[{"embeddable":true,"href":"https:\/\/blog.cancaonova.com\/metanoia\/wp-json\/wp\/v2\/comments?post=2769"}],"version-history":[{"count":10,"href":"https:\/\/blog.cancaonova.com\/metanoia\/wp-json\/wp\/v2\/posts\/2769\/revisions"}],"predecessor-version":[{"id":2777,"href":"https:\/\/blog.cancaonova.com\/metanoia\/wp-json\/wp\/v2\/posts\/2769\/revisions\/2777"}],"wp:attachment":[{"href":"https:\/\/blog.cancaonova.com\/metanoia\/wp-json\/wp\/v2\/media?parent=2769"}],"wp:term":[{"taxonomy":"category","embeddable":true,"href":"https:\/\/blog.cancaonova.com\/metanoia\/wp-json\/wp\/v2\/categories?post=2769"},{"taxonomy":"post_tag","embeddable":true,"href":"https:\/\/blog.cancaonova.com\/metanoia\/wp-json\/wp\/v2\/tags?post=2769"}],"curies":[{"name":"wp","href":"https:\/\/api.w.org\/{rel}","templated":true}]}}