{"id":4027,"date":"2014-04-01T10:12:28","date_gmt":"2014-04-01T13:12:28","guid":{"rendered":"http:\/\/blog.cancaonova.com\/metanoia\/?p=4027"},"modified":"2014-11-14T10:32:40","modified_gmt":"2014-11-14T12:32:40","slug":"50-anos-de-sacerdocio-de-monsenhor-jonas-abib","status":"publish","type":"post","link":"https:\/\/blog.cancaonova.com\/metanoia\/50-anos-de-sacerdocio-de-monsenhor-jonas-abib\/","title":{"rendered":"50 anos de Sacerd\u00f3cio de Monsenhor Jonas Abib"},"content":{"rendered":"<p><strong>Comunidade Can\u00e7\u00e3o Nova celebra em 2014 os 50 anos de sacerd\u00f3cio de monsenhor Jonas.<\/strong><\/p>\n<p style=\"text-align: left\"><em>Adailton Batista<\/em><\/p>\n<p><img loading=\"lazy\" decoding=\"async\" class=\"aligncenter size-full wp-image-4028\" src=\"http:\/\/blog.cancaonova.com\/metanoia\/files\/2014\/04\/50-anos-de-Sacerd\u00f3cio-de-Monsenhor-Jonas-Abib.jpg\" alt=\"50 anos de Sacerd\u00f3cio de Monsenhor Jonas Abib\" width=\"1024\" height=\"768\" srcset=\"https:\/\/blog.cancaonova.com\/metanoia\/files\/2014\/04\/50-anos-de-Sacerd\u00f3cio-de-Monsenhor-Jonas-Abib.jpg 1024w, https:\/\/blog.cancaonova.com\/metanoia\/files\/2014\/04\/50-anos-de-Sacerd\u00f3cio-de-Monsenhor-Jonas-Abib-300x225.jpg 300w, https:\/\/blog.cancaonova.com\/metanoia\/files\/2014\/04\/50-anos-de-Sacerd\u00f3cio-de-Monsenhor-Jonas-Abib-900x675.jpg 900w\" sizes=\"(max-width: 1024px) 100vw, 1024px\" \/><\/p>\n<p><strong>De menino simples a profeta de Deus!<\/strong><\/p>\n<p>Ainda crian\u00e7a, nosso amado monsenhor Jonas descobriu a voca\u00e7\u00e3o ao sacerd\u00f3cio, ingressando, no semin\u00e1rio, com apenas 13 anos de idade. No dia 8 de dezembro de 1964, seu sonho se realizou ao ser ordenado sacerdote.<!--more CONTINUE LENDO--><\/p>\n<p>N\u00e3o era simplesmente um sonho, mas um des\u00edgnio de Deus, um projeto de vida, que, aos poucos, foi sendo discernido e assumido por ele na concretiza\u00e7\u00e3o do seu lema sacerdotal: <a title=\"Acesse o site do fundador\" href=\"http:\/\/cancaonova.com\/portal\/canais\/pejonas\/pejonas_msg_dia.php\" target=\"_blank\">\u201cFeito tudo para todos\u201d<\/a>, que t\u00e3o bem retrata a vida e a miss\u00e3o desse servo de Deus.<\/p>\n<p style=\"text-align: center\"><object classid=\"clsid:d27cdb6e-ae6d-11cf-96b8-444553540000\" width=\"500\" height=\"90\" codebase=\"https:\/\/download.macromedia.com\/pub\/shockwave\/cabs\/flash\/swflash.cab#version=6,0,40,0\"><param name=\"data\" value=\"https:\/\/www.cancaonova.com\/portal\/capa\/superbanner\/b_588.swf\" \/><param name=\"quality\" value=\"high\" \/><param name=\"allowFullScreen\" value=\"true\" \/><param name=\"allowscriptaccess\" value=\"always\" \/><param name=\"src\" value=\"https:\/\/www.cancaonova.com\/portal\/capa\/superbanner\/b_588.swf\" \/><param name=\"allowfullscreen\" value=\"true\" \/><embed type=\"application\/x-shockwave-flash\" width=\"500\" height=\"90\" src=\"https:\/\/www.cancaonova.com\/portal\/capa\/superbanner\/b_588.swf\" allowscriptaccess=\"always\" allowfullscreen=\"true\" quality=\"high\" data=\"https:\/\/www.cancaonova.com\/portal\/capa\/superbanner\/b_588.swf\"><\/embed><\/object><\/p>\n<p>2014 \u00e9 um ano de j\u00fabilo e a\u00e7\u00e3o de gra\u00e7as em comemora\u00e7\u00e3o aos 50 anos de sacerd\u00f3cio do monsenhor Jonas. Por essa raz\u00e3o, a Comunidade Can\u00e7\u00e3o Nova e todo o Sistema Can\u00e7\u00e3o Nova de Comunica\u00e7\u00e3o se preparam para homenage\u00e1-lo. Ao longo do ano, eventos, programas e conte\u00fados da TVCN, da R\u00e1dio CN e do Portal Can\u00e7\u00e3o Nova ser\u00e3o preparados para homenagear o fundador dessa obra de Deus e fazer mem\u00f3ria desta hist\u00f3ria de confian\u00e7a no senhor, de f\u00e9 e santidade.<\/p>\n<p style=\"text-align: left\">Durante os shows do Acampamento de Carnaval 2014, na sede da comunidade, todos os m\u00fasicos e todas as bandas que se apresentaram prestaram uma homenagem ao padre Jonas com can\u00e7\u00f5es que fazem parte da hist\u00f3ria dele e da m\u00fasica cat\u00f3lica no pa\u00eds.<\/p>\n<p style=\"text-align: left\"><strong>TESTEMUNHOS<\/strong><\/p>\n<p>Incont\u00e1veis s\u00e3o os testemunhos e as experi\u00eancias de f\u00e9 narrados por mission\u00e1rios, colaboradores e amigos da Can\u00e7\u00e3o Nova, que foram tocados pelo exemplo de vida desse profeta da modernidade, modelo de santidade, humildade e confian\u00e7a nas promessas de Deus para todos n\u00f3s.<\/p>\n<p style=\"text-align: center\"><iframe loading=\"lazy\" src=\"\/\/player.vimeo.com\/video\/90642344?title=0&byline=0&portrait=0\" width=\"560\" height=\"373\" frameborder=\"0\" webkitallowfullscreen mozallowfullscreen allowfullscreen><\/iframe><\/p>\n<p>Alguns relataram o que representa o sacerd\u00f3cio do monsenhor Jonas Abib na vida deles:<\/p>\n<p><em>\u201cConfian\u00e7a e entrega a Deus, um \u2018sim\u2019 que mudou a minha vida e a vida de muitos\u201d<\/em>, afirma Lucas Abib, sobrinho do monsenhor Jonas e diretor de programas da TVCN.<\/p>\n<p><em>&#8220;\u00c9 uma refer\u00eancia na evangeliza\u00e7\u00e3o e sinal de esperan\u00e7a diante de tantos impasses do mundo. Ele mostra, com sua vida, que o batismo no Esp\u00edrito Santo \u00e9 a solu\u00e7\u00e3o&#8221;, <\/em>enfatiza Fernando Fantini, mission\u00e1rio CN em Curitiba (PR).<\/p>\n<p>\u201c<em>O sacerd\u00f3cio do monsenhor Jonas representa a gra\u00e7a do encontro com Deus<\/em>\u201d, recorda Isabel Guatura, mission\u00e1ria da Comunidade Can\u00e7\u00e3o Nova h\u00e1 32 anos.<\/p>\n<p><em>\u201cO monsenhor Jonas \u00e9 um exemplo de quem busca a vida de santidade. O sacerd\u00f3cio dele fecundou a minha voca\u00e7\u00e3o. Ele \u00e9 e sempre ser\u00e1 meu formador. Exemplo a ser seguido, um ideal de santidade\u201d<\/em>, afirma Eliana S\u00e1, apresentadora do \u201cTer\u00e7o da Miseric\u00f3rdia\u201d, exibido \u00e0s 15 horas pela TVCN.<\/p>\n<p><a href=\"http:\/\/cancaonova.com\/portal\/canais\/pejonas\/textos.php?id=24\"><span style=\"color: #0033cc\">Leia a biografia do fundador da Comunidade Can\u00e7\u00e3o Nova<\/span><\/a><\/p>\n<p style=\"text-align: left\">Neste clima de alegria e a\u00e7\u00e3o de gra\u00e7as, convidamos voc\u00ea, internauta, a prestar sua homenagem ao monsenhor Jonas, neste post, escrevendo <strong>coment\u00e1rios via facebook abaixo<\/strong>. Partilhe sua experi\u00eancia com as prega\u00e7\u00f5es, os livros, as m\u00fasicas e os escritos do padre. Reze por ele e para que cada vez mais pessoas tenham um encontro pessoal com Jesus por interm\u00e9dio da voca\u00e7\u00e3o e miss\u00e3o deste homem de Deus.<\/p>\n<p style=\"text-align: left\">\n","protected":false},"excerpt":{"rendered":"<p>Comunidade Can\u00e7\u00e3o Nova celebra em 2014 os 50 anos de sacerd\u00f3cio de monsenhor Jonas. Adailton Batista De menino simples a profeta de Deus! Ainda crian\u00e7a, nosso amado monsenhor Jonas descobriu a voca\u00e7\u00e3o ao sacerd\u00f3cio, ingressando, no semin\u00e1rio, com apenas 13&#8230;<\/p>\n","protected":false},"author":4719,"featured_media":0,"comment_status":"open","ping_status":"open","sticky":false,"template":"","format":"standard","meta":{"_mi_skip_tracking":false,"_monsterinsights_sitenote_active":false,"_monsterinsights_sitenote_note":"","_monsterinsights_sitenote_category":0,"footnotes":""},"categories":[23],"tags":[165348,8181,20264],"_links":{"self":[{"href":"https:\/\/blog.cancaonova.com\/metanoia\/wp-json\/wp\/v2\/posts\/4027"}],"collection":[{"href":"https:\/\/blog.cancaonova.com\/metanoia\/wp-json\/wp\/v2\/posts"}],"about":[{"href":"https:\/\/blog.cancaonova.com\/metanoia\/wp-json\/wp\/v2\/types\/post"}],"author":[{"embeddable":true,"href":"https:\/\/blog.cancaonova.com\/metanoia\/wp-json\/wp\/v2\/users\/4719"}],"replies":[{"embeddable":true,"href":"https:\/\/blog.cancaonova.com\/metanoia\/wp-json\/wp\/v2\/comments?post=4027"}],"version-history":[{"count":16,"href":"https:\/\/blog.cancaonova.com\/metanoia\/wp-json\/wp\/v2\/posts\/4027\/revisions"}],"predecessor-version":[{"id":5153,"href":"https:\/\/blog.cancaonova.com\/metanoia\/wp-json\/wp\/v2\/posts\/4027\/revisions\/5153"}],"wp:attachment":[{"href":"https:\/\/blog.cancaonova.com\/metanoia\/wp-json\/wp\/v2\/media?parent=4027"}],"wp:term":[{"taxonomy":"category","embeddable":true,"href":"https:\/\/blog.cancaonova.com\/metanoia\/wp-json\/wp\/v2\/categories?post=4027"},{"taxonomy":"post_tag","embeddable":true,"href":"https:\/\/blog.cancaonova.com\/metanoia\/wp-json\/wp\/v2\/tags?post=4027"}],"curies":[{"name":"wp","href":"https:\/\/api.w.org\/{rel}","templated":true}]}}