{"id":4101,"date":"2013-12-09T13:22:39","date_gmt":"2013-12-09T15:22:39","guid":{"rendered":"http:\/\/blog.cancaonova.com\/metanoia\/?p=4101"},"modified":"2014-04-27T14:47:57","modified_gmt":"2014-04-27T17:47:57","slug":"a-cruz-de-cristo-e-fonte-de-todas-as-bencaos-e-origem-de-todas-as-gracas","status":"publish","type":"post","link":"https:\/\/blog.cancaonova.com\/metanoia\/a-cruz-de-cristo-e-fonte-de-todas-as-bencaos-e-origem-de-todas-as-gracas\/","title":{"rendered":"A Cruz de Cristo \u00e9 fonte de todas as b\u00ean\u00e7\u00e3os e origem de todas as gra\u00e7as"},"content":{"rendered":"<p><b>Celebremos a gl\u00f3ria da cruz que resplandece sobre o c\u00e9u e a terra<\/b><\/p>\n<p><em>Dos Serm\u00f5es de S\u00e3o Le\u00e3o Magno, papa<\/em><\/p>\n<p>Com a intelig\u00eancia iluminada pelo Esp\u00edrito da Verdade e de cora\u00e7\u00e3o puro e livre, celebremos a gl\u00f3ria da cruz que resplandece sobre o c\u00e9u e a terra, e com o nosso olhar interior penetremos no sentido das palavras que disse o Senhor, ao falar da sua paix\u00e3o iminente: Chegou a hora de o Filho do homem ser glorificado; e a seguir: Agora a minha alma est\u00e1 perturbada. E que hei-de dizer? Pai, salva-Me desta hora? Mas para isto \u00e9 que Eu cheguei a esta hora. Pai, glorifica o teu Filho.<!--more Continue lendo--><\/p>\n<p>&nbsp;<\/p>\n<p>E tendo-se feito ouvir do c\u00e9u a voz do Pai, que dizia: Eu O glorifiquei e tornarei a glorificar, Jesus, dirigindo-Se aos presentes, disse: N\u00e3o foi por minha causa que esta voz se fez ouvir, mas por vossa causa. \u00c9 agora o julgamento deste mundo. \u00c9 agora que o Pr\u00edncipe deste mundo vai ser lan\u00e7ado fora. E Eu, quando for levantado da terra, atrairei tudo a Mim. [&#8230;]<\/p>\n<p>Esta \u00e9 a admir\u00e1vel miseric\u00f3rdia de Deus para conosco: Cristo n\u00e3o morreu pelos justos e santos, mas pelos pecadores e pelos \u00edmpios; e porque a natureza divina n\u00e3o estava sujeita ao supl\u00edcio da morte, Cristo, nascendo de n\u00f3s, tomou uma natureza que pudesse oferecer por n\u00f3s.<\/p>\n<p>J\u00e1 outrora Ele amea\u00e7ava a nossa morte com o poder da sua morte, ao dizer pela boca do profeta Os\u00e9ias: \u00d3 morte, eu serei a tua morte; \u00f3 inferno, eu serei a tua ru\u00edna. Com efeito, Cristo, ao morrer, submeteu-Se \u00e0 lei do sepulcro, mas destruiu-a pela sua ressurrei\u00e7\u00e3o; e<br \/>\nassim aboliu a perpetuidade da morte, convertendo-a de eterna em temporal: porque, do mesmo modo que em Ad\u00e3o todos morrem, assim tamb\u00e9m em Cristo todos ser\u00e3o restitu\u00eddos \u00e0 vida.<\/p>\n<p>Fonte: http:\/\/www.news.va\/pt\/spiritual_reflections\/<\/p>\n<p><a href=\"http:\/\/goo.gl\/yuQ1kL\" target=\"_blank\"><img loading=\"lazy\" decoding=\"async\" class=\"aligncenter size-full wp-image-4134\" alt=\"Leia outras reflex\u00f5es espirituais\" src=\"http:\/\/blog.cancaonova.com\/metanoia\/files\/2014\/04\/Leia-outras-reflex\u00f5es-espirituais.jpg\" width=\"550\" height=\"70\" srcset=\"https:\/\/blog.cancaonova.com\/metanoia\/files\/2014\/04\/Leia-outras-reflex\u00f5es-espirituais.jpg 550w, https:\/\/blog.cancaonova.com\/metanoia\/files\/2014\/04\/Leia-outras-reflex\u00f5es-espirituais-300x38.jpg 300w\" sizes=\"(max-width: 550px) 100vw, 550px\" \/><\/a><\/p>\n","protected":false},"excerpt":{"rendered":"<p>Celebremos a gl\u00f3ria da cruz que resplandece sobre o c\u00e9u e a terra Dos Serm\u00f5es de S\u00e3o Le\u00e3o Magno, papa Com a intelig\u00eancia iluminada pelo Esp\u00edrito da Verdade e de cora\u00e7\u00e3o puro e livre, celebremos a gl\u00f3ria da cruz que&#8230;<\/p>\n","protected":false},"author":4719,"featured_media":0,"comment_status":"open","ping_status":"open","sticky":false,"template":"","format":"standard","meta":{"_mi_skip_tracking":false,"_monsterinsights_sitenote_active":false,"_monsterinsights_sitenote_note":"","_monsterinsights_sitenote_category":0,"footnotes":""},"categories":[165352],"tags":[],"_links":{"self":[{"href":"https:\/\/blog.cancaonova.com\/metanoia\/wp-json\/wp\/v2\/posts\/4101"}],"collection":[{"href":"https:\/\/blog.cancaonova.com\/metanoia\/wp-json\/wp\/v2\/posts"}],"about":[{"href":"https:\/\/blog.cancaonova.com\/metanoia\/wp-json\/wp\/v2\/types\/post"}],"author":[{"embeddable":true,"href":"https:\/\/blog.cancaonova.com\/metanoia\/wp-json\/wp\/v2\/users\/4719"}],"replies":[{"embeddable":true,"href":"https:\/\/blog.cancaonova.com\/metanoia\/wp-json\/wp\/v2\/comments?post=4101"}],"version-history":[{"count":3,"href":"https:\/\/blog.cancaonova.com\/metanoia\/wp-json\/wp\/v2\/posts\/4101\/revisions"}],"predecessor-version":[{"id":4257,"href":"https:\/\/blog.cancaonova.com\/metanoia\/wp-json\/wp\/v2\/posts\/4101\/revisions\/4257"}],"wp:attachment":[{"href":"https:\/\/blog.cancaonova.com\/metanoia\/wp-json\/wp\/v2\/media?parent=4101"}],"wp:term":[{"taxonomy":"category","embeddable":true,"href":"https:\/\/blog.cancaonova.com\/metanoia\/wp-json\/wp\/v2\/categories?post=4101"},{"taxonomy":"post_tag","embeddable":true,"href":"https:\/\/blog.cancaonova.com\/metanoia\/wp-json\/wp\/v2\/tags?post=4101"}],"curies":[{"name":"wp","href":"https:\/\/api.w.org\/{rel}","templated":true}]}}