{"id":425,"date":"2011-10-25T18:30:54","date_gmt":"2011-10-25T18:30:54","guid":{"rendered":"http:\/\/blog.cancaonova.com\/metanoia\/?p=425"},"modified":"2011-10-25T20:25:46","modified_gmt":"2011-10-25T20:25:46","slug":"prefacio-do-papa-ao-youcat","status":"publish","type":"post","link":"https:\/\/blog.cancaonova.com\/metanoia\/prefacio-do-papa-ao-youcat\/","title":{"rendered":"Pref\u00e1cio do Papa ao YOUCAT"},"content":{"rendered":"<h2><a href=\"http:\/\/blog.cancaonova.com\/metanoia\/files\/2011\/02\/280301.jpg\"><img loading=\"lazy\" decoding=\"async\" class=\"size-full wp-image-428 alignleft\" src=\"http:\/\/blog.cancaonova.com\/metanoia\/files\/2011\/02\/280301.jpg\" alt=\"\" width=\"229\" height=\"256\" srcset=\"https:\/\/blog.cancaonova.com\/metanoia\/files\/2011\/02\/280301.jpg 286w, https:\/\/blog.cancaonova.com\/metanoia\/files\/2011\/02\/280301-268x300.jpg 268w\" sizes=\"(max-width: 229px) 100vw, 229px\" \/><\/a>PREF\u00c1CIO  DO PAPA BENTO XVI<\/h2>\n<p>A \u00abYOUCAT\u00bb SUBS\u00cdDIO<br \/>\nAO CATECISMO DA IGREJA CAT\u00d3LICA<br \/>\nDESTINADO AOS JOVENS NA PERSPECTIVA<br \/>\nDA JMJ 2011 EM MADRID<br \/>\n[16-21 DE AGOSTO]<\/p>\n<p><em>Queridos jovens amigos!<\/em><\/p>\n<p>Hoje aconselho-vos a leitura de um livro extraordin\u00e1rio.<\/p>\n<p>\u00c9 extraordin\u00e1rio pelo seu conte\u00fado mas tamb\u00e9m pelo  modo em que  se  formou, que desejo explicar-vos brevemente, para que se  possa  compreender a  sua particularidade. <em>Youcat <\/em>teve origem,  por  assim dizer, de outra obra  que remonta aos anos 80. Era um per\u00edodo   dif\u00edcil para a Igreja e para a sociedade  mundial, durante o qual surgiu   a necessidade de novas orienta\u00e7\u00f5es para encontrar  o caminho rumo ao   futuro. Ap\u00f3s o <a href=\"http:\/\/www.vatican.va\/archive\/hist_councils\/ii_vatican_council\/index_po.htm\"> Conc\u00edlio Vaticano II<\/a> (1962-1965) e no mudado clima cultural, muitas pessoas  j\u00e1 n\u00e3o sabiam   correctamente no que os crist\u00e3os deveriam acreditar exactamente, o  que a   Igreja ensinava, se ela podia ensinar algo <em>tout court<\/em> e como tudo  isto podia adaptar-se ao novo clima cultural.<\/p>\n<p>O Cristianismo como tal n\u00e3o est\u00e1 superado? Pode-se  ainda hoje   racionalmente ser crente? Estas s\u00e3o as quest\u00f5es que muitos  crist\u00e3os se  formulam  at\u00e9 nos nossos dias. O <a href=\"http:\/\/www.vatican.va\/holy_father\/john_paul_ii\/index_po.htm\">Papa Jo\u00e3o  Paulo II<\/a> optou ent\u00e3o por uma decis\u00e3o audaz: deliberou que os bispos do mundo    inteiro escrevessem um livro com o qual responder a estas perguntas.<\/p>\n<p>Ele confiou-me a tarefa de coordenar o trabalho dos  bispos e  de  vigiar a fim de que das suas contribui\u00e7\u00f5es nascesse um  livro \u2014 quero  dizer,  um livro verdadeiro e n\u00e3o uma simples justaposi\u00e7\u00e3o  de uma  multiplicidade de  textos. Este livro devia ter o t\u00edtulo  tradicional de  <em>Catecismo da Igreja  Cat\u00f3lica <\/em>e todavia ser algo   absolutamente estimulante e novo; devia mostrar  no que a Igreja   Cat\u00f3lica cr\u00ea hoje e de que maneira se pode acreditar de modo  racional.   Assustei-me com esta tarefa e devo confessar que duvidei que algo    semelhante pudesse ter bom \u00eaxito. Como podia acontecer que autores   espalhados  pelo mundo pudessem produzir um livro leg\u00edvel?<\/p>\n<p>Como podiam homens que vivem em continentes diversos, e  n\u00e3o s\u00f3  sob o  ponto de vista geogr\u00e1fico, mas inclusive intelectual e  cultural,  produzir  um texto dotado de uma unidade interna e  compreens\u00edvel em  todos os continentes?<\/p>\n<p>A isto acrescentava-se o facto de que os bispos deviam   escrever n\u00e3o  simplesmente como autores individuais, mas em  representa\u00e7\u00e3o dos  seus  irm\u00e3os e das suas Igrejas locais.<\/p>\n<p>Devo confessar que at\u00e9 hoje me parece um milagre o facto de  que este projecto no final se realizou.<\/p>\n<p>Encontr\u00e1mo-nos tr\u00eas ou quatro vezes por ano por uma  semana e   debatemos apaixonadamente sobre cada parte do texto, na medida  em que  se  desenvolvia.<\/p>\n<p>Como primeira atitude definimos a estrutura do livro:  devia  ser  simples, para que cada grupo de autores pudesse receber uma  tarefa  clara e  n\u00e3o for\u00e7ar as suas afirma\u00e7\u00f5es num sistema complicado. \u00c9 a   mesma estrutura deste  livro; ela \u00e9 tirada simplesmente de uma   experi\u00eancia catequ\u00e9tica de um s\u00e9culo: o  que cremos \/ de que modo   celebramos os mist\u00e9rios crist\u00e3os \/ de que maneira temos  a vida em   Cristo \/ de que forma devemos rezar. N\u00e3o quero explicar aqui o modo    como debatemos sobre a grande quantidade de quest\u00f5es, at\u00e9 chegar a   compor um  livro verdadeiro. Numa obra deste g\u00e9nero s\u00e3o muitos os pontos   discut\u00edveis: tudo  o que os homens fazem \u00e9 insuficiente e pode ser   melhorado, e n\u00e3o obstante,  trata-se de um grande livro, um sinal de   unidade na diversidade. A partir das  muitas vozes p\u00f4de-se formar um   coro porque t\u00ednhamos a comum partitura da f\u00e9, que  a Igreja nos   transmitiu desde os apost\u00f3los, atrav\u00e9s dos s\u00e9culos at\u00e9 hoje.<\/p>\n<p>Por que tudo isto?<\/p>\n<p>Desde a redac\u00e7\u00e3o do <em> <a href=\"http:\/\/www.vatican.va\/archive\/cathechism_po\/index_new\/prima-pagina-cic_po.html\"> CIC<\/a><\/em>,   tivemos que constatar que n\u00e3o s\u00f3 os continentes e as culturas das   suas  popula\u00e7\u00f5es s\u00e3o diferentes, mas tamb\u00e9m no \u00e2mbito de cada sociedade   existem  diversos \u00abcontinentes\u00bb: o trabalhador tem uma mentalidade   diferente do campon\u00eas;  um f\u00edsico de um fil\u00f3logo; um empres\u00e1rio de um   jornalista, um jovem de um idoso.  Por este motivo, na linguagem e no   pensamento, tivemos que nos colocar acima de  todas estas diferen\u00e7as e,   por assim dizer, buscar um espa\u00e7o comum entre os  diferentes universos   mentais; com isto tornamo-nos cada vez mais conscientes do  modo como o   texto exigia algumas \u00abtradu\u00e7\u00f5es\u00bb nos diversos mundos, para poder    alcan\u00e7ar as pessoas com as suas mentalidades diferentes e v\u00e1rias   problem\u00e1ticas.  Desde ent\u00e3o, nas <a href=\"http:\/\/www.vatican.va\/gmg.html\">Jornadas Mundiais da  Juventude<\/a> (<a href=\"http:\/\/www.vatican.va\/gmg\/years\/gmg_2000_po.html\">Roma<\/a>, <a href=\"http:\/\/www.vatican.va\/gmg\/documents\/gmg_toronto2002_po.html\">Toronto<\/a>, <a href=\"http:\/\/www.vatican.va\/gmg\/documents\/gmg_2005_po.html\">Col\u00f3nia<\/a>, <a href=\"http:\/\/www.vatican.va\/gmg\/documents\/gmg_2008_po.html\">Sydney<\/a>)    reuniram-se jovens de todo o mundo que querem acreditar, que est\u00e3o em   busca de  Deus, que amam Cristo e desejam caminhos comuns. Neste   contexto pergunt\u00e1mo-nos  se n\u00e3o dever\u00edamos traduzir o <a href=\"http:\/\/www.vatican.va\/archive\/cathechism_po\/index_new\/prima-pagina-cic_po.html\"> Catecismo da Igreja Cat\u00f3lica<\/a> na l\u00edngua dos jovens e fazer penetrar as suas  palavras no seu mundo.   Naturalmente, tamb\u00e9m entre os jovens de hoje existem  muitas diferen\u00e7as;   assim, sob a comprovada guia do arcebispo de Viena, Christoph    Sch\u00f6nborn, formou-se um <em>Youcat<\/em> para os jovens. Espero que muitos se  deixem cativar por este livro.<\/p>\n<p>Algumas pessoas dizem-me que o catecismo n\u00e3o interessa  \u00e0  juventude  moderna; mas n\u00e3o acredito nesta afirma\u00e7\u00e3o e estou certo de  que tenho   raz\u00e3o. A juventude n\u00e3o \u00e9 t\u00e3o superficial como \u00e9 acusada de o  ser; os  jovens  querem saber deveras no que consiste a vida. Um romance   policial \u00e9 empolgante  porque nos envolve no destino de outras pessoas,   mas que poderia ser tamb\u00e9m o  nosso; este livro \u00e9 cativante porque nos   fala do nosso pr\u00f3prio destino e  portanto refere-se de perto a cada um   de n\u00f3s.<\/p>\n<p>Por isso, exorto-vos: estudai o catecismo! Estes s\u00e3o os meus  votos de cora\u00e7\u00e3o.<\/p>\n<p>Este subs\u00eddio ao catecismo n\u00e3o vos adula; n\u00e3o oferece  f\u00e1ceis   solu\u00e7\u00f5es; exige uma nova vida da vossa parte; apresenta-vos a  mensagem  do  Evangelho como a \u00abp\u00e9rola de grande valor\u00bb (<em>Mt <\/em>13,  45) pela  qual \u00e9 preciso  dar tudo. Portanto, pe\u00e7o-vos: estudai o  catecismo com  paix\u00e3o e perseveran\u00e7a!  Sacrificai o vosso tempo por ele!  Estudai-o no  sil\u00eancio do vosso quarto, lede-o  em dois, se sois amigos,  formai  grupos e redes de estudo, trocai ideias na  internet. Permanecei  de  qualquer modo em di\u00e1logo sobre a vossa f\u00e9!<\/p>\n<p>Deveis conhecer aquilo em que credes; deveis conhecer a  vossa  f\u00e9  com a mesma exactid\u00e3o com a qual um perito de inform\u00e1tica  conhece o  sistema  operativo de um computador; deveis conhec\u00ea-la como um  m\u00fasico  conhece a sua pe\u00e7a;  sim, deveis ser muito mais profundamente  radicados  na f\u00e9 do que a gera\u00e7\u00e3o dos  vossos pais, para poder resistir  com for\u00e7a  e decis\u00e3o aos desafios e \u00e0s tenta\u00e7\u00f5es  deste tempo. Tendes  necessidade  da ajuda divina, se a vossa f\u00e9 n\u00e3o quiser  esgotar-se como  uma gota de  orvalho ao sol, se n\u00e3o quiserdes ceder \u00e0s tenta\u00e7\u00f5es  do  consumismo, se  n\u00e3o quiserdes que o vosso amor afogue na pornografia, se  n\u00e3o   quiserdes trair os d\u00e9beis e as v\u00edtimas de abusos e viol\u00eancia.<\/p>\n<p>Se vos dedicardes com paix\u00e3o ao estudo do catecismo,  gostaria  de  vos dar ainda um \u00faltimo conselho: sabei todos de que modo a  comunidade  dos  fi\u00e9is recentemente foi ferida por ataques do mal, pela  penetra\u00e7\u00e3o  do pecado no  seu interior, ali\u00e1s, no cora\u00e7\u00e3o da Igreja. N\u00e3o  tomeis  isto como pretexto para  fugir da presen\u00e7a de Deus; v\u00f3s pr\u00f3prios  sois o  corpo de Cristo, a Igreja! Levai  o fogo intacto do vosso amor a  esta  Igreja todas as vezes que os homens  obscurecerem o seu rosto.  \u00abSede  diligentes, sem fraqueza, fervorosos de  esp\u00edrito, dedicados ao  servi\u00e7o  do Senhor\u00bb (<em>Rm <\/em>12, 11).<\/p>\n<p>Quando Israel se encontrava no ponto mais obscuro da  sua  hist\u00f3ria,  Deus chamou em seu socorro n\u00e3o os grandes e as pessoas  estimadas, mas   um jovem de nome Jeremias; ele sentiu-se chamado a uma  miss\u00e3o demasiado  grande:  \u00abAh! Senhor Jav\u00e9, n\u00e3o sou um orador, porque  sou ainda muito  novo!\u00bb (<em>Jr <\/em>1,  6). Mas Deus replicou: \u00abN\u00e3o digas: sou ainda muito novo \u2014 porquanto ir\u00e1s aonde  Eu te enviar, e dir\u00e1s o que Eu te mandar\u00bb (<em>Jr <\/em>1, 7).<\/p>\n<p>Aben\u00e7oo-vos e rezo cada dia por todos v\u00f3s.<\/p>\n<p><strong>BENTO PP. XVI<\/strong><\/p>\n","protected":false},"excerpt":{"rendered":"<p>PREF\u00c1CIO DO PAPA BENTO XVI A \u00abYOUCAT\u00bb SUBS\u00cdDIO AO CATECISMO DA IGREJA CAT\u00d3LICA DESTINADO AOS JOVENS NA PERSPECTIVA DA JMJ 2011 EM MADRID [16-21 DE AGOSTO] Queridos jovens amigos! Hoje aconselho-vos a leitura de um livro extraordin\u00e1rio. \u00c9 extraordin\u00e1rio pelo&#8230;<\/p>\n","protected":false},"author":4719,"featured_media":0,"comment_status":"open","ping_status":"open","sticky":false,"template":"","format":"standard","meta":{"_mi_skip_tracking":false,"_monsterinsights_sitenote_active":false,"_monsterinsights_sitenote_note":"","_monsterinsights_sitenote_category":0,"footnotes":""},"categories":[46653],"tags":[16680,18502,35714,32,14641,51,2231,48358],"_links":{"self":[{"href":"https:\/\/blog.cancaonova.com\/metanoia\/wp-json\/wp\/v2\/posts\/425"}],"collection":[{"href":"https:\/\/blog.cancaonova.com\/metanoia\/wp-json\/wp\/v2\/posts"}],"about":[{"href":"https:\/\/blog.cancaonova.com\/metanoia\/wp-json\/wp\/v2\/types\/post"}],"author":[{"embeddable":true,"href":"https:\/\/blog.cancaonova.com\/metanoia\/wp-json\/wp\/v2\/users\/4719"}],"replies":[{"embeddable":true,"href":"https:\/\/blog.cancaonova.com\/metanoia\/wp-json\/wp\/v2\/comments?post=425"}],"version-history":[{"count":10,"href":"https:\/\/blog.cancaonova.com\/metanoia\/wp-json\/wp\/v2\/posts\/425\/revisions"}],"predecessor-version":[{"id":1443,"href":"https:\/\/blog.cancaonova.com\/metanoia\/wp-json\/wp\/v2\/posts\/425\/revisions\/1443"}],"wp:attachment":[{"href":"https:\/\/blog.cancaonova.com\/metanoia\/wp-json\/wp\/v2\/media?parent=425"}],"wp:term":[{"taxonomy":"category","embeddable":true,"href":"https:\/\/blog.cancaonova.com\/metanoia\/wp-json\/wp\/v2\/categories?post=425"},{"taxonomy":"post_tag","embeddable":true,"href":"https:\/\/blog.cancaonova.com\/metanoia\/wp-json\/wp\/v2\/tags?post=425"}],"curies":[{"name":"wp","href":"https:\/\/api.w.org\/{rel}","templated":true}]}}