{"id":435,"date":"2011-02-24T13:24:42","date_gmt":"2011-02-24T13:24:42","guid":{"rendered":"http:\/\/blog.cancaonova.com\/metanoia\/?p=435"},"modified":"2014-07-09T08:15:30","modified_gmt":"2014-07-09T11:15:30","slug":"a-logica-do-cristianismo-e-a-logica-da-comunhao","status":"publish","type":"post","link":"https:\/\/blog.cancaonova.com\/metanoia\/a-logica-do-cristianismo-e-a-logica-da-comunhao\/","title":{"rendered":"A l\u00f3gica do cristianismo \u00e9 a logica da comunh\u00e3o"},"content":{"rendered":"<p><strong>A l\u00f3gica do cristianismo, n\u00e3o pode ser a l\u00f3gica da mesquinhez, afirma sacerdote.<\/strong><\/p>\n<p>Nesta \u00faltima, quarta-feira, 23 de fevereiro, na missa das 7h na TV Can\u00e7\u00e3o Nova, Padre Wagner\u00a0 em sua homilia, destacou sobre a l\u00f3gica do cristianismo no seguimento de Jesus, eu ouvir e desejei partilhar aqui.<\/p>\n<p><strong>Confira alguns trechos e assista o v\u00eddeo.<\/strong><\/p>\n<p><em>&#8220;N\u00f3s disc\u00edpulos de Jesus, precisamos ter a consci\u00eancia muita clara que seguir Jesus, seguir a f\u00e9 crist\u00e3, n\u00e3o pode nos levar a criar uma especie de casta crist\u00e3.<\/em><\/p>\n<p><em> Em meio ao mundo que vivemos, em meio a sociedade que vivemos, mas tamb\u00e9m dentro das comunidades crist\u00e3s, podemos achar que somos um grupo seleto, um grupo especial, porque somos crist\u00e3os, pertencemos a um movimento, a uma determinada comunidade, pastoral. Ai nos enganamos a n\u00f3s mesmos, e desprezando portanto outras express\u00f5es de igreja, de f\u00e9, pessoas que testemunha a f\u00e9 em cristo. <\/em><\/p>\n<p><em>A l\u00f3gica do cristianismo, n\u00e3o pode ser a l\u00f3gica da mesquinhez, mas a l\u00f3gica do servi\u00e7o de amor, e portanto quem vive nesta l\u00f3gica de servi\u00e7o aos irm\u00e3os, n\u00e3o fica colocando obst\u00e1culos. <\/em><em><span style=\"text-decoration: underline\">A l\u00f3gica do cristianismo \u00e9 a logica da comunh\u00e3o<\/span>\u201d.<\/em><a href=\"http:\/\/www.cancaonova.com\/portal\/canais\/eventos\/novoeventos\/cobertura.php?cod=2509&amp;pre=6770\" target=\"_blank\"> Padre Wagner Ferreira<\/a><\/p>\n<p><iframe loading=\"lazy\" title=\"Padre Wagner Ferreira - Seja crist\u00c3\u00a3o e n\u00c3\u00a3o considere ningu\u00c3\u00a9m imperfeito - 23\/02\/11\" width=\"600\" height=\"450\" src=\"https:\/\/www.youtube.com\/embed\/2lGZJmCCD1g?feature=oembed&amp;rel=0\" frameborder=\"0\" allow=\"accelerometer; autoplay; clipboard-write; encrypted-media; gyroscope; picture-in-picture; web-share\" referrerpolicy=\"strict-origin-when-cross-origin\" allowfullscreen><\/iframe><\/p>\n","protected":false},"excerpt":{"rendered":"<p>A l\u00f3gica do cristianismo, n\u00e3o pode ser a l\u00f3gica da mesquinhez, afirma sacerdote. Nesta \u00faltima, quarta-feira, 23 de fevereiro, na missa das 7h na TV Can\u00e7\u00e3o Nova, Padre Wagner\u00a0 em sua homilia, destacou sobre a l\u00f3gica do cristianismo no seguimento&#8230;<\/p>\n","protected":false},"author":4719,"featured_media":0,"comment_status":"open","ping_status":"open","sticky":false,"template":"","format":"standard","meta":{"_mi_skip_tracking":false,"_monsterinsights_sitenote_active":false,"_monsterinsights_sitenote_note":"","_monsterinsights_sitenote_category":0,"footnotes":""},"categories":[2621],"tags":[6351,18057,9291,951,16988],"_links":{"self":[{"href":"https:\/\/blog.cancaonova.com\/metanoia\/wp-json\/wp\/v2\/posts\/435"}],"collection":[{"href":"https:\/\/blog.cancaonova.com\/metanoia\/wp-json\/wp\/v2\/posts"}],"about":[{"href":"https:\/\/blog.cancaonova.com\/metanoia\/wp-json\/wp\/v2\/types\/post"}],"author":[{"embeddable":true,"href":"https:\/\/blog.cancaonova.com\/metanoia\/wp-json\/wp\/v2\/users\/4719"}],"replies":[{"embeddable":true,"href":"https:\/\/blog.cancaonova.com\/metanoia\/wp-json\/wp\/v2\/comments?post=435"}],"version-history":[{"count":7,"href":"https:\/\/blog.cancaonova.com\/metanoia\/wp-json\/wp\/v2\/posts\/435\/revisions"}],"predecessor-version":[{"id":4651,"href":"https:\/\/blog.cancaonova.com\/metanoia\/wp-json\/wp\/v2\/posts\/435\/revisions\/4651"}],"wp:attachment":[{"href":"https:\/\/blog.cancaonova.com\/metanoia\/wp-json\/wp\/v2\/media?parent=435"}],"wp:term":[{"taxonomy":"category","embeddable":true,"href":"https:\/\/blog.cancaonova.com\/metanoia\/wp-json\/wp\/v2\/categories?post=435"},{"taxonomy":"post_tag","embeddable":true,"href":"https:\/\/blog.cancaonova.com\/metanoia\/wp-json\/wp\/v2\/tags?post=435"}],"curies":[{"name":"wp","href":"https:\/\/api.w.org\/{rel}","templated":true}]}}