{"id":4741,"date":"2014-07-24T00:23:03","date_gmt":"2014-07-24T03:23:03","guid":{"rendered":"http:\/\/blog.cancaonova.com\/metanoia\/?p=4741"},"modified":"2014-07-24T00:45:37","modified_gmt":"2014-07-24T03:45:37","slug":"a-quem-bate-se-abre","status":"publish","type":"post","link":"https:\/\/blog.cancaonova.com\/metanoia\/a-quem-bate-se-abre\/","title":{"rendered":"A quem bate se abre"},"content":{"rendered":"<p class=\"western\" style=\"text-indent: 0cm;margin-top: 0.49cm;margin-bottom: 0.49cm;text-align: left\"><strong>Quem pede recebe, quem procura encontra e a quem bate se abre. Mt 7,7-8<\/strong><\/p>\n<p class=\"western\" style=\"text-indent: 0cm;margin-top: 0.49cm;margin-bottom: 0.49cm;text-align: left\"><em>Por Marcelo Eduardo \u00a0 \u00a0 \u00a0 \u00a0 \u00a0 \u00a0 \u00a0 \u00a0 \u00a0 \u00a0<\/em><\/p>\n<p class=\"western\" style=\"text-indent: 0cm;margin-top: 0.49cm;margin-bottom: 0.49cm;text-align: right\"><em> \u00a0 \u00a0 \u00a0 \u00a0 \u00a0 \u00a0 \u00a0 \u00a0 \u00a0 \u00a0 \u00a0 \u00a0 \u00a0 \u00a0 \u00a0 \u00a0 \u00a0 \u00a0 \u00a0 \u00a0 \u00a0 \u00a0 \u00a0 \u00a0\u00a0 <\/em><strong><a title=\"Voc\u00ea no metanoia\" href=\"http:\/\/blog.cancaonova.com\/metanoia\/voce-no-metanoia\/\" target=\"_blank\">Artigo enviado por internauta.<\/a><\/strong><\/p>\n<p>Jesus \u00e9 impressionante em sua totalidade, mas a din\u00e2mica que o Esp\u00edrito Santo desenvolveu em Sua pessoa ao inspirar-lhe as par\u00e1bolas \u00e9 um marco de que Suas Palavras, Seus ensinamentos s\u00e3o eternos.<\/p>\n<p><img loading=\"lazy\" decoding=\"async\" class=\"aligncenter size-full wp-image-4745\" src=\"http:\/\/blog.cancaonova.com\/metanoia\/files\/2014\/07\/A-quem-bate-se-abre.jpg\" alt=\"A quem bate se abre\" width=\"650\" height=\"320\" srcset=\"https:\/\/blog.cancaonova.com\/metanoia\/files\/2014\/07\/A-quem-bate-se-abre.jpg 650w, https:\/\/blog.cancaonova.com\/metanoia\/files\/2014\/07\/A-quem-bate-se-abre-300x147.jpg 300w, https:\/\/blog.cancaonova.com\/metanoia\/files\/2014\/07\/A-quem-bate-se-abre-150x75.jpg 150w\" sizes=\"(max-width: 650px) 100vw, 650px\" \/><\/p>\n<p>Em tempos de ativismo e relativiza\u00e7\u00e3o de valores, n\u00f3s, crist\u00e3os, temos deixado de lado muitos dos tra\u00e7os que denunciam nossa identidade de filhos de um Deus que \u00e9 todo bondade e prontid\u00e3o para com os seus.<\/p>\n<p>No Evangelho da Par\u00e1bola da Vi\u00fava e o Juiz, temos a experi\u00eancia positiva de uma vi\u00fava insistente frente a arrog\u00e2ncia e a prepot\u00eancia do mau juiz. \u00c9 essa persist\u00eancia que nos tem faltado, sobretudo na vida de ora\u00e7\u00e3o.<\/p>\n<p>Ao ter seu caso julgado e sentenciado a seu favor, a vi\u00fava torna-se para n\u00f3s um perfeito modelo de como devemos agir diante dos obst\u00e1culos da vida e do quanto a ora\u00e7\u00e3o \u00e9 um instrumento eficaz para tocar e sensibilizar at\u00e9 mesmo o que parece inalcan\u00e7\u00e1vel.<\/p>\n<p>\u00c0 medida que nos abrimos ao Esp\u00edrito Santo n\u00e3o queremos mais ser senhores do tempo e nem de n\u00f3s mesmos, mas nos \u00e9 dada uma alma confiante, ciente de que Jesus \u00e9 quem est\u00e1 no controle da situa\u00e7\u00e3o como Justo Juiz de nossas causas.<\/p>\n<p>Tamanha confian\u00e7a deve ser sempre fruto da nossa ora\u00e7\u00e3o. Nunca se ouviu falar de alma orante que fosse acomodada. A insist\u00eancia da vi\u00fava \u00e9 um eco da experi\u00eancia de um cora\u00e7\u00e3o que sabe em quem colocou sua f\u00e9 e que traduz na vida sua confian\u00e7a em Deus que \u00e9 Amor, que \u00e9 justi\u00e7a.<\/p>\n<p>\u00c9 a intensidade com que rezamos, pedimos e clamamos que define o quanto queremos a gra\u00e7a. Quem quer muito, pede muito, insiste! Todos os dias, mais e mais cora\u00e7\u00f5es violentos abrem as portas do C\u00e9u com suas ora\u00e7\u00f5es.<\/p>\n<p>Vai ficar a\u00ed esperando?<br \/>\nQuem pede recebe, quem procura encontra e a quem bate se abre.<\/p>\n<p><a title=\"Conhe\u00e7a o autor do artigo\" href=\"https:\/\/www.facebook.com\/marceloeduardostd\" target=\"_blank\">Marcelo Eduardo<\/a><br \/>\nComunidade Filhos de Maria<br \/>\nMontes Claros &#8211; MG<\/p>\n","protected":false},"excerpt":{"rendered":"<p>Quem pede recebe, quem procura encontra e a quem bate se abre. Mt 7,7-8 Por Marcelo Eduardo \u00a0 \u00a0 \u00a0 \u00a0 \u00a0 \u00a0 \u00a0 \u00a0 \u00a0 \u00a0 \u00a0 \u00a0 \u00a0 \u00a0 \u00a0 \u00a0 \u00a0 \u00a0 \u00a0 \u00a0 \u00a0 \u00a0 \u00a0&#8230;<\/p>\n","protected":false},"author":4719,"featured_media":0,"comment_status":"open","ping_status":"open","sticky":false,"template":"","format":"standard","meta":{"_mi_skip_tracking":false,"_monsterinsights_sitenote_active":false,"_monsterinsights_sitenote_note":"","_monsterinsights_sitenote_category":0,"footnotes":""},"categories":[115375],"tags":[],"_links":{"self":[{"href":"https:\/\/blog.cancaonova.com\/metanoia\/wp-json\/wp\/v2\/posts\/4741"}],"collection":[{"href":"https:\/\/blog.cancaonova.com\/metanoia\/wp-json\/wp\/v2\/posts"}],"about":[{"href":"https:\/\/blog.cancaonova.com\/metanoia\/wp-json\/wp\/v2\/types\/post"}],"author":[{"embeddable":true,"href":"https:\/\/blog.cancaonova.com\/metanoia\/wp-json\/wp\/v2\/users\/4719"}],"replies":[{"embeddable":true,"href":"https:\/\/blog.cancaonova.com\/metanoia\/wp-json\/wp\/v2\/comments?post=4741"}],"version-history":[{"count":5,"href":"https:\/\/blog.cancaonova.com\/metanoia\/wp-json\/wp\/v2\/posts\/4741\/revisions"}],"predecessor-version":[{"id":4751,"href":"https:\/\/blog.cancaonova.com\/metanoia\/wp-json\/wp\/v2\/posts\/4741\/revisions\/4751"}],"wp:attachment":[{"href":"https:\/\/blog.cancaonova.com\/metanoia\/wp-json\/wp\/v2\/media?parent=4741"}],"wp:term":[{"taxonomy":"category","embeddable":true,"href":"https:\/\/blog.cancaonova.com\/metanoia\/wp-json\/wp\/v2\/categories?post=4741"},{"taxonomy":"post_tag","embeddable":true,"href":"https:\/\/blog.cancaonova.com\/metanoia\/wp-json\/wp\/v2\/tags?post=4741"}],"curies":[{"name":"wp","href":"https:\/\/api.w.org\/{rel}","templated":true}]}}