{"id":4753,"date":"2014-07-28T15:20:58","date_gmt":"2014-07-28T18:20:58","guid":{"rendered":"http:\/\/blog.cancaonova.com\/metanoia\/?p=4753"},"modified":"2014-07-28T15:21:27","modified_gmt":"2014-07-28T18:21:27","slug":"de-geracao-em-geracao","status":"publish","type":"post","link":"https:\/\/blog.cancaonova.com\/metanoia\/de-geracao-em-geracao\/","title":{"rendered":"De gera\u00e7\u00e3o em gera\u00e7\u00e3o"},"content":{"rendered":"<p><strong>\u201cSua Miseric\u00f3rdia se estende, de gera\u00e7\u00e3o em gera\u00e7\u00e3o sobre os que o temem\u201d. Lc 1, 50<\/strong><\/p>\n<p class=\"western\" style=\"text-indent: 0cm;margin-top: 0.49cm;margin-bottom: 0.49cm;text-align: left\"><em>Por\u00a0Henrique Almeida<br \/>\n<\/em><\/p>\n<p class=\"western\" style=\"text-indent: 0cm;margin-top: 0.49cm;margin-bottom: 0.49cm;text-align: right\"><em> \u00a0 \u00a0 \u00a0 \u00a0 \u00a0 \u00a0 \u00a0 \u00a0 \u00a0 \u00a0 \u00a0 \u00a0 \u00a0 \u00a0 \u00a0 \u00a0 \u00a0 \u00a0 \u00a0 \u00a0 \u00a0 \u00a0 \u00a0 \u00a0\u00a0 <\/em><strong><a title=\"Voc\u00ea no metanoia\" href=\"http:\/\/blog.cancaonova.com\/metanoia\/voce-no-metanoia\/\" target=\"_blank\">Artigo enviado por internauta.<\/a><\/strong><\/p>\n<p style=\"text-align: justify\">Com este vers\u00edculo expresso todo o conte\u00fado desse texto, pois o mesmo guarda em si a compreens\u00e3o de Maria acerca da Miseric\u00f3rdia Divina.<\/p>\n<p style=\"text-align: justify\"><a href=\"http:\/\/blog.cancaonova.com\/metanoia\/files\/2014\/07\/De-gera\u00e7\u00e3o-em-gera\u00e7\u00e3o.jpg\"><img loading=\"lazy\" decoding=\"async\" class=\"aligncenter size-full wp-image-4757\" src=\"http:\/\/blog.cancaonova.com\/metanoia\/files\/2014\/07\/De-gera\u00e7\u00e3o-em-gera\u00e7\u00e3o.jpg\" alt=\"De gera\u00e7\u00e3o em gera\u00e7\u00e3o\" width=\"600\" height=\"300\" srcset=\"https:\/\/blog.cancaonova.com\/metanoia\/files\/2014\/07\/De-gera\u00e7\u00e3o-em-gera\u00e7\u00e3o.jpg 600w, https:\/\/blog.cancaonova.com\/metanoia\/files\/2014\/07\/De-gera\u00e7\u00e3o-em-gera\u00e7\u00e3o-300x150.jpg 300w, https:\/\/blog.cancaonova.com\/metanoia\/files\/2014\/07\/De-gera\u00e7\u00e3o-em-gera\u00e7\u00e3o-150x75.jpg 150w\" sizes=\"(max-width: 600px) 100vw, 600px\" \/><\/a><\/p>\n<p style=\"text-align: justify\">A humanidade necessita reavivar a experi\u00eancia com a Miseric\u00f3rdia e o Senhor a tem derramado abundantemente sobre o mundo h\u00e1 muitas gera\u00e7\u00f5es, por meio de Sua Igreja, Seus santos e santas e por meio de Voca\u00e7\u00f5es espec\u00edficas que Ele suscita sobre a face da terra, a exemplo de nosso Carisma Filhos de Maria.<\/p>\n<p style=\"text-align: justify\">Nunca o sofrimento humano tornou-se t\u00e3o expressivo. \u00c9 um grito de dor de muitos homens e mulheres que mergulham no vazio de suas mis\u00e9rias e, diante da nudez que se encontram, querem se esconder de Deus, a exemplo de Ad\u00e3o e Eva. E qu\u00e3o inumer\u00e1veis s\u00e3o as mis\u00e9rias humanas! Elas se mostram n\u00e3o somente na ordem social, pelo incont\u00e1vel n\u00famero de pobres, indigentes, famintos que existem. H\u00e1 tamb\u00e9m uma mis\u00e9ria moral, fruto do pecado original diante da qual o homem se encontra. Uma mis\u00e9ria que nos abate a alma, que nos conduz \u00e0 tristeza e \u00e0 amargura, que nos fecham no ego\u00edsmo e na vaidade, que nos fazem \u201ccorrer atr\u00e1s de vento\u201d. E s\u00e3o estas que geram as mis\u00e9rias sociais.<\/p>\n<p style=\"text-align: justify\">Tais mis\u00e9rias, tais fraquezas da carne nos conduzem a agir mal quando n\u00e3o fazemos uma experi\u00eancia no Amor Misericordioso do Pai. Em si, somos todos limitados e fr\u00e1geis, por sermos criaturas. E sob essa condi\u00e7\u00e3o \u00e9 que o nosso cora\u00e7\u00e3o poder\u00e1 encontrar repouso em Deus e em nenhum outro lugar.<\/p>\n<p style=\"text-align: justify\">Essa mis\u00e9ria, fruto do pecado original, enra\u00edza no ser humano, mas n\u00e3o \u00e9 pecado somente pelo fato de sermos miser\u00e1veis. Torna-se pecado aquele ato que cometemos quando cedemos \u00e0 mis\u00e9ria que h\u00e1 em n\u00f3s e, assim, rompemos com o Amor de Deus e nos afastamos da Miseric\u00f3rdia. E a nossa dor se torna cada vez mais insuport\u00e1vel, t\u00e3o insuport\u00e1vel que rompe o sil\u00eancio com um imenso grito. Mas Deus escutou a dor do Seu povo, de Sua criatura, de Seu vermezinho de alma abatida. O homem j\u00e1 n\u00e3o suportava mais a dor e o sofrimento que o afligiam, oriundos do pecado.<\/p>\n<p style=\"text-align: justify\">O Pai amou tanto o mundo que nos disse uma Palavra. E o Verbo que saiu de Sua boca encarnou-se e habitou entre n\u00f3s. Experimentou em si, sendo Deus, a condi\u00e7\u00e3o humana, exceto o pecado. Viveu as ang\u00fastias e afli\u00e7\u00f5es da humanidade, tomou sobre si o peso de nossos pecados e sofreu o supl\u00edcio da Cruz sendo inocente. \u201cEu vim para os enfermos\u201d dizia Jesus, os enfermos e abatidos na alma pelas fragilidades e limita\u00e7\u00f5es, pela mis\u00e9ria.<br \/>\nAssim se manifesta a Miseric\u00f3rdia de Deus a n\u00f3s: na pessoa de Seu Filho Jesus. Ele nos deu Seu Filho \u00danico para salvar-nos do pecado.<\/p>\n<p style=\"text-align: justify\">Experimentamos em nossa carne a fraqueza, como diz S\u00e3o Paulo e \u00e9 tamb\u00e9m nela que experimentamos da maior gra\u00e7a que o Senhor j\u00e1 nos deu: a salva\u00e7\u00e3o por meio de Jesus. Essa \u00e9 a maior e mais sublime gra\u00e7a derramada sobre n\u00f3s. Por isso podemos ouvir de Deus as palavras que o ap\u00f3stolo ouviu: \u201cBasta-te minha gra\u00e7a, porque \u00e9 na fraqueza que se revela totalmente a minha for\u00e7a\u201d (II Cor 12, 9).<\/p>\n<p style=\"text-align: justify\">\u00c9 nesse mist\u00e9rio que devemos depositar nossas mis\u00e9rias e fraquezas, rendendo-nos ao Amor Misericordioso de Deus que quer revelar em n\u00f3s toda a Sua gra\u00e7a.<\/p>\n<p style=\"text-align: justify\">Esse \u00e9 o segredo que fez tantos ladr\u00f5es, prostitutas, tristes, pobres, miser\u00e1veis em tudo se tornarem santos. Porque a Miseric\u00f3rdia do Senhor revela em n\u00f3s Sua for\u00e7a. O Senhor, em Sua infinita Miseric\u00f3rdia, n\u00e3o somente v\u00ea as nossas mis\u00e9rias com o cora\u00e7\u00e3o, mas toma-as sob si e ama profundamente.<\/p>\n<p style=\"text-align: justify\">Assim, quem faz a experi\u00eancia com Miseric\u00f3rdia pode cantar como Maria. Ela experimentou em si a fraqueza e pequenez de sua humanidade apesar de ter sido concebida sem pecado original. Essa mesma gra\u00e7a foi-lhe conferida n\u00e3o por seus m\u00e9ritos, mas pela Miseric\u00f3rdia de Deus que a escolheu para ser M\u00e3e do Salvador. E quando o Anjo Gabriel a visitou, ela experimentou dessa Miseric\u00f3rdia que se estendeu a ela e que se estender\u00e1 de gera\u00e7\u00e3o em gera\u00e7\u00e3o sobre os que temem o Senhor.<\/p>\n<p style=\"text-align: justify\">Essa virtude, o temor de Deus, \u00e9 que nos auxilia a agir com nossas mis\u00e9rias como fonte de salva\u00e7\u00e3o e n\u00e3o de nossa condena\u00e7\u00e3o, pois tal dom do Esp\u00edrito nos conduz \u00e0 rever\u00eancia e adora\u00e7\u00e3o ao Senhor, ou seja, ensina-nos a reconhecer quem devidamente \u00e9 Deus. E Deus \u00e9 Amor. Trazemos em n\u00f3s mesmo essas marcas, mas o Senhor quer estender sobre n\u00f3s a Sua Miseric\u00f3rdia. Cabe a n\u00f3s deixarmo-nos ser banhados por este Amor Misericordioso.<\/p>\n<p style=\"text-align: justify\">Que nos tempos de hoje, em que somos chamados pelo mundo a aprisionarmo-nos nas mis\u00e9rias de nossa humanidade, tiremos os olhos de n\u00f3s mesmos e miremos o Cora\u00e7\u00e3o Aberto de Jesus, que n\u00e3o cessa de jorrar Sangue e \u00c1gua sobre n\u00f3s e de derramar o Seu Esp\u00edrito.<\/p>\n<p style=\"text-align: justify\">Esse \u00e9 o Caminho que nos foi aberto para passarmos por Ele. E que, banhados em Cristo, escutemos a Voz d\u2019Ele que nos chama a seguir Seu exemplo: ser no mundo a Manifesta\u00e7\u00e3o do Amor Misericordioso do Pai!<\/p>\n<p style=\"text-align: justify\">Henrique Almeida<br \/>\nComunidade Filhos de Maria<br \/>\nMontes Claros &#8211; MG<\/p>\n","protected":false},"excerpt":{"rendered":"<p>\u201cSua Miseric\u00f3rdia se estende, de gera\u00e7\u00e3o em gera\u00e7\u00e3o sobre os que o temem\u201d. Lc 1, 50 Por\u00a0Henrique Almeida \u00a0 \u00a0 \u00a0 \u00a0 \u00a0 \u00a0 \u00a0 \u00a0 \u00a0 \u00a0 \u00a0 \u00a0 \u00a0 \u00a0 \u00a0 \u00a0 \u00a0 \u00a0 \u00a0 \u00a0 \u00a0 \u00a0&#8230;<\/p>\n","protected":false},"author":4719,"featured_media":0,"comment_status":"open","ping_status":"open","sticky":false,"template":"","format":"standard","meta":{"_mi_skip_tracking":false,"_monsterinsights_sitenote_active":false,"_monsterinsights_sitenote_note":"","_monsterinsights_sitenote_category":0,"footnotes":""},"categories":[115375],"tags":[],"_links":{"self":[{"href":"https:\/\/blog.cancaonova.com\/metanoia\/wp-json\/wp\/v2\/posts\/4753"}],"collection":[{"href":"https:\/\/blog.cancaonova.com\/metanoia\/wp-json\/wp\/v2\/posts"}],"about":[{"href":"https:\/\/blog.cancaonova.com\/metanoia\/wp-json\/wp\/v2\/types\/post"}],"author":[{"embeddable":true,"href":"https:\/\/blog.cancaonova.com\/metanoia\/wp-json\/wp\/v2\/users\/4719"}],"replies":[{"embeddable":true,"href":"https:\/\/blog.cancaonova.com\/metanoia\/wp-json\/wp\/v2\/comments?post=4753"}],"version-history":[{"count":3,"href":"https:\/\/blog.cancaonova.com\/metanoia\/wp-json\/wp\/v2\/posts\/4753\/revisions"}],"predecessor-version":[{"id":4760,"href":"https:\/\/blog.cancaonova.com\/metanoia\/wp-json\/wp\/v2\/posts\/4753\/revisions\/4760"}],"wp:attachment":[{"href":"https:\/\/blog.cancaonova.com\/metanoia\/wp-json\/wp\/v2\/media?parent=4753"}],"wp:term":[{"taxonomy":"category","embeddable":true,"href":"https:\/\/blog.cancaonova.com\/metanoia\/wp-json\/wp\/v2\/categories?post=4753"},{"taxonomy":"post_tag","embeddable":true,"href":"https:\/\/blog.cancaonova.com\/metanoia\/wp-json\/wp\/v2\/tags?post=4753"}],"curies":[{"name":"wp","href":"https:\/\/api.w.org\/{rel}","templated":true}]}}