{"id":4774,"date":"2014-08-01T07:58:03","date_gmt":"2014-08-01T10:58:03","guid":{"rendered":"http:\/\/blog.cancaonova.com\/metanoia\/?p=4774"},"modified":"2014-08-01T18:24:15","modified_gmt":"2014-08-01T21:24:15","slug":"um-chamado-uma-decisao","status":"publish","type":"post","link":"https:\/\/blog.cancaonova.com\/metanoia\/um-chamado-uma-decisao\/","title":{"rendered":"Um chamado. Uma decis\u00e3o"},"content":{"rendered":"<p style=\"text-align: justify\"><strong>O chamado de Deus \u00e9 um desafio, \u00e9 um convite a ser sinal de contradi\u00e7\u00e3o.<\/strong><\/p>\n<p style=\"text-align: justify\">Em tempos de \u201cvida instant\u00e2nea\u201d, onde se quer tudo \u201cpra ontem\u201d, o corpo \u00e9 valorizado como um expositor sexual, o trabalho uma ferramenta de ascens\u00e3o (onde o dinheiro acumulado traz uma falsa felicidade e status) e liberdade \u00e9 cultivar um egocentrismo sem limites. Falar de perten\u00e7a a Deus pode parecer um absurdo. Por\u00e9m n\u00e3o \u00e9.<\/p>\n<div id=\"attachment_4795\" style=\"width: 660px\" class=\"wp-caption aligncenter\"><img loading=\"lazy\" decoding=\"async\" aria-describedby=\"caption-attachment-4795\" class=\"wp-image-4795 size-full\" src=\"http:\/\/blog.cancaonova.com\/metanoia\/files\/2014\/07\/Um-chamado.-Uma-decis\u00e3o.-.jpg\" alt=\"Um chamado. Uma decis\u00e3o. \" width=\"650\" height=\"350\" srcset=\"https:\/\/blog.cancaonova.com\/metanoia\/files\/2014\/07\/Um-chamado.-Uma-decis\u00e3o.-.jpg 650w, https:\/\/blog.cancaonova.com\/metanoia\/files\/2014\/07\/Um-chamado.-Uma-decis\u00e3o.--300x161.jpg 300w\" sizes=\"(max-width: 650px) 100vw, 650px\" \/><p id=\"caption-attachment-4795\" class=\"wp-caption-text\">&#8220;Dizer \u201csim\u201d ao chamado requer mudan\u00e7a de vida&#8221;. Foto: Arquivo pessoal.<\/p><\/div>\n<p style=\"text-align: justify\">Todos, [inclusive voc\u00ea!] seja m\u00e9dico, engenheiro, professor, dona de casa, motorista, pedreiro, tecn\u00f3logo, estudante, etc. s\u00e3o chamados a esta perten\u00e7a. Talvez, voc\u00ea \u00e9 chamado a uma perten\u00e7a mais espec\u00edfica ainda: sendo um sacerdote, religioso(a) ou em uma comunidade. J\u00e1 pensou nisso?<\/p>\n<p style=\"text-align: center\"><strong><a href=\"http:\/\/feedburner.google.com\/fb\/a\/mailverify?uri=metanoiacn\" target=\"_blank\">cadastre-se gr\u00e1tis e receba todas as novidades do blog por e-mail<\/a><\/strong><\/p>\n<p style=\"text-align: justify\">O Papa Francisco nos convida a refletir sobre isso em uma de suas mensagens: Dirijo-me agora \u00e0queles que est\u00e3o dispostos justamente a p\u00f4r-se \u00e0 escuta da voz de Cristo, que ressoa na Igreja, para compreenderem qual possa ser a sua voca\u00e7\u00e3o. Convido-vos a ouvir e seguir Jesus, a deixar-vos transformar interiormente pelas suas palavras que \u00abs\u00e3o esp\u00edrito e s\u00e3o vida\u00bb (Jo 6, 63).<\/p>\n<p style=\"text-align: justify\">Assim como a mais de dois mil anos, um \u201cVinde ap\u00f3s mim e vos farei pescadores de homens.\u201d (Mt 4,19) e um \u201cSegue-me!\u201d (Mc 2,14) &#8211; dito a um cobrador de impostos, fez toda a diferen\u00e7a para \u00e9poca, somos convidados a escutar o chamado de Jesus, a andar mais perto dEle.<\/p>\n<blockquote>\n<h1>N\u00e3o importa o que voc\u00ea j\u00e1 viveu at\u00e9 aqui, mas a sua disposi\u00e7\u00e3o em dar uma resposta diferente, dizer \u201csim\u201d ao chamado requer mudan\u00e7a de vida, ren\u00fancias e, tamb\u00e9m uma oferta de si.<\/h1>\n<\/blockquote>\n<p style=\"text-align: justify\">Um sim que foi capaz de mudar todo o curso da minha hist\u00f3ria, me levando a abrir m\u00e3o do aconchego familiar, dos anseios profissionais, os sonhos, pra viver em Comunidade. Um sim que motiva em mim o ardor evangelizador e me faz buscar oportunidades para falar de Cristo e de seu amor, da sua proposta de vida. Seja por meio das redes sociais, no trabalho, com um amigo ou mesmo um desconhecido. Demonstrando atrav\u00e9s da minha postura, meu modo de agir e reagir as situa\u00e7\u00f5es do dia a dia. Sendo jovem sim, mas que n\u00e3o se contenta com prazeres moment\u00e2neos.<\/p>\n<p style=\"text-align: justify\">O chamado de Deus \u00e9 um desafio, \u00e9 um convite a ser sinal de contradi\u00e7\u00e3o. Voc\u00ea aceita o desafio?<\/p>\n<p style=\"text-align: justify\">Abra\u00e7o fraterno,<\/p>\n<p style=\"text-align: justify\"><a href=\"https:\/\/www.facebook.com\/patricia.oliveiraneves.3\" target=\"_blank\">Patr\u00edcia Oliveira Neves<\/a><br \/>\nComunidade Can\u00e7\u00e3o Nova<\/p>\n","protected":false},"excerpt":{"rendered":"<p>O chamado de Deus \u00e9 um desafio, \u00e9 um convite a ser sinal de contradi\u00e7\u00e3o. Em tempos de \u201cvida instant\u00e2nea\u201d, onde se quer tudo \u201cpra ontem\u201d, o corpo \u00e9 valorizado como um expositor sexual, o trabalho uma ferramenta de ascens\u00e3o&#8230;<\/p>\n","protected":false},"author":4719,"featured_media":0,"comment_status":"open","ping_status":"open","sticky":false,"template":"","format":"standard","meta":{"_mi_skip_tracking":false,"_monsterinsights_sitenote_active":false,"_monsterinsights_sitenote_note":"","_monsterinsights_sitenote_category":0,"footnotes":""},"categories":[23],"tags":[],"_links":{"self":[{"href":"https:\/\/blog.cancaonova.com\/metanoia\/wp-json\/wp\/v2\/posts\/4774"}],"collection":[{"href":"https:\/\/blog.cancaonova.com\/metanoia\/wp-json\/wp\/v2\/posts"}],"about":[{"href":"https:\/\/blog.cancaonova.com\/metanoia\/wp-json\/wp\/v2\/types\/post"}],"author":[{"embeddable":true,"href":"https:\/\/blog.cancaonova.com\/metanoia\/wp-json\/wp\/v2\/users\/4719"}],"replies":[{"embeddable":true,"href":"https:\/\/blog.cancaonova.com\/metanoia\/wp-json\/wp\/v2\/comments?post=4774"}],"version-history":[{"count":8,"href":"https:\/\/blog.cancaonova.com\/metanoia\/wp-json\/wp\/v2\/posts\/4774\/revisions"}],"predecessor-version":[{"id":4798,"href":"https:\/\/blog.cancaonova.com\/metanoia\/wp-json\/wp\/v2\/posts\/4774\/revisions\/4798"}],"wp:attachment":[{"href":"https:\/\/blog.cancaonova.com\/metanoia\/wp-json\/wp\/v2\/media?parent=4774"}],"wp:term":[{"taxonomy":"category","embeddable":true,"href":"https:\/\/blog.cancaonova.com\/metanoia\/wp-json\/wp\/v2\/categories?post=4774"},{"taxonomy":"post_tag","embeddable":true,"href":"https:\/\/blog.cancaonova.com\/metanoia\/wp-json\/wp\/v2\/tags?post=4774"}],"curies":[{"name":"wp","href":"https:\/\/api.w.org\/{rel}","templated":true}]}}