{"id":4816,"date":"2014-08-05T14:36:40","date_gmt":"2014-08-05T17:36:40","guid":{"rendered":"http:\/\/blog.cancaonova.com\/metanoia\/?p=4816"},"modified":"2018-10-11T13:38:43","modified_gmt":"2018-10-11T16:38:43","slug":"sacerdote-reza-diante-do-tumulo-de-santo-estevao-pelos-cristaos-perseguidos","status":"publish","type":"post","link":"https:\/\/blog.cancaonova.com\/metanoia\/sacerdote-reza-diante-do-tumulo-de-santo-estevao-pelos-cristaos-perseguidos\/","title":{"rendered":"Sacerdote reza diante do t\u00famulo de Santo Estev\u00e3o pelos crist\u00e3os perseguidos"},"content":{"rendered":"<p><strong><span style=\"font-family: Arial, serif;\">Padre Arlon reza no t\u00famulo de Santo <\/span><span style=\"font-family: Arial, serif;\">Estev\u00e3o<\/span><span style=\"font-family: Arial, serif;\"> pela paz <\/span><span style=\"font-family: Arial, serif;\">no mundo <\/span><span style=\"font-family: Arial, serif;\">e pelos crist\u00e3os perseguidos.<\/span><\/strong><\/p>\n<p><img loading=\"lazy\" decoding=\"async\" class=\"aligncenter size-full wp-image-4824\" src=\"http:\/\/blog.cancaonova.com\/metanoia\/files\/2014\/08\/Sacerdote-reza-diante-do-t\u00famulo-de-Santo-Estev\u00e3o-pelos-crist\u00e3os-perseguidos.jpg\" alt=\"Sacerdote reza diante do t\u00famulo de Santo Estev\u00e3o pelos crist\u00e3os perseguidos\" width=\"610\" height=\"310\" srcset=\"https:\/\/blog.cancaonova.com\/metanoia\/files\/2014\/08\/Sacerdote-reza-diante-do-t\u00famulo-de-Santo-Estev\u00e3o-pelos-crist\u00e3os-perseguidos.jpg 610w, https:\/\/blog.cancaonova.com\/metanoia\/files\/2014\/08\/Sacerdote-reza-diante-do-t\u00famulo-de-Santo-Estev\u00e3o-pelos-crist\u00e3os-perseguidos-300x152.jpg 300w, https:\/\/blog.cancaonova.com\/metanoia\/files\/2014\/08\/Sacerdote-reza-diante-do-t\u00famulo-de-Santo-Estev\u00e3o-pelos-crist\u00e3os-perseguidos-150x75.jpg 150w\" sizes=\"(max-width: 610px) 100vw, 610px\" \/><\/p>\n<p>Em peregrina\u00e7\u00e3o na Terra Santa, diante do t\u00famulo do<strong> <a title=\"26DEZSanto Est\u00eav\u00e3o\" href=\"http:\/\/santo.cancaonova.com\/santo\/santo-estevao-primeiro-martir-de-toda-a-historia-catolica\/\" target=\"_blank\" rel=\"noopener\">primeiro m\u00e1rtir da Igreja<\/a><\/strong>, padre Arlon, mission\u00e1rio da Can\u00e7\u00e3o Nova&nbsp;rezou e intercedeu por todos os crist\u00e3os perseguidos pelo mundo, e&nbsp;pediu a paz e o fim das guerras.<\/p>\n<p><strong><span style=\"color: #ff0000;\">leia&nbsp;tamb\u00e9m:<\/span><\/strong><a href=\"http:\/\/formacao.cancaonova.com\/testemunhos\/gaza-x-israel-por-que\/\" target=\"_blank\" rel=\"noopener\">Gaza x Israel. Por qu\u00ea?<\/a><\/p>\n<p><strong>Assista ao&nbsp;v\u00eddeo:<\/strong><\/p>\n<p><iframe loading=\"lazy\" title=\"Padre Arlon reza pela paz no mundo e pelos crist\u00c3\u00a3os perseguidos\" width=\"600\" height=\"338\" src=\"https:\/\/www.youtube.com\/embed\/xkCqFyF3kz8?feature=oembed&amp;rel=0\" frameborder=\"0\" allow=\"accelerometer; autoplay; clipboard-write; encrypted-media; gyroscope; picture-in-picture; web-share\" referrerpolicy=\"strict-origin-when-cross-origin\" allowfullscreen><\/iframe><\/p>\n<p><strong>ORA\u00c7\u00c3O DO PADRE ARLON NO T\u00daMULO DE SANTO ESTEV\u00c3O<\/strong><\/p>\n<p><span style=\"font-family: Arial, serif;\">&#8220;Jesus aqui no t\u00famulo de Santo Est\u00eav\u00e3o queremos rezar por todos os crist\u00e3os que est\u00e3o perseguidos neste mundo. Por todos os crist\u00e3os Senhor, que assim como Santo Est\u00eav\u00e3o est\u00e3o sendo injusti\u00e7ados, e muitos que est\u00e3o dando a vida. Os <\/span><span style=\"font-family: Arial, serif;\">m\u00e1rtires<\/span><span style=\"font-family: Arial, serif;\"> inocentes. Queremos pedir Senhor por eles, pelas <\/span><span style=\"font-family: Arial, serif;\">fam\u00edlias<\/span><span style=\"font-family: Arial, serif;\"> deles, pelos familiares que agora choram a perca de entes queridos. <\/span><span style=\"font-family: Arial, serif;\">Tamb\u00e9m<\/span><span style=\"font-family: Arial, serif;\"> queremos pedir <\/span><span style=\"font-family: Arial, serif;\">por todas as pessoas que hoje est\u00e3o morrendo em Gaza, na S\u00edria, na L\u00edbia, no Iraque. Sim meu Deus cuida das fam\u00edlias. Daqueles que agora est\u00e3o \u00f3rf\u00e3os, <\/span><span style=\"font-family: Arial, serif;\">das crian\u00e7as que perderam seus pais, <\/span><span style=\"font-family: Arial, serif;\">das esposas que perderam seus maridos, e dos maridos que perderam suas esposas. <\/span><span style=\"font-family: Arial, serif;\">Cuida deles meu Deus. Toca Senhor no cora\u00e7\u00e3o dos governantes que podem trazer a paz. Toca no cora\u00e7\u00e3o daqueles que podem acabar com estas guerras. N\u00f3s pedimos meu Deus sobre eles a gra\u00e7a do poder do teu Espirito. Toca no teu povo sofrido, toca no seu povo que agora choram, no teu povo que n\u00e3o dormem com medo de morrer. N\u00f3s queremos pedir meu Deus pela intercess\u00e3o de Santo Estev\u00e3o recaia sobre os governantes, sobre o Oriente, sobre a <\/span><span style=\"font-family: Arial, serif;\">\u00c1sia<\/span><span style=\"font-family: Arial, serif;\">, sobre a <\/span><span style=\"font-family: Arial, serif;\">\u00c1frica<\/span><span style=\"font-family: Arial, serif;\">, <\/span><span style=\"font-family: Arial, serif;\">Am\u00e9rica<\/span><span style=\"font-family: Arial, serif;\"> e Europa a ben\u00e7\u00e3o. A ben\u00e7\u00e3o do teu da paz, do pr\u00edncipe da paz, de ti Senhor, a ben\u00e7\u00e3o do Deus todo poderoso, Pai, Filho e Espirito Santo. Am\u00e9m<\/span><\/p>\n<p style=\"text-align: left;\">&nbsp;<\/p>\n<h2>&nbsp;<\/h2>\n","protected":false},"excerpt":{"rendered":"<p>Padre Arlon reza no t\u00famulo de Santo Estev\u00e3o pela paz no mundo e pelos crist\u00e3os perseguidos. Em peregrina\u00e7\u00e3o na Terra Santa, diante do t\u00famulo do primeiro m\u00e1rtir da Igreja, padre Arlon, mission\u00e1rio da Can\u00e7\u00e3o Nova&nbsp;rezou e intercedeu por todos os&#8230;<\/p>\n","protected":false},"author":4719,"featured_media":0,"comment_status":"open","ping_status":"open","sticky":false,"template":"","format":"standard","meta":{"_mi_skip_tracking":false,"_monsterinsights_sitenote_active":false,"_monsterinsights_sitenote_note":"","_monsterinsights_sitenote_category":0,"footnotes":""},"categories":[57434],"tags":[],"_links":{"self":[{"href":"https:\/\/blog.cancaonova.com\/metanoia\/wp-json\/wp\/v2\/posts\/4816"}],"collection":[{"href":"https:\/\/blog.cancaonova.com\/metanoia\/wp-json\/wp\/v2\/posts"}],"about":[{"href":"https:\/\/blog.cancaonova.com\/metanoia\/wp-json\/wp\/v2\/types\/post"}],"author":[{"embeddable":true,"href":"https:\/\/blog.cancaonova.com\/metanoia\/wp-json\/wp\/v2\/users\/4719"}],"replies":[{"embeddable":true,"href":"https:\/\/blog.cancaonova.com\/metanoia\/wp-json\/wp\/v2\/comments?post=4816"}],"version-history":[{"count":11,"href":"https:\/\/blog.cancaonova.com\/metanoia\/wp-json\/wp\/v2\/posts\/4816\/revisions"}],"predecessor-version":[{"id":4823,"href":"https:\/\/blog.cancaonova.com\/metanoia\/wp-json\/wp\/v2\/posts\/4816\/revisions\/4823"}],"wp:attachment":[{"href":"https:\/\/blog.cancaonova.com\/metanoia\/wp-json\/wp\/v2\/media?parent=4816"}],"wp:term":[{"taxonomy":"category","embeddable":true,"href":"https:\/\/blog.cancaonova.com\/metanoia\/wp-json\/wp\/v2\/categories?post=4816"},{"taxonomy":"post_tag","embeddable":true,"href":"https:\/\/blog.cancaonova.com\/metanoia\/wp-json\/wp\/v2\/tags?post=4816"}],"curies":[{"name":"wp","href":"https:\/\/api.w.org\/{rel}","templated":true}]}}