{"id":6347,"date":"2015-10-12T09:49:43","date_gmt":"2015-10-12T12:49:43","guid":{"rendered":"http:\/\/blog.cancaonova.com\/metanoia\/?p=6347"},"modified":"2015-11-20T20:01:26","modified_gmt":"2015-11-20T22:01:26","slug":"o-tempo-esta-voando","status":"publish","type":"post","link":"https:\/\/blog.cancaonova.com\/metanoia\/o-tempo-esta-voando\/","title":{"rendered":"O tempo est\u00e1 voando..."},"content":{"rendered":"<p><strong>Quem nunca disse ou ouviu esta express\u00e3o: o tempo est\u00e1 voando.<\/strong><\/p>\n<p><a href=\"http:\/\/blog.cancaonova.com\/metanoia\/files\/2015\/10\/O-tempo-est\u00e1-voando.jpg\"><img loading=\"lazy\" decoding=\"async\" class=\"size-large wp-image-6348 aligncenter\" src=\"http:\/\/blog.cancaonova.com\/metanoia\/files\/2015\/10\/O-tempo-est\u00e1-voando-600x300.jpg\" alt=\"O tempo est\u00e1 voando\" width=\"600\" height=\"300\" srcset=\"https:\/\/blog.cancaonova.com\/metanoia\/files\/2015\/10\/O-tempo-est\u00e1-voando-600x300.jpg 600w, https:\/\/blog.cancaonova.com\/metanoia\/files\/2015\/10\/O-tempo-est\u00e1-voando-300x150.jpg 300w, https:\/\/blog.cancaonova.com\/metanoia\/files\/2015\/10\/O-tempo-est\u00e1-voando-150x75.jpg 150w\" sizes=\"(max-width: 600px) 100vw, 600px\" \/><\/a><\/p>\n<p>Ouvimos constantemente as pessoas dizerem estou sem tempo para isto, para aquilo. A impress\u00e3o \u00e9 que os ponteiros do rel\u00f3gio est\u00e3o mais r\u00e1pidos.<br \/>\n<!--more--><\/p>\n<p>\u00c9 certo que a sociedade passa por transforma\u00e7\u00e3o. O n\u00famero de informa\u00e7\u00f5es que temos acesso diariamente s\u00e3o 10 vezes maior do que t\u00ednhamos h\u00e1 \u00a0tr\u00eas anos. A quantidade de pessoas com as quais nos comunicamos chega a cansar nossa mente, e torna o nosso \u201cHD interno\u201d sobrecarregado e lento.<\/p>\n<p>Penso que o tempo n\u00e3o est\u00e1 voando. Na verdade, as pessoas t\u00eam realizado cada vez mais, atividades sem planejamento e equil\u00edbrio, acabam adoecendo. Sem d\u00favida \u00e9 grande o n\u00famero de pessoas que sofrem com doen\u00e7as causadas pelo excesso de trabalho.<\/p>\n<p>Contudo o tempo deve estar a nosso favor, n\u00e3o contra n\u00f3s! Na B\u00edblia, em Eclesiastes 3,1 diz: \u201c<em>h\u00e1 um tempo para cada coisa debaixo do c\u00e9u\u201d.<\/em>Com esta palavra somos convidados a administrar o tempo a nosso favor.<\/p>\n<p>Fazer um <em>chek-list<\/em> das atividades do dia \u00e9 uma boa sugest\u00e3o para quem deseja organizar o seu tempo. Um bom projeto de vida com metas a serem vencidas m\u00eas a m\u00eas tamb\u00e9m contribui para um bom come\u00e7o de carreira.<\/p>\n<p>Seja na \u00e1rea profissional, familiar, afetiva, o tempo deve estar a nosso favor. N\u00e3o podemos estar em dois lugares ao mesmo tempo, e nem realizar duas ou mais atividades em tempo real. \u00c9 necess\u00e1rio escolher primeiro o essencial, o mais importante.<\/p>\n<p>Infelizmente observamos que as pessoas passam mais tempo com os dispositivos m\u00f3veis do que dialogando olho no olho. Precisamos cultivar a cultura do encontro, a cultura do off-line!<br \/>\nColocando em pr\u00e1tica as realidades que trouxemos aqui, em breve voc\u00ea olhar\u00e1 no rel\u00f3gio e notar\u00e1 que o tempo est\u00e1 no seu curso normal, e voc\u00ea se tornar\u00e1 uma pessoa mais feliz!<\/p>\n","protected":false},"excerpt":{"rendered":"<p>Quem nunca disse ou ouviu esta express\u00e3o: o tempo est\u00e1 voando. Ouvimos constantemente as pessoas dizerem estou sem tempo para isto, para aquilo. A impress\u00e3o \u00e9 que os ponteiros do rel\u00f3gio est\u00e3o mais r\u00e1pidos.<\/p>\n","protected":false},"author":4719,"featured_media":0,"comment_status":"open","ping_status":"open","sticky":false,"template":"","format":"standard","meta":{"_mi_skip_tracking":false,"_monsterinsights_sitenote_active":false,"_monsterinsights_sitenote_note":"","_monsterinsights_sitenote_category":0,"footnotes":""},"categories":[23],"tags":[],"_links":{"self":[{"href":"https:\/\/blog.cancaonova.com\/metanoia\/wp-json\/wp\/v2\/posts\/6347"}],"collection":[{"href":"https:\/\/blog.cancaonova.com\/metanoia\/wp-json\/wp\/v2\/posts"}],"about":[{"href":"https:\/\/blog.cancaonova.com\/metanoia\/wp-json\/wp\/v2\/types\/post"}],"author":[{"embeddable":true,"href":"https:\/\/blog.cancaonova.com\/metanoia\/wp-json\/wp\/v2\/users\/4719"}],"replies":[{"embeddable":true,"href":"https:\/\/blog.cancaonova.com\/metanoia\/wp-json\/wp\/v2\/comments?post=6347"}],"version-history":[{"count":3,"href":"https:\/\/blog.cancaonova.com\/metanoia\/wp-json\/wp\/v2\/posts\/6347\/revisions"}],"predecessor-version":[{"id":6405,"href":"https:\/\/blog.cancaonova.com\/metanoia\/wp-json\/wp\/v2\/posts\/6347\/revisions\/6405"}],"wp:attachment":[{"href":"https:\/\/blog.cancaonova.com\/metanoia\/wp-json\/wp\/v2\/media?parent=6347"}],"wp:term":[{"taxonomy":"category","embeddable":true,"href":"https:\/\/blog.cancaonova.com\/metanoia\/wp-json\/wp\/v2\/categories?post=6347"},{"taxonomy":"post_tag","embeddable":true,"href":"https:\/\/blog.cancaonova.com\/metanoia\/wp-json\/wp\/v2\/tags?post=6347"}],"curies":[{"name":"wp","href":"https:\/\/api.w.org\/{rel}","templated":true}]}}