{"id":6420,"date":"2016-02-04T16:27:02","date_gmt":"2016-02-04T18:27:02","guid":{"rendered":"http:\/\/blog.cancaonova.com\/metanoia\/?p=6420"},"modified":"2016-02-04T16:27:02","modified_gmt":"2016-02-04T18:27:02","slug":"facebook-comemora-12-anos-com-dia-do-amigo","status":"publish","type":"post","link":"https:\/\/blog.cancaonova.com\/metanoia\/facebook-comemora-12-anos-com-dia-do-amigo\/","title":{"rendered":"Facebook comemora 12 anos com \"Dia do Amigo\""},"content":{"rendered":"<h2>Maior rede social do mundo cria &#8220;Dia do Amigo&#8221; para celebrar o anivers\u00e1rio.<\/h2>\n<p>Muita gente deve est\u00e1 se perguntando: \u00e9 hoje mesmo o dia do amigo? No Brasil dia do amigo \u00e9 comemorado 20\u00a0\u00a0julho. Mas para comemorar seus 12 ano de funda\u00e7\u00e3o a maior rede social do mundo, est\u00e1 oferecendo um v\u00eddeo para seus usu\u00e1rios intitulado &#8220;Dia do Amigo&#8221;.<\/p>\n<p>Os usu\u00e1rios\u00a0do facebook ao conectar pela primeira vez neste dia receberam na sua timeline um v\u00eddeo de fotos, cards, e trilha sonora que pode ser editado e compartilhado<\/p>\n<p><img loading=\"lazy\" decoding=\"async\" class=\"aligncenter size-full wp-image-6425\" src=\"http:\/\/blog.cancaonova.com\/metanoia\/files\/2016\/02\/Facebook-comemora-12-anos-com-Dia-do-Amigo.jpg\" alt=\"Facebook comemora 12 anos com Dia do Amigo\" width=\"586\" height=\"278\" srcset=\"https:\/\/blog.cancaonova.com\/metanoia\/files\/2016\/02\/Facebook-comemora-12-anos-com-Dia-do-Amigo.jpg 586w, https:\/\/blog.cancaonova.com\/metanoia\/files\/2016\/02\/Facebook-comemora-12-anos-com-Dia-do-Amigo-300x142.jpg 300w\" sizes=\"(max-width: 586px) 100vw, 586px\" \/><\/p>\n<p>Fundada em 2004 a rede social de Mark Zuckerberg conta hoje com mais de 1 bilh\u00e3o de 1,59 bilh\u00e3o de usu\u00e1rios. Um pr\u00e9-adolescente da web a rede social pretende conquistar ainda mais os usu\u00e1rios.<\/p>\n<p style=\"text-align: center\"><strong><a href=\"http:\/\/fb.com\/cancaonova\" target=\"_blank\">Curta a pagina da Can\u00e7\u00e3o Nova: \u00a0facebook.com\/cancaonova<\/a><\/strong><\/p>\n<p>Al\u00e9m dos v\u00eddeos foi liberado dois novos pacotes de \u201cstickers\u201d, as imagens animadas que podem ser enviadas por mensagem ou publicadas em coment\u00e1rios e posts.<\/p>\n","protected":false},"excerpt":{"rendered":"<p>Maior rede social do mundo cria &#8220;Dia do Amigo&#8221; para celebrar o anivers\u00e1rio. Muita gente deve est\u00e1 se perguntando: \u00e9 hoje mesmo o dia do amigo? No Brasil dia do amigo \u00e9 comemorado 20\u00a0\u00a0julho. Mas para comemorar seus 12 ano&#8230;<\/p>\n","protected":false},"author":4719,"featured_media":0,"comment_status":"open","ping_status":"open","sticky":false,"template":"","format":"standard","meta":{"_mi_skip_tracking":false,"_monsterinsights_sitenote_active":false,"_monsterinsights_sitenote_note":"","_monsterinsights_sitenote_category":0,"footnotes":""},"categories":[46634],"tags":[],"_links":{"self":[{"href":"https:\/\/blog.cancaonova.com\/metanoia\/wp-json\/wp\/v2\/posts\/6420"}],"collection":[{"href":"https:\/\/blog.cancaonova.com\/metanoia\/wp-json\/wp\/v2\/posts"}],"about":[{"href":"https:\/\/blog.cancaonova.com\/metanoia\/wp-json\/wp\/v2\/types\/post"}],"author":[{"embeddable":true,"href":"https:\/\/blog.cancaonova.com\/metanoia\/wp-json\/wp\/v2\/users\/4719"}],"replies":[{"embeddable":true,"href":"https:\/\/blog.cancaonova.com\/metanoia\/wp-json\/wp\/v2\/comments?post=6420"}],"version-history":[{"count":6,"href":"https:\/\/blog.cancaonova.com\/metanoia\/wp-json\/wp\/v2\/posts\/6420\/revisions"}],"predecessor-version":[{"id":6431,"href":"https:\/\/blog.cancaonova.com\/metanoia\/wp-json\/wp\/v2\/posts\/6420\/revisions\/6431"}],"wp:attachment":[{"href":"https:\/\/blog.cancaonova.com\/metanoia\/wp-json\/wp\/v2\/media?parent=6420"}],"wp:term":[{"taxonomy":"category","embeddable":true,"href":"https:\/\/blog.cancaonova.com\/metanoia\/wp-json\/wp\/v2\/categories?post=6420"},{"taxonomy":"post_tag","embeddable":true,"href":"https:\/\/blog.cancaonova.com\/metanoia\/wp-json\/wp\/v2\/tags?post=6420"}],"curies":[{"name":"wp","href":"https:\/\/api.w.org\/{rel}","templated":true}]}}