{"id":6615,"date":"2019-03-06T14:08:48","date_gmt":"2019-03-06T17:08:48","guid":{"rendered":"http:\/\/blog.cancaonova.com\/metanoia\/?p=6615"},"modified":"2021-03-10T09:24:15","modified_gmt":"2021-03-10T12:24:15","slug":"perdoar-e-reconciliar-com-a-historia","status":"publish","type":"post","link":"https:\/\/blog.cancaonova.com\/metanoia\/perdoar-e-reconciliar-com-a-historia\/","title":{"rendered":"Perdoar e reconciliar com a hist\u00f3ria"},"content":{"rendered":"<h3>N\u00e3o h\u00e1 montanha sem subida. N\u00e3o existe hist\u00f3ria que n\u00e3o possa ser curada.<\/h3>\n<p>A vida \u00e9 um cont\u00ednuo movimento, j\u00e1 dizia Her\u00e1clito, fil\u00f3sofo grego do s\u00e9culo 535 a.C. No movimento da vida, nos deparamos com as descobertas do mundo, das coisas boas e m\u00e1s. Aprendemos a escolher, dizer sim ou n\u00e3o.<\/p>\n<p>No curso natural da hist\u00f3ria fomos fragilizados e machucados, muitas vezes por nossas pr\u00f3prias escolhas e ora por escolhas de terceiros. Sem sombra de d\u00favidas tais machucaduras deixaram marcas negativas em nossa vida.<\/p>\n<div>\n<dl id=\"attachment_6616\">\n<dt><img loading=\"lazy\" decoding=\"async\" src=\"http:\/\/blog.cancaonova.com\/metanoia\/files\/2016\/06\/Perdoar-e-reconciliar-com-a-histria.jpg\" alt=\"&quot;N\u00e3o existe hist\u00f3ria que n\u00e3o possa ser curada&quot;. - Foto: Wesley Almeida\/cancaonova.com\" width=\"600\" height=\"350\" \/><\/dt>\n<dd>&#8220;N\u00e3o existe hist\u00f3ria que n\u00e3o possa ser curada&#8221;. &#8211; Foto: Wesley Almeida\/cancaonova.com<\/dd>\n<\/dl>\n<\/div>\n<p>Seja no ambiente familiar, pela educa\u00e7\u00e3o que nossos pais ou familiares nos deram, seja no ambiente escolar: a hist\u00f3ria no deixou feridas.<\/p>\n<p>Reconciliar com a pr\u00f3pria hist\u00f3ria, muitas das vezes ser\u00e1 necess\u00e1rio voltar ao passado &#8211; seja no pensamento ou nos lugares concretos &#8211; para dar um &#8220;bye&#8221; \u00e0quilo que nos machucou.<!--more--><\/p>\n<p>Assistindo ao filme \u201cQuarto de Jakc\u201d pude fazer mem\u00f3ria de minha vida e perceber o quanto ainda preciso reconciliar com minha hist\u00f3ria. No filme, o menino Jack, um dos personagens principais, volta com sua m\u00e3e no &#8220;quarto&#8221; onde eles ficaram sequestrados e presos por 7 anos, e ali, ao observar cada detalhe do quarto, ao sair ele se despede dos objetos.<\/p>\n<p>Veja o trailer do filme<\/p>\n<p><iframe loading=\"lazy\" title=\"O Quarto de Jack - Trailer Oficial\" width=\"600\" height=\"338\" src=\"https:\/\/www.youtube.com\/embed\/IeM5qJp2v8Y?feature=oembed&amp;rel=0\" frameborder=\"0\" allow=\"accelerometer; autoplay; clipboard-write; encrypted-media; gyroscope; picture-in-picture; web-share\" referrerpolicy=\"strict-origin-when-cross-origin\" allowfullscreen><\/iframe><\/p>\n<p>Sem pretens\u00e3o, mas na naturalidade de crian\u00e7a, Jack contribui para que sua m\u00e3e reconcilie com seu passado. N\u00e3o vou aqui contar o filme (que inclusive deixo como dica para voc\u00ea assistir), mas quero com este exemplo lev\u00e1-lo a refletir e pensar: a que lugar de sua hist\u00f3ria voc\u00ea precisa voltar para reconciliar?<\/p>\n<h3><strong>Cura Interior<\/strong><\/h3>\n<p>Na Renova\u00e7\u00e3o Carism\u00e1tica denominamos este processo como cura <a href=\"https:\/\/formacao.cancaonova.com\/espiritualidade\/cura-interior\/a-importancia-da-cura-interior\/\" target=\"_blank\" rel=\"noopener\">interior.<\/a> Basta lembrar as diversas prega\u00e7\u00f5es que o saudoso Padre L\u00e9o abordou com esta tem\u00e1tica.<\/p>\n<p>N\u00e3o h\u00e1 montanha sem subida. N\u00e3o existe hist\u00f3ria que n\u00e3o possa ser curada. Tenhamos a coragem de voltar: tocar no que for preciso e recome\u00e7ar o novo tempo em nossas vidas. Disse o &#8220;fulano de tal&#8221; que o nosso passado n\u00e3o define o nosso futuro. Entretanto, podemos ser mais felizes em nossos relacionamentos se formos curados das feridas que o passado nos causou.<\/p>\n<p>Antes de querer compartilhar esta reflex\u00e3o nos bot\u00f5es de <em>&#8220;share&#8221;<\/em> acima ou abaixo, ou at\u00e9 mesmo imprimi-la e deixar nas recep\u00e7\u00f5es dos consult\u00f3rios etc, \u00e9 preciso ter atitude concreta de parar e refletir sobre sua vida e depois agir.<\/p>\n<p>Aconselho anotar em um caderno os pensamentos e as lembran\u00e7as que surgir. Se necess\u00e1rio, procure algu\u00e9m para conversar. E se ainda tiver a oportunidade, v\u00e1 diante de Jesus no Sant\u00edssimo Sacramento e reze a ora\u00e7\u00e3o abaixo:<\/p>\n<p>ORA\u00c7\u00c3O<\/p>\n<p>Senhor Jesus, passeia comigo pela minha hist\u00f3ria. Ilumina com teu Santo Esp\u00edrito as \u00e1reas escuras por onde passei. Sei que sozinho sou incapaz de fazer este caminho de cura interior. Senhor, fica comigo! Virgem Maria, passa na frente e abre os caminhos! Tudo o que vivi na gesta\u00e7\u00e3o, ainda na barriga da minha m\u00e3e, na inf\u00e2ncia, adolesc\u00eancia, juventude e na fase em que estou, cura e restaura, Senhor. Eu te dou acesso. Faz a tua obra em minha hist\u00f3ria. Em teu nome eu perdoo aqueles que machucaram com palavras e a\u00e7\u00f5es. Am\u00e9m<\/p>\n","protected":false},"excerpt":{"rendered":"<p>N\u00e3o h\u00e1 montanha sem subida. N\u00e3o existe hist\u00f3ria que n\u00e3o possa ser curada. Tenhamos a coragem de voltar: tocar no que for preciso e recome\u00e7ar o novo tempo em nossas vidas. <a href=\"https:\/\/blog.cancaonova.com\/metanoia\/perdoar-e-reconciliar-com-a-historia\/\">Continue lendo <span class=\"meta-nav\">&rarr;<\/span><\/a><\/p>\n","protected":false},"author":4719,"featured_media":6616,"comment_status":"open","ping_status":"closed","sticky":false,"template":"","format":"standard","meta":{"_mi_skip_tracking":false,"_monsterinsights_sitenote_active":false,"_monsterinsights_sitenote_note":"","_monsterinsights_sitenote_category":0,"footnotes":""},"categories":[165352,2621],"tags":[],"_links":{"self":[{"href":"https:\/\/blog.cancaonova.com\/metanoia\/wp-json\/wp\/v2\/posts\/6615"}],"collection":[{"href":"https:\/\/blog.cancaonova.com\/metanoia\/wp-json\/wp\/v2\/posts"}],"about":[{"href":"https:\/\/blog.cancaonova.com\/metanoia\/wp-json\/wp\/v2\/types\/post"}],"author":[{"embeddable":true,"href":"https:\/\/blog.cancaonova.com\/metanoia\/wp-json\/wp\/v2\/users\/4719"}],"replies":[{"embeddable":true,"href":"https:\/\/blog.cancaonova.com\/metanoia\/wp-json\/wp\/v2\/comments?post=6615"}],"version-history":[{"count":6,"href":"https:\/\/blog.cancaonova.com\/metanoia\/wp-json\/wp\/v2\/posts\/6615\/revisions"}],"predecessor-version":[{"id":7767,"href":"https:\/\/blog.cancaonova.com\/metanoia\/wp-json\/wp\/v2\/posts\/6615\/revisions\/7767"}],"wp:featuredmedia":[{"embeddable":true,"href":"https:\/\/blog.cancaonova.com\/metanoia\/wp-json\/wp\/v2\/media\/6616"}],"wp:attachment":[{"href":"https:\/\/blog.cancaonova.com\/metanoia\/wp-json\/wp\/v2\/media?parent=6615"}],"wp:term":[{"taxonomy":"category","embeddable":true,"href":"https:\/\/blog.cancaonova.com\/metanoia\/wp-json\/wp\/v2\/categories?post=6615"},{"taxonomy":"post_tag","embeddable":true,"href":"https:\/\/blog.cancaonova.com\/metanoia\/wp-json\/wp\/v2\/tags?post=6615"}],"curies":[{"name":"wp","href":"https:\/\/api.w.org\/{rel}","templated":true}]}}