{"id":7254,"date":"2019-04-02T22:10:17","date_gmt":"2019-04-03T01:10:17","guid":{"rendered":"https:\/\/blog.cancaonova.com\/metanoia\/?p=7254"},"modified":"2019-08-20T15:40:37","modified_gmt":"2019-08-20T18:40:37","slug":"cancao-nova-terra-phn","status":"publish","type":"post","link":"https:\/\/blog.cancaonova.com\/metanoia\/cancao-nova-terra-phn\/","title":{"rendered":"Can\u00e7\u00e3o Nova, a terra do  PHN"},"content":{"rendered":"<h2>PHN 2019 tem como proposta preparar os jovens para serem verdadeiros guerreiros na luta contra o pecado<\/h2>\n<p>O PHN 2019 acontece dos dias 10 a 14 julho, na&nbsp;<a title=\"Comunidade Can\u00e7\u00e3o Nova\" href=\"https:\/\/comunidade.cancaonova.com\/quem-somos\/\" target=\"_blank\" rel=\"noopener\">Comunidade Can\u00e7\u00e3o Nova<\/a>, localizada na cidade de Cachoeira Paulista (SP). A juventude cat\u00f3lica de todo o Brasil se re\u00fane para o evento mais esperado do ano: o&nbsp;<a title=\"Dunga recorda hist\u00f3ria do acampamento\" href=\"https:\/\/noticias.cancaonova.com\/brasil\/phn-20-anos-dunga-recorda-historia-do-acampamento\/\" target=\"_blank\" rel=\"noopener\">Acampamento PHN<\/a>&nbsp;(Por Hoje N\u00e3o, por hoje n\u00e3o vou mais pecar).&nbsp;Veja as informa\u00e7\u00f5es completa no site&nbsp;<a href=\"https:\/\/eventos.cancaonova.com\/edicao\/phn-4\/\" target=\"_blank\" rel=\"noopener\">eventos.cancaonova.com.&nbsp;<\/a><\/p>\n<p><img loading=\"lazy\" decoding=\"async\" class=\"aligncenter size-full wp-image-7305\" src=\"https:\/\/blog.cancaonova.com\/metanoia\/files\/2019\/04\/Can\u00e7\u00e3o-Nova-a-terra-do-PHN.png\" alt=\"\" width=\"1000\" height=\"1000\" srcset=\"https:\/\/blog.cancaonova.com\/metanoia\/files\/2019\/04\/Can\u00e7\u00e3o-Nova-a-terra-do-PHN.png 1000w, https:\/\/blog.cancaonova.com\/metanoia\/files\/2019\/04\/Can\u00e7\u00e3o-Nova-a-terra-do-PHN-150x150.png 150w, https:\/\/blog.cancaonova.com\/metanoia\/files\/2019\/04\/Can\u00e7\u00e3o-Nova-a-terra-do-PHN-300x300.png 300w, https:\/\/blog.cancaonova.com\/metanoia\/files\/2019\/04\/Can\u00e7\u00e3o-Nova-a-terra-do-PHN-768x768.png 768w, https:\/\/blog.cancaonova.com\/metanoia\/files\/2019\/04\/Can\u00e7\u00e3o-Nova-a-terra-do-PHN-144x144.png 144w\" sizes=\"(max-width: 1000px) 100vw, 1000px\" \/><\/p>\n<h2 style=\"text-align: center\"><span style=\"color: #ff0000\"><a href=\"http:\/\/bit.ly\/divulgarphn2019\" target=\"_blank\" rel=\"noopener\">Clique aqui e baixe os arquivos de divulga\u00e7\u00e3o do PHN 2019<\/a><\/span><\/h2>\n<p style=\"font-weight: 400\">A inspira\u00e7\u00e3o para as prega\u00e7\u00f5es do encontro est\u00e1 na Palavra de Deus, em Ef\u00e9sios 6,13-17:<\/p>\n<p style=\"font-weight: 400\"><i><em style=\"font-weight: inherit\">&#8220;Tomai, portanto, a armadura de Deus, para que possais resistir nos dias maus e manter-vos inabal\u00e1veis no cumprimento do vosso dever. Ficai alerta, \u00e0 cintura cingidos com a verdade, o corpo vestido com a coura\u00e7a da justi\u00e7a, e os p\u00e9s cal\u00e7ados de prontid\u00e3o para anunciar o Evangelho da paz. Sobretudo, embra\u00e7ai o escudo da f\u00e9, com que possais apagar todos os dardos inflamados do Maligno. Tomai, enfim, o capacete da salva\u00e7\u00e3o e a espada do Esp\u00edrito, isto \u00e9, a Palavra de Deus.&#8221;&nbsp;&nbsp;<\/em><\/i><\/p>\n<p><a href=\"https:\/\/docs.google.com\/forms\/d\/e\/1FAIpQLSco-W_og36ocEWIgAIgUW8XfZJf_jPdj0wsjLOVc0cUz4rcUQ\/viewform\" target=\"_blank\" rel=\"noopener\"> <img loading=\"lazy\" decoding=\"async\" class=\"size-full wp-image-7310 aligncenter\" src=\"https:\/\/blog.cancaonova.com\/metanoia\/files\/2019\/04\/Registre-aqui-sua-caravana.png\" alt=\"\" width=\"728\" height=\"90\" srcset=\"https:\/\/blog.cancaonova.com\/metanoia\/files\/2019\/04\/Registre-aqui-sua-caravana.png 728w, https:\/\/blog.cancaonova.com\/metanoia\/files\/2019\/04\/Registre-aqui-sua-caravana-300x37.png 300w\" sizes=\"(max-width: 728px) 100vw, 728px\" \/><\/a><\/p>\n<h3>Hist\u00f3ria do PHN<\/h3>\n<p>Em 2018, a proposta&nbsp; PHN completou 20 anos. Assista ao v\u00eddeo da retrospectiva.&nbsp;O&nbsp;<em>PHN<\/em>&nbsp;(<a href=\"https:\/\/eventos.cancaonova.com\/cobertura\/o-que-e-o-phn-como-nasceu\/\" target=\"_blank\" rel=\"noopener\">Por Hoje N\u00e3o<\/a>) \u00e9 um movimento de combate ao pecado criado para jovens, que prega a luta pelas coisas divinas no dia ap\u00f3s dia.<\/p>\n<p><iframe loading=\"lazy\" title=\"Retrospectiva PHN - 20 anos\" width=\"600\" height=\"338\" src=\"https:\/\/www.youtube.com\/embed\/pfHmAZ2QR_s?feature=oembed&amp;rel=0\" frameborder=\"0\" allow=\"accelerometer; autoplay; clipboard-write; encrypted-media; gyroscope; picture-in-picture; web-share\" referrerpolicy=\"strict-origin-when-cross-origin\" allowfullscreen><\/iframe><\/p>\n<h3>Frases sobre PHN<\/h3>\n<p>&#8220;Ser santo n\u00e3o \u00e9 simplesmente o \u201cPHN\u201d (Por Hoje N\u00e3o), esse \u00e9 somente o come\u00e7o da hist\u00f3ria. As pessoas baratearam a santidade. Elas acreditam que \u00e9 s\u00f3 &nbsp;parar de pecar. Se voc\u00ea parou de pecar, ainda est\u00e1 na estaca zero. Ser santo \u00e9 amar! Se a Can\u00e7\u00e3o Nova vive a santidade, ela precisa amar&#8221; (Padre Paulo Ricardo).<\/p>\n<p>&#8220;Eu s\u00f3 tenho o dia que se chama hoje. Eu quero estar, talvez n\u00e3o preparado, mas na expectativa. A qualquer momento esse mesmo Jesus vai voltar e pode me encontrar ca\u00eddo, mas ca\u00eddo no campo de batalha. Lutando, lutando!&#8221; (Dunga).<\/p>\n<p><strong>Veja tamb\u00e9m:&nbsp;<\/strong><\/p>\n<p><a href=\"https:\/\/eventos.cancaonova.com\/phn\/pregacoes\/ou-santos-ou-nada\/\" target=\"_blank\" rel=\"noopener\">Ou santos ou nada<\/a><\/p>\n<p><a href=\"https:\/\/eventos.cancaonova.com\/phn\/pregacoes\/santidade-e-o-positivo-phn\/\" target=\"_blank\" rel=\"noopener\">A santidade \u00e9 o positivo do PHN<\/a><\/p>\n<p><a href=\"https:\/\/eventos.cancaonova.com\/phn\/pregacoes\/filho-eis-tua-mae\/\" target=\"_blank\" rel=\"noopener\">Filho, eis tua M\u00e3e<\/a><\/p>\n<p>&nbsp;<\/p>\n<p>&nbsp;<\/p>\n","protected":false},"excerpt":{"rendered":"<p>O PHN 2019 acontece dos dias 10 a 14 julho, na\u00a0Comunidade Can\u00e7\u00e3o Nova, localizada na cidade de Cachoeira Paulista (SP). A juventude cat\u00f3lica de todo o Brasil se re\u00fane para o evento mais esperado do ano: o\u00a0Acampamento PHN\u00a0(Por Hoje N\u00e3o, por hoje n\u00e3o vou mais pecar).\u00a0 <a href=\"https:\/\/blog.cancaonova.com\/metanoia\/cancao-nova-terra-phn\/\">Continue lendo <span class=\"meta-nav\">&rarr;<\/span><\/a><\/p>\n","protected":false},"author":4719,"featured_media":7256,"comment_status":"open","ping_status":"closed","sticky":false,"template":"","format":"standard","meta":{"_mi_skip_tracking":false,"_monsterinsights_sitenote_active":false,"_monsterinsights_sitenote_note":"","_monsterinsights_sitenote_category":0,"footnotes":""},"categories":[19],"tags":[13021,180286,180285],"_links":{"self":[{"href":"https:\/\/blog.cancaonova.com\/metanoia\/wp-json\/wp\/v2\/posts\/7254"}],"collection":[{"href":"https:\/\/blog.cancaonova.com\/metanoia\/wp-json\/wp\/v2\/posts"}],"about":[{"href":"https:\/\/blog.cancaonova.com\/metanoia\/wp-json\/wp\/v2\/types\/post"}],"author":[{"embeddable":true,"href":"https:\/\/blog.cancaonova.com\/metanoia\/wp-json\/wp\/v2\/users\/4719"}],"replies":[{"embeddable":true,"href":"https:\/\/blog.cancaonova.com\/metanoia\/wp-json\/wp\/v2\/comments?post=7254"}],"version-history":[{"count":12,"href":"https:\/\/blog.cancaonova.com\/metanoia\/wp-json\/wp\/v2\/posts\/7254\/revisions"}],"predecessor-version":[{"id":7465,"href":"https:\/\/blog.cancaonova.com\/metanoia\/wp-json\/wp\/v2\/posts\/7254\/revisions\/7465"}],"wp:featuredmedia":[{"embeddable":true,"href":"https:\/\/blog.cancaonova.com\/metanoia\/wp-json\/wp\/v2\/media\/7256"}],"wp:attachment":[{"href":"https:\/\/blog.cancaonova.com\/metanoia\/wp-json\/wp\/v2\/media?parent=7254"}],"wp:term":[{"taxonomy":"category","embeddable":true,"href":"https:\/\/blog.cancaonova.com\/metanoia\/wp-json\/wp\/v2\/categories?post=7254"},{"taxonomy":"post_tag","embeddable":true,"href":"https:\/\/blog.cancaonova.com\/metanoia\/wp-json\/wp\/v2\/tags?post=7254"}],"curies":[{"name":"wp","href":"https:\/\/api.w.org\/{rel}","templated":true}]}}