{"id":7517,"date":"2019-07-18T17:15:14","date_gmt":"2019-07-18T20:15:14","guid":{"rendered":"https:\/\/blog.cancaonova.com\/metanoia\/?p=7517"},"modified":"2019-07-18T17:17:06","modified_gmt":"2019-07-18T20:17:06","slug":"santidade-tambem-e-para-ti","status":"publish","type":"post","link":"https:\/\/blog.cancaonova.com\/metanoia\/santidade-tambem-e-para-ti\/","title":{"rendered":"A santidade tamb\u00e9m \u00e9 para ti"},"content":{"rendered":"<p>&#8220;A santidade n\u00e3o te torna menos humano, nem evita a cruz, mas \u00e9 o encontro da tua fragilidade com a gra\u00e7a de Deus. Ser santo consiste em viver plenamente.&#8221; Reitor maior \u00c1ngel Fern\u00e1ndez Artime&nbsp;<\/p>\n<div id=\"collapsible\" class=\"style-scope ytd-metadata-row-container-renderer\">&nbsp;<\/div>\n<p><iframe loading=\"lazy\" title=\"Strenna 2019 Portugu\u00c3\u00aas\" width=\"600\" height=\"338\" src=\"https:\/\/www.youtube.com\/embed\/aMZygWtfbP0?feature=oembed&amp;rel=0\" frameborder=\"0\" allow=\"accelerometer; autoplay; clipboard-write; encrypted-media; gyroscope; picture-in-picture; web-share\" referrerpolicy=\"strict-origin-when-cross-origin\" allowfullscreen><\/iframe><\/p>\n<h3>Baixe&nbsp;Apresenta\u00e7\u00e3o Estreia 2019&nbsp; &#8211; <a href=\"https:\/\/drive.google.com\/open?id=1TsCZF6iMrqxjZZ5uYWou1IDZfM1OhXuR\" target=\"_blank\" rel=\"noopener\">Formato DOC<\/a> | <a href=\"https:\/\/www.dropbox.com\/s\/i5b1ky4uj5i1gg4\/Apresenta%C3%A7%C3%A3o%20Estreia%202019%20Epub.epub?dl=0\" target=\"_blank\" rel=\"noopener\">Formato Epub<\/a><\/h3>\n<h2>Can\u00e7\u00e3o Nova e a Fam\u00edlia Salesiana<\/h2>\n<p>Em 2009, a Can\u00e7\u00e3o Nova recebeu o <a href=\"https:\/\/noticias.cancaonova.com\/mundo\/a-cancao-nova-e-admitida-na-familia-salesiana\/\" target=\"_blank\" rel=\"noopener\">reconhecimento como grupo da Fam\u00edlia Salesiana<\/a>. Os salesianos reconheceram que o trabalho evangelizador da comunidade \u00e9 baseado na metodologia de Dom Bosco. Esta aprova\u00e7\u00e3o j\u00e1 era aguardada por toda a Can\u00e7\u00e3o Nova, especialmente de Monsenhor Jonas Abib, ordenado em 8 de dezembro de 1964 em um Semin\u00e1rio Salesiano.<\/p>\n<h2>Quem \u00e9 a Fam\u00edlia Salesiana?<\/h2>\n<p>A Fam\u00edlia salesiana \u00e9 um conjunto de diferentes institui\u00e7\u00f5es e movimentos cat\u00f3licos que se prop\u00f5em a seguir a espiritualidade e a miss\u00e3o propostas por Dom Bosco. Como essa espiritualidade se fundamenta nos escritos de S\u00e3o Francisco de Sales, que prop\u00f4s a alegria como caminho de santidade, \u00e9 denominada de salesiana.<\/p>\n<p>Dom Bosco inspirou o in\u00edcio de um vasto movimento de pessoas que trabalham de diversos modos em favor da juventude. A Fam\u00edlia Salesiana compreende hoje vinte e oito grupos oficialmente reconhecidos com um total de mais de 402.500 membros. Esses grupos vivem em comunh\u00e3o rec\u00edproca, compartilham o mesmo esp\u00edrito e continuam a miss\u00e3o iniciada por ele com voca\u00e7\u00f5es especificamente distintas.[1]<\/p>\n<p><em>A Fam\u00edlia salesiana de Dom Bosco. Direzione Generale Opere di Don Bosco \u2013 Roma. 2000<\/em><\/p>\n<p><strong>Contatos:<\/strong><\/p>\n<p>Inspetoria Salesiana de Nossa Senhora Auxiliadora<\/p>\n<p>Largo Cora\u00e7\u00e3o de Jesus, 140 \u2013 Campos El\u00edseos<\/p>\n<p>S\u00e3o Paulo &#8211; SP, CEP 01215-020 &#8211; Tel: 11 3225 5800<\/p>\n","protected":false},"excerpt":{"rendered":"<p>&#8220;A santidade n\u00e3o te torna menos humano, nem evita a cruz, mas \u00e9 o encontro da tua fragilidade com a gra\u00e7a de Deus. Ser santo consiste em viver plenamente.&#8221; Reitor maior \u00c1ngel Fern\u00e1ndez Artime&nbsp; &nbsp; Baixe&nbsp;Apresenta\u00e7\u00e3o Estreia 2019&nbsp; &#8211; Formato&#8230;<\/p>\n","protected":false},"author":4719,"featured_media":7520,"comment_status":"open","ping_status":"closed","sticky":false,"template":"","format":"video","meta":{"_mi_skip_tracking":false,"_monsterinsights_sitenote_active":false,"_monsterinsights_sitenote_note":"","_monsterinsights_sitenote_category":0,"footnotes":""},"categories":[23],"tags":[],"_links":{"self":[{"href":"https:\/\/blog.cancaonova.com\/metanoia\/wp-json\/wp\/v2\/posts\/7517"}],"collection":[{"href":"https:\/\/blog.cancaonova.com\/metanoia\/wp-json\/wp\/v2\/posts"}],"about":[{"href":"https:\/\/blog.cancaonova.com\/metanoia\/wp-json\/wp\/v2\/types\/post"}],"author":[{"embeddable":true,"href":"https:\/\/blog.cancaonova.com\/metanoia\/wp-json\/wp\/v2\/users\/4719"}],"replies":[{"embeddable":true,"href":"https:\/\/blog.cancaonova.com\/metanoia\/wp-json\/wp\/v2\/comments?post=7517"}],"version-history":[{"count":4,"href":"https:\/\/blog.cancaonova.com\/metanoia\/wp-json\/wp\/v2\/posts\/7517\/revisions"}],"predecessor-version":[{"id":7523,"href":"https:\/\/blog.cancaonova.com\/metanoia\/wp-json\/wp\/v2\/posts\/7517\/revisions\/7523"}],"wp:featuredmedia":[{"embeddable":true,"href":"https:\/\/blog.cancaonova.com\/metanoia\/wp-json\/wp\/v2\/media\/7520"}],"wp:attachment":[{"href":"https:\/\/blog.cancaonova.com\/metanoia\/wp-json\/wp\/v2\/media?parent=7517"}],"wp:term":[{"taxonomy":"category","embeddable":true,"href":"https:\/\/blog.cancaonova.com\/metanoia\/wp-json\/wp\/v2\/categories?post=7517"},{"taxonomy":"post_tag","embeddable":true,"href":"https:\/\/blog.cancaonova.com\/metanoia\/wp-json\/wp\/v2\/tags?post=7517"}],"curies":[{"name":"wp","href":"https:\/\/api.w.org\/{rel}","templated":true}]}}