{"id":7554,"date":"2017-09-11T13:29:58","date_gmt":"2017-09-11T16:29:58","guid":{"rendered":"https:\/\/blog.cancaonova.com\/metanoia\/?p=7554"},"modified":"2019-09-11T13:38:59","modified_gmt":"2019-09-11T16:38:59","slug":"dicas-papa-bento-xvi-para-ler-o-compendio-catecismo-da-igreja-catolica","status":"publish","type":"post","link":"https:\/\/blog.cancaonova.com\/metanoia\/dicas-papa-bento-xvi-para-ler-o-compendio-catecismo-da-igreja-catolica\/","title":{"rendered":"Dicas do Papa Bento XVI para ler o Comp\u00eandio do Catecismo da Igreja Cat\u00f3lica"},"content":{"rendered":"<h2>Comp\u00eandio n\u00e3o \u00e9 uma obra aut\u00f4noma, pois n\u00e3o pretende, de modo nenhum, substituir o Catecismo da Igreja Cat\u00f3lica<\/h2>\n<p>Reunimos de forma din\u00e2mica algumas dicas do Papa em\u00e9rito Bento XVI para uma leitura ativa do&nbsp;Comp\u00eandio<sup>1<\/sup>&nbsp;do Catecismo da Igreja Cat\u00f3lica.&nbsp;&nbsp;Ratzinger afirma que &#8220;antes de mais, o Comp\u00eandio n\u00e3o \u00e9 uma obra aut\u00f4noma, pois n\u00e3o pretende, de modo nenhum, substituir o Catecismo da Igreja Cat\u00f3lica: pelo contr\u00e1rio. remete continuamente para ele, quer mediante a indica\u00e7\u00e3o, ponto por ponto, dos n\u00fameros a que se refere, quer atrav\u00e9s da cont\u00ednua refer\u00eancia \u00e0 estrutura, ao desenvolvimento e aos seus conte\u00fados. Al\u00e9m disso o Comp\u00eandio pretende despertar um renovado interesse e fervor em rela\u00e7\u00e3o ao Catecismo, que, com a sua s\u00e1bia exposi\u00e7\u00e3o e a sua un\u00e7\u00e3o espiritual, permanece sempre o texto de base da catequese eclesial de hoje&#8221;.<\/p>\n<div id=\"attachment_7555\" style=\"width: 778px\" class=\"wp-caption aligncenter\"><img loading=\"lazy\" decoding=\"async\" aria-describedby=\"caption-attachment-7555\" class=\"size-full wp-image-7555\" src=\"https:\/\/blog.cancaonova.com\/metanoia\/files\/2019\/09\/Dicas-do-Papa-Bento-XVI-para-ler-o-Comp\u00eandio-do-Catecismo-da-Igreja-Cat\u00f3lica.jpg\" alt=\"\" width=\"768\" height=\"576\" srcset=\"https:\/\/blog.cancaonova.com\/metanoia\/files\/2019\/09\/Dicas-do-Papa-Bento-XVI-para-ler-o-Comp\u00eandio-do-Catecismo-da-Igreja-Cat\u00f3lica.jpg 768w, https:\/\/blog.cancaonova.com\/metanoia\/files\/2019\/09\/Dicas-do-Papa-Bento-XVI-para-ler-o-Comp\u00eandio-do-Catecismo-da-Igreja-Cat\u00f3lica-300x225.jpg 300w\" sizes=\"(max-width: 768px) 100vw, 768px\" \/><p id=\"caption-attachment-7555\" class=\"wp-caption-text\">Foto ilustrativa: Paula Dizar\u00f3\/cancaonova.com<\/p><\/div>\n<p>Como o Catecismo, tamb\u00e9m o Comp\u00eandio se divide em quatro partes, de acordo com as leis fundamentais da vida em Cristo.<\/p>\n<p>&#8220;O Comp\u00eandio, que agora apresento \u00e0 Igreja universal, \u00e9 uma s\u00edntese fiel e segura do&nbsp;<i>Catecismo da Igreja Cat\u00f3lica<\/i>. Ele cont\u00e9m, de maneira concisa, todos os elementos essenciais e fundamentais da f\u00e9 da Igreja, de forma a constituir, como desejara o meu Predecessor, uma esp\u00e9cie de&nbsp;<i>vademecum<\/i>, que permita \u00e0s pessoas, aos crentes e n\u00e3o crentes, abra\u00e7ar, numa vis\u00e3o de conjunto, todo o panorama da f\u00e9 cat\u00f3lica&#8221;. Bento XVI.<\/p>\n<p><strong>A primeira parte<\/strong>, intitulada \u00abA profiss\u00e3o da f\u00e9\u00bb, \u00e9 uma s\u00edntese adequada da&nbsp;&nbsp;<a href=\"http:\/\/www.vatican.va\/archive\/compendium_ccc\/documents\/archive_2005_compendium-ccc_po.html#A%20PROFISS%C3%83O%20DA%20F%C3%89\" target=\"_blank\" rel=\"noopener\"><strong><i>lex credendi<\/i><\/strong><\/a>, isto \u00e9, da f\u00e9 professada pela Igreja Cat\u00f3lica, retirada do S\u00edmbolo Apost\u00f3lico ilustrado com o S\u00edmbolo Niceno-Constantinopolitano, cuja proclama\u00e7\u00e3o constante nas assembleias crist\u00e3s mant\u00e9m viva a mem\u00f3ria das principais verdades da f\u00e9.<\/p>\n<p><strong>A segunda parte<\/strong>, intitulada \u00abA celebra\u00e7\u00e3o do mist\u00e9rio crist\u00e3o\u00bb, apresenta os elementos essenciais da&nbsp;&nbsp;<i><a href=\"http:\/\/www.vatican.va\/archive\/compendium_ccc\/documents\/archive_2005_compendium-ccc_po.html#A%20CELEBRA%C3%87%C3%83O%20DO%20MIST%C3%89RIO%20CRIST%C3%83O\" target=\"_blank\" rel=\"noopener\"><strong>lex celebrandi<\/strong><\/a>.<\/i>&nbsp;O an\u00fancio do Evangelho encontra a sua resposta privilegiada na vida sacramental. Nela os fi\u00e9is experimentam e testemunham em cada momento da sua exist\u00eancia a efic\u00e1cia salv\u00edfica do mist\u00e9rio pascal, por meio do qual Cristo realizou a obra da nossa reden\u00e7\u00e3o.<\/p>\n<p><strong>A terceira parte<\/strong>, intitulada \u00abA vida em Cristo\u00bb, chama a aten\u00e7\u00e3o para a<a href=\"http:\/\/www.vatican.va\/archive\/compendium_ccc\/documents\/archive_2005_compendium-ccc_po.html#A%20VIDA%20EM%20CRISTO\" target=\"_blank\" rel=\"noopener\"><strong>&nbsp;<i>lex vivendi<\/i><\/strong><\/a>, isto \u00e9, para o empenho que os baptizados t\u00eam de manifestar nas sua: atitudes e nas suas op\u00e7\u00f5es \u00e9ticas de fidelidade \u00e0 f\u00e9 professada e celebrada. Os fi\u00e9is s\u00e3o chamados pelo Senhor Jesus a agir de acordo com a sua dignidade de filhos de Deus Pai na caridade do Esp\u00edrito Santo.<\/p>\n<p><strong>A quarta parte<\/strong>, intitulada \u00abA ora\u00e7\u00e3o crist\u00e3\u00bb, apresenta uma s\u00edntese da&nbsp;<a href=\"http:\/\/www.vatican.va\/archive\/compendium_ccc\/documents\/archive_2005_compendium-ccc_po.html#A%20ORA%C3%87%C3%83O%20CRIST%C3%83\" target=\"_blank\" rel=\"noopener\"><strong><i>lex orandi<\/i><\/strong><\/a>, isto \u00e9, da vida de ora\u00e7\u00e3o. A exemplo de Jesus, o modelo perfeito do orante, tamb\u00e9m o crist\u00e3o \u00e9 chamado ao di\u00e1logo com Deus na ora\u00e7\u00e3o, de cuja express\u00e3o privilegiada \u00e9 o Pai-nosso, a ora\u00e7\u00e3o que o pr\u00f3prio Jesus nos ensinou.<\/p>\n<p><em>Trecho acima foi retirado da <strong>Introdu\u00e7\u00e3o ao Comp\u00eandio do Catecismo da Igreja Cat\u00f3lica<\/strong>, assinado por&nbsp;Joseph Cardeal Ratzinger,&nbsp;Presidente da Comiss\u00e3o especial na \u00e9poca, em&nbsp;20 de Mar\u00e7o de 2005, Domingo de Ramos. O documento final do comp\u00eandio foi publicado pelo ent\u00e3o Papa Bento XVI em&nbsp;28 de Junho de 2005, na Solenidade dos Santos Pedro e Paulo,&nbsp; no primeiro&nbsp; ano de pontificado.<\/em><\/p>\n<p>&nbsp;<\/p>\n<p>Lei aqui o <a href=\"http:\/\/bit.ly\/compendiocic\" target=\"_blank\" rel=\"noopener\">Comp\u00eandio completo<\/a>.<\/p>\n<p><a href=\"http:\/\/www.vatican.va\/archive\/cathechism_po\/index_new\/prima-pagina-cic_po.html\" target=\"_blank\" rel=\"noopener\">Leia aqui o Catecismo da Igreja Cat\u00f3lica Completo<\/a> ou adquira o <a href=\"http:\/\/loja.cancaonova.com\/livro-catecismo-da-igreja-catolica\" target=\"_blank\" rel=\"noopener\">livro na Loja Can\u00e7\u00e3o Nova<\/a><\/p>\n","protected":false},"excerpt":{"rendered":"<p>Comp\u00eandio n\u00e3o \u00e9 uma obra aut\u00f4noma, pois n\u00e3o pretende, de modo nenhum, substituir o Catecismo da Igreja Cat\u00f3lica Reunimos de forma din\u00e2mica algumas dicas do Papa em\u00e9rito Bento XVI para uma leitura ativa do&nbsp;Comp\u00eandio1&nbsp;do Catecismo da Igreja Cat\u00f3lica.&nbsp;&nbsp;Ratzinger afirma que&#8230;<\/p>\n","protected":false},"author":4719,"featured_media":7555,"comment_status":"open","ping_status":"closed","sticky":false,"template":"","format":"standard","meta":{"_mi_skip_tracking":false,"_monsterinsights_sitenote_active":false,"_monsterinsights_sitenote_note":"","_monsterinsights_sitenote_category":0,"footnotes":""},"categories":[23],"tags":[15521,180296],"_links":{"self":[{"href":"https:\/\/blog.cancaonova.com\/metanoia\/wp-json\/wp\/v2\/posts\/7554"}],"collection":[{"href":"https:\/\/blog.cancaonova.com\/metanoia\/wp-json\/wp\/v2\/posts"}],"about":[{"href":"https:\/\/blog.cancaonova.com\/metanoia\/wp-json\/wp\/v2\/types\/post"}],"author":[{"embeddable":true,"href":"https:\/\/blog.cancaonova.com\/metanoia\/wp-json\/wp\/v2\/users\/4719"}],"replies":[{"embeddable":true,"href":"https:\/\/blog.cancaonova.com\/metanoia\/wp-json\/wp\/v2\/comments?post=7554"}],"version-history":[{"count":13,"href":"https:\/\/blog.cancaonova.com\/metanoia\/wp-json\/wp\/v2\/posts\/7554\/revisions"}],"predecessor-version":[{"id":7568,"href":"https:\/\/blog.cancaonova.com\/metanoia\/wp-json\/wp\/v2\/posts\/7554\/revisions\/7568"}],"wp:featuredmedia":[{"embeddable":true,"href":"https:\/\/blog.cancaonova.com\/metanoia\/wp-json\/wp\/v2\/media\/7555"}],"wp:attachment":[{"href":"https:\/\/blog.cancaonova.com\/metanoia\/wp-json\/wp\/v2\/media?parent=7554"}],"wp:term":[{"taxonomy":"category","embeddable":true,"href":"https:\/\/blog.cancaonova.com\/metanoia\/wp-json\/wp\/v2\/categories?post=7554"},{"taxonomy":"post_tag","embeddable":true,"href":"https:\/\/blog.cancaonova.com\/metanoia\/wp-json\/wp\/v2\/tags?post=7554"}],"curies":[{"name":"wp","href":"https:\/\/api.w.org\/{rel}","templated":true}]}}