{"id":7678,"date":"2020-05-19T12:41:33","date_gmt":"2020-05-19T15:41:33","guid":{"rendered":"https:\/\/blog.cancaonova.com\/metanoia\/?p=7678"},"modified":"2020-05-22T16:02:54","modified_gmt":"2020-05-22T19:02:54","slug":"laudato-si-uma-analise-da-repercussao-midiatica","status":"publish","type":"post","link":"https:\/\/blog.cancaonova.com\/metanoia\/laudato-si-uma-analise-da-repercussao-midiatica\/","title":{"rendered":"Laudato si': uma an\u00e1lise da repercuss\u00e3o midi\u00e1tica"},"content":{"rendered":"<p>Papa Francisco convidou os fi\u00e9is para celebrarem a Semana <em>Laudato si&#8217;<\/em>, de 16 a 24 de maio de 2020, para marcar os cinco anos da publica\u00e7\u00e3o da enc\u00edclica.<\/p>\n<p>Aproveitando o momento, compartilho com voc\u00ea a minha monografia de gradua\u00e7\u00e3o em Jornalismo pela Faculdade Can\u00e7\u00e3o Nova. Nela, fa\u00e7o uma an\u00e1lise da repercuss\u00e3o midi\u00e1tica da enc\u00edclica no Brasil no ano de sua publica\u00e7\u00e3o. Al\u00e9m da&nbsp; enc\u00edclica \u2013 que eu o convido a ler, pois \u00e9 um documento fant\u00e1stico e rico de conte\u00fados t\u00e3o necess\u00e1rio para o nosso tempo \u2013, acredito que a monografia tamb\u00e9m possa apontar caminhos e contribuir para a comunica\u00e7\u00e3o.<\/p>\n<p><strong>Baixar monografia:&nbsp;Laudato si&#8217;: uma an\u00e1lise da repercuss\u00e3o midi\u00e1tica<\/strong><\/p>\n<p>Formatos Digitais:&nbsp;<a href=\"https:\/\/bit.ly\/meutccpdf\" target=\"_blank\" rel=\"noopener\">PDF<\/a> | <a href=\"https:\/\/bit.ly\/meutccweb\" target=\"_blank\" rel=\"noopener\">WEB<\/a>| <a href=\"https:\/\/bit.ly\/meutccepub\" target=\"_blank\" rel=\"noopener\">EPUB |<\/a>&nbsp;<a href=\"https:\/\/bit.ly\/meutccmobi\" target=\"_blank\" rel=\"noopener\">MOBI<\/a><\/p>\n<h3>Apresenta\u00e7\u00e3o da Monografia<\/h3>\n<div\r\n class=\"canva-embed\"\r\n data-design-id=\"DADsHgnmhvQ\"\r\n data-height-ratio=\"0.5625\"\r\n style=\"padding:56.2500% 5px 5px 5px;background:rgba(0,0,0,0.03);border-radius:8px;\"\r\n><\/div>\r\n<script async src=\"https:&#x2F;&#x2F;sdk.canva.com&#x2F;v1&#x2F;embed.js\"><\/script>\r\n<a href=\"https:&#x2F;&#x2F;www.canva.com&#x2F;design&#x2F;DADsHgnmhvQ&#x2F;view?utm_content=DADsHgnmhvQ&amp;utm_campaign=designshare&amp;utm_medium=embeds&amp;utm_source=link\" target=\"_blank\" rel=\"noopener\">Graduando: Adailton Batista da Silva Orientadora: Prof. Me. Ion\u00e1<\/a> de Adailton Batista\n<p><span style=\"color: #ff0000\">*Qualquer erro no texto, por favor, <a href=\"https:\/\/blog.cancaonova.com\/metanoia\/fale-comigo-2\/\" target=\"_blank\" rel=\"noopener\"><strong>fale comigo aqui.&nbsp;<\/strong><\/a><\/span><\/p>\n<div class=\"et_pb_row et_pb_row_4\">\n<div class=\"et_pb_column et_pb_column_4_4 et_pb_column_4 et_pb_css_mix_blend_mode_passthrough et-last-child\">\n<div class=\"et_pb_module et_pb_text et_pb_text_4 et_pb_text_align_center et_pb_bg_layout_light\">\n<div class=\"et_pb_text_inner\">\n<p style=\"text-align: center\">Siga Adailton Batista no <a href=\"https:\/\/www.instagram.com\/adailtoncn\/\" target=\"_blank\" rel=\"noopener\">instagram<\/a><\/p>\n<h3>Ora\u00e7\u00e3o sobre a&nbsp;Laudato si&#8217;&nbsp;<\/h3>\n<p><a href=\"https:\/\/laudatosiweek.org\/pt\/prayer-pt\/\" target=\"_blank\" rel=\"noopener\">Ao meio-dia do seu hor\u00e1rio local, no dia 24 de maio,\ud83d\ude4f reze esta ora\u00e7\u00e3o.<\/a><\/p>\n<\/div>\n<\/div>\n<\/div>\n<\/div>\n<p><strong>Baixar enc\u00edclica- <em>*Arquivos preparados pela Opus Dei &#8211; Obrigado!<\/em><\/strong><\/p>\n<p>Descarregar do&nbsp;<a href=\"https:\/\/itunes.apple.com\/us\/book\/enciclica-laudato-si\/id1016602383\">iTunes<\/a><\/p>\n<p>\u00b7Descarregar da&nbsp;<a href=\"https:\/\/play.google.com\/store\/books\/details?id=mcEYCgAAQBAJ&amp;hl=pt\">Google Play Store<\/a><\/p>\n<p>\u00b7Descarregar&nbsp;<a href=\"https:\/\/goo.gl\/vLxTAe\" target=\"_blank\" rel=\"noopener\">ePub<\/a><\/p>\n<p>\u00b7Descarregar&nbsp;<a href=\"https:\/\/goo.gl\/ZN0PLi\" target=\"_blank\" rel=\"noopener\">Mobi<\/a>&nbsp;(para Kindle)<\/p>\n<p>&#8211; Descarregar&nbsp;<a href=\"https:\/\/goo.gl\/FVWv8L\">PDB<\/a>&nbsp;(para iSilo)<\/p>\n<p>\u00b7Consultar vers\u00e3o&nbsp;<a href=\"https:\/\/goo.gl\/scOaQc\" target=\"_blank\" rel=\"noopener\">PDF<\/a><\/p>\n","protected":false},"excerpt":{"rendered":"<p>No  5\u00ba anivers\u00e1rio da Laudato si&#8217;, compartilho com voc\u00ea a minha monografia: Laudato si&#8217;: uma an\u00e1lise da repercuss\u00e3o midi\u00e1tica <a href=\"https:\/\/blog.cancaonova.com\/metanoia\/laudato-si-uma-analise-da-repercussao-midiatica\/\">Continue lendo <span class=\"meta-nav\">&rarr;<\/span><\/a><\/p>\n","protected":false},"author":4719,"featured_media":7684,"comment_status":"open","ping_status":"closed","sticky":false,"template":"","format":"standard","meta":{"_mi_skip_tracking":false,"_monsterinsights_sitenote_active":false,"_monsterinsights_sitenote_note":"","_monsterinsights_sitenote_category":0,"footnotes":""},"categories":[23,145704],"tags":[172468,201860],"_links":{"self":[{"href":"https:\/\/blog.cancaonova.com\/metanoia\/wp-json\/wp\/v2\/posts\/7678"}],"collection":[{"href":"https:\/\/blog.cancaonova.com\/metanoia\/wp-json\/wp\/v2\/posts"}],"about":[{"href":"https:\/\/blog.cancaonova.com\/metanoia\/wp-json\/wp\/v2\/types\/post"}],"author":[{"embeddable":true,"href":"https:\/\/blog.cancaonova.com\/metanoia\/wp-json\/wp\/v2\/users\/4719"}],"replies":[{"embeddable":true,"href":"https:\/\/blog.cancaonova.com\/metanoia\/wp-json\/wp\/v2\/comments?post=7678"}],"version-history":[{"count":11,"href":"https:\/\/blog.cancaonova.com\/metanoia\/wp-json\/wp\/v2\/posts\/7678\/revisions"}],"predecessor-version":[{"id":7693,"href":"https:\/\/blog.cancaonova.com\/metanoia\/wp-json\/wp\/v2\/posts\/7678\/revisions\/7693"}],"wp:featuredmedia":[{"embeddable":true,"href":"https:\/\/blog.cancaonova.com\/metanoia\/wp-json\/wp\/v2\/media\/7684"}],"wp:attachment":[{"href":"https:\/\/blog.cancaonova.com\/metanoia\/wp-json\/wp\/v2\/media?parent=7678"}],"wp:term":[{"taxonomy":"category","embeddable":true,"href":"https:\/\/blog.cancaonova.com\/metanoia\/wp-json\/wp\/v2\/categories?post=7678"},{"taxonomy":"post_tag","embeddable":true,"href":"https:\/\/blog.cancaonova.com\/metanoia\/wp-json\/wp\/v2\/tags?post=7678"}],"curies":[{"name":"wp","href":"https:\/\/api.w.org\/{rel}","templated":true}]}}