{"id":7920,"date":"2026-04-27T12:01:34","date_gmt":"2026-04-27T15:01:34","guid":{"rendered":"https:\/\/blog.cancaonova.com\/metanoia\/?p=7920"},"modified":"2026-04-28T12:31:55","modified_gmt":"2026-04-28T15:31:55","slug":"o-aborto-nunca-e-a-resposta-um-grito-pela-vida-contra-a-tirania-do-descarte","status":"publish","type":"post","link":"https:\/\/blog.cancaonova.com\/metanoia\/o-aborto-nunca-e-a-resposta-um-grito-pela-vida-contra-a-tirania-do-descarte\/","title":{"rendered":"O aborto nunca \u00e9 a resposta: um grito pela vida contra a tirania do descarte"},"content":{"rendered":"<h2 data-path-to-node=\"3\">O aborto nunca \u00e9 a resposta: a vida \u00e9 sagrada e a cultura de morte n\u00e3o pode vencer<\/h2>\n<p data-path-to-node=\"5\">O aborto nunca \u00e9 a resposta que as mulheres e as fam\u00edlias procuram, afirma o Papa Francisco. H\u00e1 anos, a chamada \u201cCultura de Morte\u201d vem tentando abra\u00e7ar o Brasil, promovendo pr\u00e1ticas que atentam contra a vida humana, tais como o aborto e a eutan\u00e1sia, tanto de beb\u00eas anenc\u00e9falos quanto de idosos em fase terminal.<\/p>\n<div id=\"attachment_7922\" style=\"width: 1290px\" class=\"wp-caption alignnone\"><img loading=\"lazy\" decoding=\"async\" aria-describedby=\"caption-attachment-7922\" class=\"size-full wp-image-7922\" src=\"https:\/\/blog.cancaonova.com\/metanoia\/files\/2026\/04\/O-aborto-nunca-e-a-resposta-um-grito-pela-vida-contra-a-tirania-do-descarte-e1777302014284.jpg\" alt=\"\" width=\"1280\" height=\"888\" srcset=\"https:\/\/blog.cancaonova.com\/metanoia\/files\/2026\/04\/O-aborto-nunca-e-a-resposta-um-grito-pela-vida-contra-a-tirania-do-descarte-e1777302014284.jpg 1280w, https:\/\/blog.cancaonova.com\/metanoia\/files\/2026\/04\/O-aborto-nunca-e-a-resposta-um-grito-pela-vida-contra-a-tirania-do-descarte-e1777302014284-300x208.jpg 300w, https:\/\/blog.cancaonova.com\/metanoia\/files\/2026\/04\/O-aborto-nunca-e-a-resposta-um-grito-pela-vida-contra-a-tirania-do-descarte-e1777302014284-768x533.jpg 768w\" sizes=\"(max-width: 1280px) 100vw, 1280px\" \/><p id=\"caption-attachment-7922\" class=\"wp-caption-text\">Foto: David Escala de Almeida &#8211; Pexels.com<\/p><\/div>\n<h3 data-path-to-node=\"6\">A Cultura de Morte n\u00e3o pode vencer<\/h3>\n<p data-path-to-node=\"7\">A vida humana \u00e9 um dom sagrado, e s\u00f3 Deus tem a autoridade de decidir a senten\u00e7a de algu\u00e9m. Como afirmava o Papa Bento XVI, refor\u00e7ando o Magist\u00e9rio da Igreja, a vida humana \u00e9 sagrada e inviol\u00e1vel em cada momento de sua exist\u00eancia, tamb\u00e9m no seu primeiro instante, que precede o nascimento.<\/p>\n<blockquote data-path-to-node=\"8\">\n<p data-path-to-node=\"8,0\"><i data-path-to-node=\"8,0\" data-index-in-node=\"0\">\u201cA vida humana \u00e9 sagrada e inviol\u00e1vel em cada momento da sua exist\u00eancia, tamb\u00e9m no inicial, que precede o nascimento\u201d<\/i> (Bento XVI, 27 de fev. de 2006).<\/p>\n<\/blockquote>\n<p data-path-to-node=\"9\">O Supremo Tribunal Federal (STF) autorizou um procedimento m\u00e9dico de abortamento conhecido como \u201c<a href=\"https:\/\/www.gazetadopovo.com.br\/vida-e-cidadania\/stf-pode-restabelecer-resolucao-do-cfm-que-impede-feticidio-apos-22-semanas-de-gestacao\/\" target=\"_blank\" rel=\"noopener\">assistolia<\/a>\u201d, que pode ser realizado em fetos de <a href=\"https:\/\/noticias.cancaonova.com\/igreja\/cnbb-e-conselho-federal-de-medicina-emitem-nota-contra-assistolia-fetal\/\" target=\"_blank\" rel=\"noopener\">5 a 9 meses de gesta\u00e7\u00e3o<\/a>. Esse m\u00e9todo, controverso e doloroso, \u00e9 considerado l\u00edcito para ser aplicado em beb\u00eas que j\u00e1 s\u00e3o vi\u00e1veis fora do \u00fatero materno. Essa decis\u00e3o provoca uma profunda indigna\u00e7\u00e3o em todos os que defendem o direito \u00e0 vida desde a concep\u00e7\u00e3o.<\/p>\n<p data-path-to-node=\"5\">Do ponto de vista da Filosofia Perene, estamos diante de uma viola\u00e7\u00e3o do Direito Natural. Se o papel do Estado \u00e9 proteger o bem comum, como pode ele autorizar a tortura e execu\u00e7\u00e3o de um ser humano j\u00e1 vi\u00e1vel, cujos \u00f3rg\u00e3os j\u00e1 funcionam e cuja alma, como ensina Santo Agostinho, j\u00e1 \u00e9 iluminada pela presen\u00e7a do Criador? A assistolia n\u00e3o \u00e9 &#8220;sa\u00fade&#8221;, \u00e9 o \u00e1pice do cinismo humano travestido de direito.<\/p>\n<h3 data-path-to-node=\"10\">A busca pela verdade e a falsa liberdade<\/h3>\n<p data-path-to-node=\"11\">O Papa Francisco, em sua enc\u00edclica <i data-path-to-node=\"11\" data-index-in-node=\"35\">Laudato Si&#8217;<\/i>, conecta a ecologia humana com a defesa do nascituro. Ele nos recorda que o relativismo moral \u00e9 o terreno onde floresce o descarte:<\/p>\n<blockquote data-path-to-node=\"12\">\n<p data-path-to-node=\"12,0\"><i data-path-to-node=\"12,0\" data-index-in-node=\"0\">\u201cO aborto nunca \u00e9 a resposta que as mulheres e as fam\u00edlias procuram. [&#8230;] Uma vez que tudo est\u00e1 relacionado, tamb\u00e9m n\u00e3o \u00e9 compat\u00edvel a defesa da natureza com a justifica\u00e7\u00e3o do aborto. N\u00e3o parece vi\u00e1vel um percurso educativo para acolher os seres fr\u00e1geis que nos rodeiam (&#8230;) quando n\u00e3o se d\u00e1 prote\u00e7\u00e3o a um embri\u00e3o humano\u201d<\/i> (<i data-path-to-node=\"12,0\" data-index-in-node=\"325\">Laudato Si&#8217;<\/i>, 120).<\/p>\n<\/blockquote>\n<p data-path-to-node=\"13\">Santo Tom\u00e1s de Aquino ensina que a lei humana s\u00f3 \u00e9 verdadeira lei se estiver em conformidade com a lei eterna. Uma decis\u00e3o que permite matar um beb\u00ea no nono m\u00eas n\u00e3o \u00e9 lei, \u00e9 corrup\u00e7\u00e3o da lei. \u00c9 a imposi\u00e7\u00e3o da for\u00e7a sobre o direito, da &#8220;pot\u00eancia&#8221; da ideologia sobre o &#8220;ato&#8221; da exist\u00eancia humana.<\/p>\n<h3 data-path-to-node=\"10\">Doutrina Invari\u00e1vel da Igreja<\/h3>\n<p data-path-to-node=\"11\">A Igreja afirmou, desde o s\u00e9culo I, a mal\u00edcia moral de todo o\u00a0<mark>aborto<\/mark>\u00a0provocado. E esta doutrina n\u00e3o mudou. Continua invari\u00e1vel. O\u00a0<mark>aborto<\/mark> direto, isto \u00e9, querido como fim ou como meio, \u00e9 gravemente contr\u00e1rio \u00e0 lei moral.(<b data-path-to-node=\"11\" data-index-in-node=\"220\">CIC 2271<\/b>). A colabora\u00e7\u00e3o formal num\u00a0<mark>aborto<\/mark>\u00a0constitui falta grave. A Igreja pune com a pena can\u00f3nica da excomunh\u00e3o este delito contra a vida humana. \u00abQuem procurar o\u00a0<mark>aborto<\/mark>, seguindo-se o efeito (\u00abeffectu secuto\u00bb) incorre em excomunh\u00e3olatae sententiae (49), isto \u00e9, \u00abpelo fato mesmo de se cometer o delito\u00bb (50) e nas condi\u00e7\u00f5es previstas pelo Direito (50). A Igreja n\u00e3o pretende, deste modo, restringir o campo da miseric\u00f3rdia. Simplesmente, manifesta a gravidade do crime cometido, o preju\u00edzo irrepar\u00e1vel causado ao inocente que foi morto, aos seus pais e a toda a sociedade.\u00a0(<b data-path-to-node=\"11\" data-index-in-node=\"435\">CIC 2272<\/b>). Com isso, a Igreja manifesta a gravidade do crime cometido e o preju\u00edzo irrepar\u00e1vel causado ao inocente que foi morto, aos seus pais e a toda a sociedade.<\/p>\n<p data-path-to-node=\"12\">O inalien\u00e1vel direito \u00e0 vida, por parte de todo indiv\u00edduo humano inocente, \u00e9 um elemento constitutivo da sociedade civil e da sua legisla\u00e7\u00e3o (<b data-path-to-node=\"12\" data-index-in-node=\"142\">CIC 2322<\/b>). Uma vez que deve ser tratado como pessoa desde a concep\u00e7\u00e3o, o embri\u00e3o ter\u00e1 de ser defendido na sua integridade, tratado e curado, na medida do poss\u00edvel, como qualquer outro ser humano (<b data-path-to-node=\"12\" data-index-in-node=\"338\">CIC 2273<\/b>). Devem considerar-se l\u00edcitas as interven\u00e7\u00f5es no embri\u00e3o sempre que respeitem sua vida e n\u00e3o envolvam riscos desproporcionados, tendo em vista sua cura e sobreviv\u00eancia (<b data-path-to-node=\"12\" data-index-in-node=\"516\">CIC 2275<\/b>).<\/p>\n<h3 data-path-to-node=\"13\">A voz dos Papas contra o descarte<\/h3>\n<p data-path-to-node=\"14\">O Papa Francisco refere-se a essa pr\u00e1tica como um sintoma de uma \u201ccultura do descarte\u201d. Na enc\u00edclica <i data-path-to-node=\"14\" data-index-in-node=\"101\">Laudato Si&#8217;<\/i>, ele escreveu: <i data-path-to-node=\"14\" data-index-in-node=\"128\">\u201cN\u00e3o parece vi\u00e1vel um percurso educativo para acolher os seres fr\u00e1geis que nos rodeiam&#8230; quando n\u00e3o se d\u00e1 prote\u00e7\u00e3o a um embri\u00e3o humano\u201d<\/i>.<\/p>\n<p data-path-to-node=\"15\">Mais recentemente, em audi\u00eancia no dia 31 de janeiro com jovens de v\u00e1rios continentes, o Papa Le\u00e3o XIV trouxe um alerta prof\u00e9tico: <i data-path-to-node=\"15\" data-index-in-node=\"131\">\u201cSomente quem cuida dos mais pequeninos pode fazer coisas realmente grandes\u201d<\/i>. Citando Madre Teresa de Calcut\u00e1, ele refor\u00e7ou que o maior destruidor da paz \u00e9 o aborto e afirmou: <i data-path-to-node=\"15\" data-index-in-node=\"307\">\u201cNenhuma pol\u00edtica pode, de fato, colocar-se a servi\u00e7o dos povos se exclui da vida aqueles que est\u00e3o prestes a nascer\u201d<\/i>.<\/p>\n<h3 data-path-to-node=\"16\">Dignidade Humana e Mobiliza\u00e7\u00e3o<\/h3>\n<p data-path-to-node=\"17\">A doutrina sobre a sacralidade da vida est\u00e1 na <i data-path-to-node=\"17\" data-index-in-node=\"47\">Humanae Vitae<\/i> (1968), onde Paulo VI declara que <i data-path-to-node=\"17\" data-index-in-node=\"95\">\u201ca vida humana \u00e9 sagrada, desde o seu alvorecer\u201d<\/i>. O documento recente <i data-path-to-node=\"17\" data-index-in-node=\"165\">Dignitas Infinita<\/i> (n. 34) reitera que se op\u00f5e \u00e0 dignidade humana tudo o que \u00e9 contr\u00e1rio \u00e0 vida, como o homic\u00eddio, o genoc\u00eddio, o aborto e a eutan\u00e1sia.<\/p>\n<p data-path-to-node=\"18\">Onde querem chegar aqueles que desejam aprovar esse projeto diab\u00f3lico? Todos j\u00e1 sabem quem s\u00e3o os financiadores da Agenda Pr\u00f3-Morte no mundo. Enquanto os crist\u00e3os e os homens de \u201cboa vontade\u201d se mant\u00eam em sil\u00eancio, os filhos das trevas avan\u00e7am.<\/p>\n<p data-path-to-node=\"19\">\u00c9 essencial que a sociedade se mobilize! D\u00ea seu apoio ao <b data-path-to-node=\"19\" data-index-in-node=\"57\">Projeto de Lei 1904\/2024<\/b>. Essa medida \u00e9 crucial para proteger os mais vulner\u00e1veis &#8211; os nascituros &#8211; estabelecendo que o aborto entre o 5\u00ba e o 9\u00ba m\u00eas seja punido como homic\u00eddio. N\u00e3o deixe de se manifestar aos seus representantes: senadores, deputados e vereadores.<\/p>\n<p data-path-to-node=\"19\">Juntos, podemos garantir que a vida humana seja sempre respeitada e protegida, conforme a vontade divina.<\/p>\n<hr data-path-to-node=\"20\" \/>\n<p data-path-to-node=\"21\"><b data-path-to-node=\"21\" data-index-in-node=\"0\">Refer\u00eancias<\/b><\/p>\n<ol start=\"1\" data-path-to-node=\"22\">\n<li>\n<p data-path-to-node=\"22,0,0\"><b data-path-to-node=\"22,0,0\" data-index-in-node=\"0\">Catecismo da Igreja Cat\u00f3lica (Par\u00e1grafos 2271, 2272, 2273, 2275 e 2322):<\/b> Sobre o valor da vida e a gravidade do aborto. <a class=\"ng-star-inserted\" href=\"https:\/\/www.vatican.va\/archive\/cathechism_po\/index_new\/p3s2cap2_2196-2557_po.html\" target=\"_blank\" rel=\"noopener\" data-hveid=\"0\" data-ved=\"0CAAQ_4QMahcKEwjny-C5m46UAxUAAAAAHQAAAAAQSQ\">Acesse no site do Vaticano<\/a><\/p>\n<\/li>\n<li>\n<p data-path-to-node=\"22,1,0\"><b data-path-to-node=\"22,1,0\" data-index-in-node=\"0\">Declara\u00e7\u00e3o Dignitas Infinita (2024):<\/b> Sobre a dignidade humana. <a href=\"https:\/\/www.vatican.va\/roman_curia\/congregations\/cfaith\/documents\/rc_ddf_doc_20240402_dignitas-infinita_po.html\" target=\"_blank\" rel=\"noopener\">Acesse no site do Vaticano<\/a><\/p>\n<\/li>\n<li>\n<p data-path-to-node=\"22,2,0\"><b data-path-to-node=\"22,2,0\" data-index-in-node=\"0\">Enc\u00edclica Laudato Si&#8217; (Papa Francisco):<\/b> Sobre o cuidado da casa comum . <a class=\"ng-star-inserted\" href=\"https:\/\/www.vatican.va\/content\/francesco\/pt\/encyclicals\/documents\/papa-francesco_20150524_enciclica-laudato-si.html\" target=\"_blank\" rel=\"noopener\" data-hveid=\"0\" data-ved=\"0CAAQ_4QMahcKEwjny-C5m46UAxUAAAAAHQAAAAAQSw\">Acesse no site do Vaticano<\/a><\/p>\n<\/li>\n<li>\n<p data-path-to-node=\"22,3,0\"><b data-path-to-node=\"22,3,0\" data-index-in-node=\"0\">Livro Recomendado:<\/b> <i data-path-to-node=\"22,3,0\" data-index-in-node=\"19\">&#8220;A Educa\u00e7\u00e3o dos Filhos&#8221;<\/i>, de Monsenhor \u00c1lvaro Negromonte.<\/p>\n<\/li>\n<\/ol>\n<p>Adailton Batista \u00e9 natural de Jana\u00faba (MG) e membro da Comunidade Can\u00e7\u00e3o Nova desde 2009. Casado com a mission\u00e1ria Elcka Torres e pai de uma filha. Possui MBA em Digital Business pela USP\/ESALQ, gradua\u00e7\u00e3o em Jornalismo pela\u00a0<a href=\"https:\/\/www.fcn.edu.br\/\" target=\"_blank\" rel=\"noopener\">Faculdade Can\u00e7\u00e3o Nova<\/a>\u00a0(FCN), forma\u00e7\u00e3o em R\u00e1dio e TV pelo\u00a0<a href=\"https:\/\/instituto.cancaonova.com\/\" target=\"_blank\" rel=\"noopener\">Instituto Can\u00e7\u00e3o Nova<\/a>\u00a0e forma\u00e7\u00e3o t\u00e9cnica em Administra\u00e7\u00e3o pela Faculdade NetWork. \u00c9 autor do blog.cancaonova.com\/metanoia e colunista do Portal Can\u00e7\u00e3o Nova. Apaixonado pela evangeliza\u00e7\u00e3o, ele utiliza todos os meios digitais poss\u00edveis para promover uma experi\u00eancia pessoal com Cristo.<a title=\"Instagram\" href=\"https:\/\/www.instagram.com\/adailtoncn\/\" target=\"_blank\" rel=\"noopener\"><img loading=\"lazy\" decoding=\"async\" src=\"https:\/\/ci3.googleusercontent.com\/meips\/ADKq_NYdORw9NTeKfaD_gu4kuaDZZakuGFeUmMA-dM4SA_EJLC3INsfjlmJMl3NiXLdOY9bsdOqkjZu-szNtP-ikZ03ZSin5IBke3XnYgKNYpccyleqOT97zcRZ_p8NTaYho5EknYOc24A6VNG-5duxDmg5Fa84URw5URDaF5g=s0-d-e1-ft#https:\/\/www.instagram.com\/static\/images\/ico\/apple-touch-icon-167x167-precomposed.png\/a24e58112f06.png\" alt=\"Resultado de imagem para favicon instagram\" width=\"18\" height=\"18\" \/><\/a>\u00a0<a href=\"https:\/\/www.linkedin.com\/in\/adailtonbatista\/\" target=\"_blank\" rel=\"noopener\"><img loading=\"lazy\" decoding=\"async\" src=\"https:\/\/mail.google.com\/mail\/u\/2\/?ui=2&amp;ik=8fdafb3cf4&amp;attid=0.1&amp;permmsgid=msg-a%3Ar206771630697908749&amp;th=18e1f2bb2e1fb349&amp;view=fimg&amp;fur=ip&amp;sz=s0-l75-ft&amp;attbid=ANGjdJ9IVbN4rB2HjKKFAcRzt6AeGg3WtqcjsXStzsK1dcZWDGFRR4xLXiN80do23b43FsFEdvxgp_AQ48h2uBZ_Jj5GNw76SUifJskoejnagOkBD6oy9b_SrfigxXk&amp;disp=emb&amp;realattid=ii_ltg2yws40\" alt=\"image.png\" width=\"20\" height=\"20\" \/><\/a><\/p>\n","protected":false},"excerpt":{"rendered":"<p>O aborto nunca \u00e9 a resposta: a vida \u00e9 sagrada e a cultura de morte n\u00e3o pode vencer O aborto nunca \u00e9 a resposta que as mulheres e as fam\u00edlias procuram, afirma o Papa Francisco. H\u00e1 anos, a chamada \u201cCultura&#8230;<\/p>\n","protected":false},"author":4774,"featured_media":7922,"comment_status":"closed","ping_status":"closed","sticky":false,"template":"","format":"standard","meta":{"_mi_skip_tracking":false,"_monsterinsights_sitenote_active":false,"_monsterinsights_sitenote_note":"","_monsterinsights_sitenote_category":0,"footnotes":""},"categories":[],"tags":[49,289679,32,39],"_links":{"self":[{"href":"https:\/\/blog.cancaonova.com\/metanoia\/wp-json\/wp\/v2\/posts\/7920"}],"collection":[{"href":"https:\/\/blog.cancaonova.com\/metanoia\/wp-json\/wp\/v2\/posts"}],"about":[{"href":"https:\/\/blog.cancaonova.com\/metanoia\/wp-json\/wp\/v2\/types\/post"}],"author":[{"embeddable":true,"href":"https:\/\/blog.cancaonova.com\/metanoia\/wp-json\/wp\/v2\/users\/4774"}],"replies":[{"embeddable":true,"href":"https:\/\/blog.cancaonova.com\/metanoia\/wp-json\/wp\/v2\/comments?post=7920"}],"version-history":[{"count":3,"href":"https:\/\/blog.cancaonova.com\/metanoia\/wp-json\/wp\/v2\/posts\/7920\/revisions"}],"predecessor-version":[{"id":7924,"href":"https:\/\/blog.cancaonova.com\/metanoia\/wp-json\/wp\/v2\/posts\/7920\/revisions\/7924"}],"wp:featuredmedia":[{"embeddable":true,"href":"https:\/\/blog.cancaonova.com\/metanoia\/wp-json\/wp\/v2\/media\/7922"}],"wp:attachment":[{"href":"https:\/\/blog.cancaonova.com\/metanoia\/wp-json\/wp\/v2\/media?parent=7920"}],"wp:term":[{"taxonomy":"category","embeddable":true,"href":"https:\/\/blog.cancaonova.com\/metanoia\/wp-json\/wp\/v2\/categories?post=7920"},{"taxonomy":"post_tag","embeddable":true,"href":"https:\/\/blog.cancaonova.com\/metanoia\/wp-json\/wp\/v2\/tags?post=7920"}],"curies":[{"name":"wp","href":"https:\/\/api.w.org\/{rel}","templated":true}]}}