{"id":946,"date":"2011-05-11T18:47:55","date_gmt":"2011-05-11T18:47:55","guid":{"rendered":"http:\/\/blog.cancaonova.com\/metanoia\/?p=946"},"modified":"2014-05-12T20:42:28","modified_gmt":"2014-05-12T23:42:28","slug":"consagracao-a-nossa-senhora","status":"publish","type":"post","link":"https:\/\/blog.cancaonova.com\/metanoia\/consagracao-a-nossa-senhora\/","title":{"rendered":"Consagra\u00e7\u00e3o a Nossa Senhora"},"content":{"rendered":"<p><strong>Consagra\u00e7\u00e3o da Can\u00e7\u00e3o Nova a Nossa Senhora.<\/strong><\/p>\n<p>No dia 11 de Maio de 2004, Monsenhor Jonas Abib consagrou a <a title=\"Assista TV AO VIVO\" href=\"http:\/\/blog.cancaonova.com\/metanoia\/tv-cancao-nova-ao-vivo\/\" target=\"_blank\">TV Can\u00e7\u00e3o Nova<\/a> e toda a Comunidade ao Imaculado Cora\u00e7\u00e3o de Maria no Altar do mundo.<\/p>\n<p><iframe loading=\"lazy\" title=\"Consagra\u00c3\u00a7\u00c3\u00a3o da Can\u00c3\u00a7\u00c3\u00a3o Nova\" width=\"600\" height=\"450\" src=\"https:\/\/www.youtube.com\/embed\/icv5oVaj7b8?feature=oembed&amp;rel=0\" frameborder=\"0\" allow=\"accelerometer; autoplay; clipboard-write; encrypted-media; gyroscope; picture-in-picture; web-share\" referrerpolicy=\"strict-origin-when-cross-origin\" allowfullscreen><\/iframe><\/p>\n<p><strong>Consagra\u00e7\u00e3o na Integra<br \/>\n<\/strong><br \/>\nVirgem Maria, M\u00e3e de Deus e M\u00e3e nossa, ao vosso Cora\u00e7\u00e3o Imaculado nos consagramos, em acto de plena entrega e doa\u00e7\u00e3o ao Senhor.<\/p>\n<p>Por V\u00f3s seremos levados a Cristo vosso Filho e Filho unig\u00e9nito de Deus e por Ele o com Ele, a seu Eterno Pai.<\/p>\n<p>Caminharemos \u00e0 luz da f\u00e9, da esperan\u00e7a e do amor para que o mundo creia que Cristo \u00e9 o enviado do Pai para nos transmitir a sua palavra e seremos n\u00f3s os seus enviados a fim de levar o seu conhecimento e amor at\u00e9 aos confins da terra.<\/p>\n<p>Assim sob a maternal prote\u00e7\u00e3o do vosso Imaculado Cora\u00e7\u00e3o, seremos um s\u00f3 povo com Cristo, conquista da Sua morte e testemunhas da Sua Ressurrei\u00e7\u00e3o.<\/p>\n<p>Virgem M\u00e3e de Deus e M\u00e3e nossa, ao vosso Cora\u00e7\u00e3o Imaculado eu consagro a TV Can\u00e7\u00e3o Nova e com ela toda a nossa comunidade, cada um dos seus membros consagrados, a grande fam\u00edlia Can\u00e7\u00e3o Nova para qual a somos destinados e em especial os nossos benfeitores, que sustentam essa Obra.<\/p>\n<p>Coloco em vossas m\u00e3os todo o Sistema Can\u00e7\u00e3o Nova para que ele realize os des\u00edgnios de Deus e assim prepare e apresse o triunfo do vosso Imaculado Cora\u00e7\u00e3o.<\/p>\n<p>Tomai-nos sob a vossa prote\u00e7\u00e3o, defendei-nos dos perigos, ajudai-nos a vencer as tenta\u00e7\u00f5es que nos solicitam para o mal e a conservar a pureza do nosso corpo e da nossa alma.<\/p>\n<p>Seja o nosso ref\u00fagio e o caminho que nos conduz a Deus.Concedei-nos a gra\u00e7a de oarar e sacrificar por amor de Jesus, pela convers\u00e3o dos pecadores e em repara\u00e7\u00e3o pelos pecados cometidos contra o vosso Imaculado Cora\u00e7\u00e3o.Por meio de V\u00f3s e em uni\u00e3o com o Cora\u00e7\u00e3o do vosso Divino Filho queremos viver para a Sant\u00edssima Trindade, em quem cremos, a quem adoramos, esperamos, e amamos.<\/p>\n<p>Assim seja.<\/p>\n<p>Maria passa na frente.<\/p>\n<p>(escrito e rezado por Monsenhor Jonas Jonas Abib em 2004)<\/p>\n","protected":false},"excerpt":{"rendered":"<p>Consagra\u00e7\u00e3o da Can\u00e7\u00e3o Nova a Nossa Senhora. No dia 11 de Maio de 2004, Monsenhor Jonas Abib consagrou a TV Can\u00e7\u00e3o Nova e toda a Comunidade ao Imaculado Cora\u00e7\u00e3o de Maria no Altar do mundo. Consagra\u00e7\u00e3o na Integra Virgem Maria,&#8230;<\/p>\n","protected":false},"author":4719,"featured_media":0,"comment_status":"open","ping_status":"open","sticky":false,"template":"","format":"standard","meta":{"_mi_skip_tracking":false,"_monsterinsights_sitenote_active":false,"_monsterinsights_sitenote_note":"","_monsterinsights_sitenote_category":0,"footnotes":""},"categories":[2621],"tags":[50723,6351,15736,17273,16909],"_links":{"self":[{"href":"https:\/\/blog.cancaonova.com\/metanoia\/wp-json\/wp\/v2\/posts\/946"}],"collection":[{"href":"https:\/\/blog.cancaonova.com\/metanoia\/wp-json\/wp\/v2\/posts"}],"about":[{"href":"https:\/\/blog.cancaonova.com\/metanoia\/wp-json\/wp\/v2\/types\/post"}],"author":[{"embeddable":true,"href":"https:\/\/blog.cancaonova.com\/metanoia\/wp-json\/wp\/v2\/users\/4719"}],"replies":[{"embeddable":true,"href":"https:\/\/blog.cancaonova.com\/metanoia\/wp-json\/wp\/v2\/comments?post=946"}],"version-history":[{"count":10,"href":"https:\/\/blog.cancaonova.com\/metanoia\/wp-json\/wp\/v2\/posts\/946\/revisions"}],"predecessor-version":[{"id":4378,"href":"https:\/\/blog.cancaonova.com\/metanoia\/wp-json\/wp\/v2\/posts\/946\/revisions\/4378"}],"wp:attachment":[{"href":"https:\/\/blog.cancaonova.com\/metanoia\/wp-json\/wp\/v2\/media?parent=946"}],"wp:term":[{"taxonomy":"category","embeddable":true,"href":"https:\/\/blog.cancaonova.com\/metanoia\/wp-json\/wp\/v2\/categories?post=946"},{"taxonomy":"post_tag","embeddable":true,"href":"https:\/\/blog.cancaonova.com\/metanoia\/wp-json\/wp\/v2\/tags?post=946"}],"curies":[{"name":"wp","href":"https:\/\/api.w.org\/{rel}","templated":true}]}}