{"id":10742,"date":"2013-07-18T10:56:49","date_gmt":"2013-07-18T13:56:49","guid":{"rendered":"http:\/\/blog.cancaonova.com\/natal\/?p=10742"},"modified":"2013-08-04T09:32:08","modified_gmt":"2013-08-04T12:32:08","slug":"kairos-de-aniversario-encontramos-o-cristo","status":"publish","type":"post","link":"https:\/\/blog.cancaonova.com\/natal\/2013\/07\/18\/kairos-de-aniversario-encontramos-o-cristo\/","title":{"rendered":"Kair\u00f3s de anivers\u00e1rio encontramos o Cristo"},"content":{"rendered":"<p style=\"text-align: center\"><strong>Venha participar conosco!<\/strong><\/p>\n<p style=\"text-align: center\"><strong><a href=\"http:\/\/blog.cancaonova.com\/natal\/files\/2013\/07\/Kair\u00f3s-de-Anivers\u00e1rio-Encontramos-o-Cristo-400x2831.jpg\"><img loading=\"lazy\" decoding=\"async\" class=\"aligncenter size-full wp-image-10701\" src=\"http:\/\/blog.cancaonova.com\/natal\/files\/2013\/07\/Kair\u00f3s-de-Anivers\u00e1rio-Encontramos-o-Cristo-400x2831.jpg\" alt=\"\" width=\"400\" height=\"283\" \/><\/a><\/strong><br \/>\n<!--[if gte mso 9]&gt;  Normal 0   21   false false false  PT-BR X-NONE X-NONE                         &lt;![endif]--><\/p>\n<p style=\"text-align: center\"><!--[if gte mso 9]&gt;                                                                                                                                            &lt;![endif]--><!--[if gte mso 10]&gt;--><\/p>\n<p class=\"MsoNormal\" style=\"margin-bottom: .0001pt;text-align: center;line-height: normal\"><strong><span style=\"text-decoration: underline\"><span>KAIR\u00d3S ENCONTRAMOS O CRISTO <\/span><\/span><\/strong><\/p>\n<p class=\"MsoNormal\" style=\"margin-bottom: .0001pt;text-align: center;line-height: normal\"><strong><span style=\"text-decoration: underline\"><span>NO ANIVERS\u00c1RIO da R\u00c1DIO RURAL DE NATAL AM 1090<\/span><\/span><\/strong><\/p>\n<p style=\"text-align: justify\">Celebrando os 55 anos da R\u00e1dio Rural de Natal Am 1090 e os 13 ano da Miss\u00e3o Can\u00e7\u00e3o Nova no Rio Grande do Norte a Comunidade Can\u00e7\u00e3o Nova em Natal\/RN realiza no dia<span> <\/span><strong><span style=\"color: red\">04 de Agosto de 2013<\/span><\/strong> (domingo), o <strong>Kair\u00f3s \u201cEncontramos o Cristo\u201d<\/strong>, com a presen\u00e7a de <strong>Pe. Roger Luis, Eliana Ribeiro, Thiago Tom\u00e9<\/strong>.<\/p>\n<p style=\"text-align: justify\">O Kair\u00f3s Encontramos o Cristo \u00e9 fruto de um trabalho desenvolvido em v\u00e1rias frentes de miss\u00e3o da Can\u00e7\u00e3o Nova pelo Brasil, e nasceu a partir da inspira\u00e7\u00e3o que deu origem ao<strong> CD oracional \u201cEncontramos o Cristo\u201d<\/strong>, que tem a participa\u00e7\u00e3o de Pe. Roger Luis, Eliana Ribeiro e Thiago Tom\u00e9. Este evento vem ao encontro da sede que existe na alma de todos n\u00f3s, e que muitos tentam saciar nas ilus\u00f5es do ter e do poder, mas que s\u00f3 ser\u00e1 plenamente saciada quando fizermos a experi\u00eancia descrita no Evangelho, a qual nos permitir\u00e1 dizer: <strong>\u201cEncontramos o Cristo!\u201d (Jo\u00e3o 1,41).<!--more continue lendo--><\/strong><\/p>\n<p style=\"text-align: justify\">O evento ser\u00e1 realizado <strong><span style=\"color: red\">no Gin\u00e1sio Sagrada Fam\u00edlia<\/span><\/strong>, localizado na Rua Olinto Meira, s\/n\u00ba &#8211; Bairro Barro Vermelho \u2013 Natal\/RN, \u00e0 partir das <strong><span style=\"color: red\">8hs<\/span><\/strong>.<\/p>\n<p style=\"text-align: justify\">A programa\u00e7\u00e3o do <strong>Kair\u00f3s Encontramos o Cristo<\/strong> traz m\u00fasicas e ora\u00e7\u00f5es, adora\u00e7\u00e3o ao Sant\u00edssimo Sacramento, Prega\u00e7\u00e3o da Palavra, Celebra\u00e7\u00e3o da Santa Missa e uma profunda experi\u00eancia do Esp\u00edrito Santo.<\/p>\n<p style=\"text-align: justify\"><a href=\"http:\/\/blog.cancaonova.com\/natal\/files\/2013\/07\/encontramos-Cristo-400x150.jpg\"><img loading=\"lazy\" decoding=\"async\" class=\"aligncenter size-full wp-image-10744\" src=\"http:\/\/blog.cancaonova.com\/natal\/files\/2013\/07\/encontramos-Cristo-400x150.jpg\" alt=\"\" width=\"400\" height=\"150\" srcset=\"https:\/\/blog.cancaonova.com\/natal\/files\/2013\/07\/encontramos-Cristo-400x150.jpg 400w, https:\/\/blog.cancaonova.com\/natal\/files\/2013\/07\/encontramos-Cristo-400x150-280x105.jpg 280w\" sizes=\"(max-width: 400px) 100vw, 400px\" \/><\/a><\/p>\n<p><!--[if gte mso 9]&gt;  Normal 0   21   false false false  PT-BR X-NONE X-NONE                         &lt;![endif]--><\/p>\n<p><!--[if gte mso 9]&gt;                                                                                                                                            &lt;![endif]--><br \/>\n<a href=\"https:\/\/www.youtube.com\/watch?v=_6UE7XsnC10\" target=\"_blank\"><span>Assista o v\u00eddeo: Eliana Ribeiro e Thiago Tom\u00e9, membros da Comunidade Can\u00e7\u00e3o Nova, cantam a m\u00fasica &#8220;Seduziste-me&#8221; na grava\u00e7\u00e3o do CD Encontramos o Cristo.<\/span><\/a><\/p>\n<p><span><br \/>\n<\/span><\/p>\n","protected":false},"excerpt":{"rendered":"<p>Venha participar conosco! KAIR\u00d3S ENCONTRAMOS O CRISTO NO ANIVERS\u00c1RIO da R\u00c1DIO RURAL DE NATAL AM 1090 Celebrando os 55 anos da R\u00e1dio Rural de Natal Am 1090 e os 13 ano da Miss\u00e3o Can\u00e7\u00e3o Nova no Rio Grande do Norte&#8230;<\/p>\n","protected":false},"author":3131,"featured_media":0,"comment_status":"open","ping_status":"closed","sticky":false,"template":"","format":"standard","meta":{"_mi_skip_tracking":false,"_monsterinsights_sitenote_active":false,"_monsterinsights_sitenote_note":"","_monsterinsights_sitenote_category":0,"footnotes":""},"categories":[41649],"tags":[151237,151150,16972,118050,34577,30082],"_links":{"self":[{"href":"https:\/\/blog.cancaonova.com\/natal\/wp-json\/wp\/v2\/posts\/10742"}],"collection":[{"href":"https:\/\/blog.cancaonova.com\/natal\/wp-json\/wp\/v2\/posts"}],"about":[{"href":"https:\/\/blog.cancaonova.com\/natal\/wp-json\/wp\/v2\/types\/post"}],"author":[{"embeddable":true,"href":"https:\/\/blog.cancaonova.com\/natal\/wp-json\/wp\/v2\/users\/3131"}],"replies":[{"embeddable":true,"href":"https:\/\/blog.cancaonova.com\/natal\/wp-json\/wp\/v2\/comments?post=10742"}],"version-history":[{"count":6,"href":"https:\/\/blog.cancaonova.com\/natal\/wp-json\/wp\/v2\/posts\/10742\/revisions"}],"predecessor-version":[{"id":10748,"href":"https:\/\/blog.cancaonova.com\/natal\/wp-json\/wp\/v2\/posts\/10742\/revisions\/10748"}],"wp:attachment":[{"href":"https:\/\/blog.cancaonova.com\/natal\/wp-json\/wp\/v2\/media?parent=10742"}],"wp:term":[{"taxonomy":"category","embeddable":true,"href":"https:\/\/blog.cancaonova.com\/natal\/wp-json\/wp\/v2\/categories?post=10742"},{"taxonomy":"post_tag","embeddable":true,"href":"https:\/\/blog.cancaonova.com\/natal\/wp-json\/wp\/v2\/tags?post=10742"}],"curies":[{"name":"wp","href":"https:\/\/api.w.org\/{rel}","templated":true}]}}