{"id":10858,"date":"2013-09-09T09:53:29","date_gmt":"2013-09-09T12:53:29","guid":{"rendered":"http:\/\/blog.cancaonova.com\/natal\/?p=10858"},"modified":"2013-09-09T09:53:29","modified_gmt":"2013-09-09T12:53:29","slug":"oracao-pela-patria-e-pela-paz-no-mundo","status":"publish","type":"post","link":"https:\/\/blog.cancaonova.com\/natal\/2013\/09\/09\/oracao-pela-patria-e-pela-paz-no-mundo\/","title":{"rendered":"Ora\u00e7\u00e3o pela P\u00e1tria e pela paz no mundo"},"content":{"rendered":"<p><!--[if gte mso 9]&gt;     &lt;![endif]--><\/p>\n<p><!--[if gte mso 9]&gt;  Normal 0   21   false false false  PT-BR X-NONE X-NONE                         &lt;![endif]--><!--[if gte mso 9]&gt;                                                                                                                                            &lt;![endif]--><!--[if gte mso 10]&gt;-->  <!--[endif] --><strong><span>Nossa ora\u00e7\u00e3o se une ao apelo do nosso querido Papa Francisco. <\/span><\/strong><\/p>\n<p><strong><span> <\/span><\/strong><\/p>\n<p><strong><a href=\"http:\/\/blog.cancaonova.com\/natal\/files\/\/var\/www\/blog.cancaonova.com\/wp-content\/blogs.dir\/2471\/files\/\/2009\/11\/jesuseucaristico.jpg\"><img loading=\"lazy\" decoding=\"async\" class=\"size-medium wp-image-4254 alignleft\" src=\"http:\/\/blog.cancaonova.com\/natal\/files\/\/var\/www\/blog.cancaonova.com\/wp-content\/blogs.dir\/2471\/files\/\/2009\/11\/jesuseucaristico-280x210.jpg\" alt=\"\" width=\"280\" height=\"210\" srcset=\"https:\/\/blog.cancaonova.com\/natal\/files\/\/var\/www\/blog.cancaonova.com\/wp-content\/blogs.dir\/2471\/files\/\/2009\/11\/jesuseucaristico-280x210.jpg 280w, https:\/\/blog.cancaonova.com\/natal\/files\/\/var\/www\/blog.cancaonova.com\/wp-content\/blogs.dir\/2471\/files\/\/2009\/11\/jesuseucaristico.jpg 640w\" sizes=\"(max-width: 280px) 100vw, 280px\" \/><\/a><\/p>\n<p><\/strong><\/p>\n<p><strong> <\/strong><br \/>\n<!--[if gte mso 9]&gt;     &lt;![endif]--><\/p>\n<p><!--[if gte mso 9]&gt;  Normal 0   21   false false false  PT-BR X-NONE X-NONE                         &lt;![endif]--><!--[if gte mso 9]&gt;                                                                                                                                            &lt;![endif]--><!--[if gte mso 10]&gt;-->  <!--[endif] --><\/p>\n<p class=\"MsoNormal\" style=\"text-align: justify\"><span>Queridos irm\u00e3os e irm\u00e3s!<\/span><\/p>\n<p class=\"MsoNormal\" style=\"text-align: justify\"><span>No dia 7 de setembro comemoramos o dia da Independ\u00eancia do Brasil. \u00c9 um dia de a\u00e7\u00e3o de gra\u00e7as por termos conseguido a nossa liberdade e o reconhecimento de nossa soberania como Na\u00e7\u00e3o independente. Respeito pela P\u00e1tria e convic\u00e7\u00e3o de sermos respons\u00e1veis pelo desenvolvimento da sociedade brasileira s\u00e3o necess\u00e1rios para que esta independ\u00eancia de fato seja uma realidade concreta.<\/span><\/p>\n<p class=\"MsoNormal\" style=\"text-align: justify\"><span>N\u00f3s, crist\u00e3os e crist\u00e3s, membros da Igreja Cat\u00f3lica, somos convidados a rezar neste dia para que haja no nosso Pa\u00eds igualdade, justi\u00e7a, fraternidade, e um progresso que nunca deixe de respeitar a dignidade humana e seu desenvolvimento natural. Diante dos grandes desafios que se apresentam \u00e0 nossa sociedade, queremos fazer um ato de f\u00e9 e de esperan\u00e7a para que nunca desanimemos, mas sempre sejamos animados pela for\u00e7a da presen\u00e7a do Esp\u00edrito Santo nas nossas vidas, for\u00e7a esta que nos impulsiona a buscar um mundo novo, a p\u00f4r o fermento da luta pela justi\u00e7a, pelo bem comum e pelo respeito \u00e0 dignidade humana e \u00e0 liberdade de cada um.<!--more continue lendo--><\/span><\/p>\n<p class=\"MsoNormal\" style=\"text-align: justify\"><span><span> <\/span>Por isso, nestes dias, convido a todos a fazer uma prece especial pela nossa Na\u00e7\u00e3o. \u00c9 verdade, n\u00f3s nunca deixamos de faz\u00ea-lo, principalmente na B\u00ean\u00e7\u00e3o do Sant\u00edssimo, um ato de adora\u00e7\u00e3o que ainda acontece em nossas comunidades, e que nunca deve ser abandonado. Mas, quero chamar a aten\u00e7\u00e3o para que se redobre nossa s\u00faplica ao Senhor do universo, ao Criador do c\u00e9u e da terra, ao Bom Jesus que de bra\u00e7os abertos nos acolhe como Redentor e Salvador, Ele que manifesta para todos os homens e todas as mulheres a ternura divina, o amor que o une ao Pai pelo Esp\u00edrito Santo, e que nos fez part\u00edcipes desta mesma comunh\u00e3o divina, para que a nossa Na\u00e7\u00e3o viva dias melhores e se desenvolva n\u00e3o s\u00f3 como Na\u00e7\u00e3o independente, mas como instrumento de paz, de solidariedade e de justi\u00e7a.<\/span><\/p>\n<p class=\"MsoNormal\" style=\"text-align: justify\"><span><span> <\/span>Nossa ora\u00e7\u00e3o se une ao apelo do nosso querido Papa Francisco. Fazemos nossa a sua preocupa\u00e7\u00e3o pela paz no mundo, de modo especial pela solu\u00e7\u00e3o pac\u00edfica no conflito que envolve a S\u00edria e a regi\u00e3o t\u00e3o tumultuada e conflituosa do Oriente M\u00e9dio. Um jejum pela paz e ora\u00e7\u00e3o de s\u00faplica para que \u201cnunca mais a guerra\u201d, este \u00e9 o apelo do Papa Francisco. De nossa parte, atendamos ao convite do nosso Pastor e fa\u00e7amos nossa ora\u00e7\u00e3o: <\/span><\/p>\n<p class=\"MsoNormal\" style=\"text-align: justify\"><span><em>Senhor Deus, bondade infinita, v\u00f3s que criastes o homem e a mulher para participar de vossa vida, uma vida cheia de ternura e de paz, volvei vosso olhar benigno para nossa Na\u00e7\u00e3o brasileira, que ela seja livre e independente n\u00e3o s\u00f3 como Na\u00e7\u00e3o soberana, mas, sobretudo, livre da injusti\u00e7a social, da corrup\u00e7\u00e3o que clama aos c\u00e9us, livre da podrid\u00e3o que mancha a nossa politica, livre da maldade dos que enriquecem com o vicio das drogas, livre da chaga dolorosa e infame do exterm\u00ednio de tantos de nossos jovens, livre do descaso com a sa\u00fade e com a educa\u00e7\u00e3o, livre da inseguran\u00e7a que nos amedronta em nossa pr\u00f3pria casa, livre e independente para professar a sua f\u00e9 no amor bondoso e misericordioso de Deus. Senhor, livrai a humanidade da guerra, da destrui\u00e7\u00e3o por armas qu\u00edmicas, da destrui\u00e7\u00e3o por causa de interesses econ\u00f4micos, dai a paz \u00e0s na\u00e7\u00f5es j\u00e1 castigadas pela maldade de seus governantes. Inspirai os chefes das na\u00e7\u00f5es a buscarem a paz pelo di\u00e1logo, pela preocupa\u00e7\u00e3o com os mais indefesos, os inocentes. Fazei-nos construtores da paz. Am\u00e9m<\/em>.<\/span><\/p>\n<p class=\"MsoNormal\" style=\"text-align: justify\"><span><a href=\"http:\/\/blog.cancaonova.com\/natal\/files\/2013\/06\/dom-jaime-72x100.jpg\"><img loading=\"lazy\" decoding=\"async\" class=\"alignleft size-full wp-image-10590\" src=\"http:\/\/blog.cancaonova.com\/natal\/files\/2013\/06\/dom-jaime-72x100.jpg\" alt=\"\" width=\"72\" height=\"100\" \/><\/a><\/span><\/p>\n<p class=\"MsoNormal\" style=\"text-align: justify\">\n<p class=\"MsoNormal\" style=\"text-align: justify\">\n<p class=\"MsoNormal\" style=\"text-align: justify\"><span>Dom Jaime Vieira Rocha- Arcebispo Metropolitano de Natal- RN.<br \/>\n<\/span><\/p>\n<p class=\"MsoNormal\" style=\"text-align: justify\"><span><br \/>\n<\/span><\/p>\n","protected":false},"excerpt":{"rendered":"<p>Nossa ora\u00e7\u00e3o se une ao apelo do nosso querido Papa Francisco. Queridos irm\u00e3os e irm\u00e3s! No dia 7 de setembro comemoramos o dia da Independ\u00eancia do Brasil. \u00c9 um dia de a\u00e7\u00e3o de gra\u00e7as por termos conseguido a nossa liberdade&#8230;<\/p>\n","protected":false},"author":3131,"featured_media":0,"comment_status":"open","ping_status":"closed","sticky":false,"template":"","format":"standard","meta":{"_mi_skip_tracking":false,"_monsterinsights_sitenote_active":false,"_monsterinsights_sitenote_note":"","_monsterinsights_sitenote_category":0,"footnotes":""},"categories":[16487],"tags":[34682,14931,34681,261,142291,32177],"_links":{"self":[{"href":"https:\/\/blog.cancaonova.com\/natal\/wp-json\/wp\/v2\/posts\/10858"}],"collection":[{"href":"https:\/\/blog.cancaonova.com\/natal\/wp-json\/wp\/v2\/posts"}],"about":[{"href":"https:\/\/blog.cancaonova.com\/natal\/wp-json\/wp\/v2\/types\/post"}],"author":[{"embeddable":true,"href":"https:\/\/blog.cancaonova.com\/natal\/wp-json\/wp\/v2\/users\/3131"}],"replies":[{"embeddable":true,"href":"https:\/\/blog.cancaonova.com\/natal\/wp-json\/wp\/v2\/comments?post=10858"}],"version-history":[{"count":3,"href":"https:\/\/blog.cancaonova.com\/natal\/wp-json\/wp\/v2\/posts\/10858\/revisions"}],"predecessor-version":[{"id":10861,"href":"https:\/\/blog.cancaonova.com\/natal\/wp-json\/wp\/v2\/posts\/10858\/revisions\/10861"}],"wp:attachment":[{"href":"https:\/\/blog.cancaonova.com\/natal\/wp-json\/wp\/v2\/media?parent=10858"}],"wp:term":[{"taxonomy":"category","embeddable":true,"href":"https:\/\/blog.cancaonova.com\/natal\/wp-json\/wp\/v2\/categories?post=10858"},{"taxonomy":"post_tag","embeddable":true,"href":"https:\/\/blog.cancaonova.com\/natal\/wp-json\/wp\/v2\/tags?post=10858"}],"curies":[{"name":"wp","href":"https:\/\/api.w.org\/{rel}","templated":true}]}}