{"id":10919,"date":"2013-09-24T10:41:02","date_gmt":"2013-09-24T13:41:02","guid":{"rendered":"http:\/\/blog.cancaonova.com\/natal\/?p=10919"},"modified":"2013-09-24T10:41:02","modified_gmt":"2013-09-24T13:41:02","slug":"cancao-nova-de-natal-promove-um-dia-especial-da-beleza","status":"publish","type":"post","link":"https:\/\/blog.cancaonova.com\/natal\/2013\/09\/24\/cancao-nova-de-natal-promove-um-dia-especial-da-beleza\/","title":{"rendered":"Can\u00e7\u00e3o Nova de Natal promove um dia especial da Beleza"},"content":{"rendered":"<p style=\"text-align: center\"><strong>Venha conferir essa novidade!<\/strong><\/p>\n<p style=\"text-align: center\"><a href=\"http:\/\/blog.cancaonova.com\/natal\/files\/2013\/09\/dia-da-beleza-01-600x337.jpg\"><img loading=\"lazy\" decoding=\"async\" class=\"aligncenter size-full wp-image-10920\" src=\"http:\/\/blog.cancaonova.com\/natal\/files\/2013\/09\/dia-da-beleza-01-600x337.jpg\" alt=\"\" width=\"400\" height=\"123\" srcset=\"https:\/\/blog.cancaonova.com\/natal\/files\/2013\/09\/dia-da-beleza-01-600x337.jpg 400w, https:\/\/blog.cancaonova.com\/natal\/files\/2013\/09\/dia-da-beleza-01-600x337-280x86.jpg 280w\" sizes=\"(max-width: 400px) 100vw, 400px\" \/><\/a><\/p>\n<p style=\"text-align: justify\">\u00c9 isso mesmo, amanh\u00e3 e excepcionalmente amanh\u00e3, a Can\u00e7\u00e3o Nova de Natal promove um dia todo especial da beleza, com profissionais, na \u00e1rea, como: manicure, pedicure, cabeleireira,entre outros. Aqui voc\u00ea poder\u00e1 encontrar, al\u00e9m de pessoas capacitadas para cuidar da sua beleza exterior, tamb\u00e9m momentos para cuidar e cultivar a sua beleza interior. As 12h00 Santa missa em honra a S\u00e3o Jos\u00e9, logo mais as 14h00 um grupo de ora\u00e7\u00e3o da tarde da miseric\u00f3rdia, com muito louvor, prega\u00e7\u00e3o, adora\u00e7\u00e3o ao Sant\u00edssimo Sacramento e o ter\u00e7o da miseric\u00f3rdia.<\/p>\n<p style=\"text-align: justify\">E ainda tem mais&#8230;<!--more continue lendo--><\/p>\n<p style=\"text-align: justify\">Sim , o dia \u00e9 todo especial porque teremos tamb\u00e9m nesse dia, SAPATOS FEMININOS NOV\u00cdSSIMOS a um pre\u00e7o surpreendente!<\/p>\n<p style=\"text-align: justify\"><a href=\"http:\/\/blog.cancaonova.com\/natal\/files\/2013\/09\/dia-do-sapato.jpg\"><img loading=\"lazy\" decoding=\"async\" class=\"alignleft size-full wp-image-10921\" src=\"http:\/\/blog.cancaonova.com\/natal\/files\/2013\/09\/dia-do-sapato.jpg\" alt=\"\" width=\"252\" height=\"200\" \/><\/a>Aqui voc\u00ea encontrar\u00e1 aquele sapato que estava procurando e que talvez o pre\u00e7o estivesse um pouco salgado sabe!!! \u00c9 Mas j\u00e1 pensou? Al\u00e9m de ficar bonita, levar um sapato novo, para casa por um pre\u00e7o muito abaixo do mercado?<\/p>\n<p style=\"text-align: justify\">E vale lembrar, todo o valor arrecadado nesse dia da beleza, \u00e9 para a manuten\u00e7\u00e3o da R\u00e1dio Rural de Natal. Tudo aquilo que voc\u00ea consome tamb\u00e9m em nossa lanchonete, nos ajuda a chegar aos 100% e continuar a evangelizar.<\/p>\n<p style=\"text-align: justify\">Aproveite tamb\u00e9m a super promo\u00e7\u00e3o da Loja Can\u00e7\u00e3o Nova de Natal que come\u00e7ou no dia 19 de Setembro e vai at\u00e9 o dia 30 do mesmo m\u00eas, ou seja, \u00e9 s\u00f3 essa semana, produtos como a B\u00edblia sagrada com 20% de Desconto e produtos infantis selecionado com 50% de desconto!!!<\/p>\n<p style=\"text-align: justify\">E ai, o que voc\u00ea esta esperando? avise sua vizinha, comadre, m\u00e3e, sogra e todos aqueles que voc\u00ea conhece e venham pra c\u00e1, \u00e9 amanh\u00e3 dia 25 de Setembro o dia todo especial da beleza aqui na Can\u00e7\u00e3o Nova de Natal e n\u00f3s estamos esperando por voc\u00ea.<\/p>\n<p style=\"text-align: justify\">Saiba que para n\u00f3s da Can\u00e7\u00e3o Nova \u00e9 sempre um motivo de muita alegria receber sua visita aqui em nossa casa de Evangeliza\u00e7\u00e3o.<\/p>\n<p style=\"text-align: justify\">Seja sempre muito bem vinda(o)!!!<\/p>\n","protected":false},"excerpt":{"rendered":"<p>Venha conferir essa novidade! \u00c9 isso mesmo, amanh\u00e3 e excepcionalmente amanh\u00e3, a Can\u00e7\u00e3o Nova de Natal promove um dia todo especial da beleza, com profissionais, na \u00e1rea, como: manicure, pedicure, cabeleireira,entre outros. Aqui voc\u00ea poder\u00e1 encontrar, al\u00e9m de pessoas capacitadas&#8230;<\/p>\n","protected":false},"author":3131,"featured_media":0,"comment_status":"open","ping_status":"closed","sticky":false,"template":"","format":"standard","meta":{"_mi_skip_tracking":false,"_monsterinsights_sitenote_active":false,"_monsterinsights_sitenote_note":"","_monsterinsights_sitenote_category":0,"footnotes":""},"categories":[12581],"tags":[151150,81717,151234,151284,11511],"_links":{"self":[{"href":"https:\/\/blog.cancaonova.com\/natal\/wp-json\/wp\/v2\/posts\/10919"}],"collection":[{"href":"https:\/\/blog.cancaonova.com\/natal\/wp-json\/wp\/v2\/posts"}],"about":[{"href":"https:\/\/blog.cancaonova.com\/natal\/wp-json\/wp\/v2\/types\/post"}],"author":[{"embeddable":true,"href":"https:\/\/blog.cancaonova.com\/natal\/wp-json\/wp\/v2\/users\/3131"}],"replies":[{"embeddable":true,"href":"https:\/\/blog.cancaonova.com\/natal\/wp-json\/wp\/v2\/comments?post=10919"}],"version-history":[{"count":2,"href":"https:\/\/blog.cancaonova.com\/natal\/wp-json\/wp\/v2\/posts\/10919\/revisions"}],"predecessor-version":[{"id":10923,"href":"https:\/\/blog.cancaonova.com\/natal\/wp-json\/wp\/v2\/posts\/10919\/revisions\/10923"}],"wp:attachment":[{"href":"https:\/\/blog.cancaonova.com\/natal\/wp-json\/wp\/v2\/media?parent=10919"}],"wp:term":[{"taxonomy":"category","embeddable":true,"href":"https:\/\/blog.cancaonova.com\/natal\/wp-json\/wp\/v2\/categories?post=10919"},{"taxonomy":"post_tag","embeddable":true,"href":"https:\/\/blog.cancaonova.com\/natal\/wp-json\/wp\/v2\/tags?post=10919"}],"curies":[{"name":"wp","href":"https:\/\/api.w.org\/{rel}","templated":true}]}}