{"id":11512,"date":"2015-01-28T10:32:18","date_gmt":"2015-01-28T13:32:18","guid":{"rendered":"http:\/\/blog.cancaonova.com\/natal\/?p=11512"},"modified":"2015-01-28T10:32:18","modified_gmt":"2015-01-28T13:32:18","slug":"missa-em-honra-a-sao-jose","status":"publish","type":"post","link":"https:\/\/blog.cancaonova.com\/natal\/2015\/01\/28\/missa-em-honra-a-sao-jose\/","title":{"rendered":"Missa em Honra a S\u00e3o Jos\u00e9."},"content":{"rendered":"<p><a href=\"http:\/\/blog.cancaonova.com\/natal\/files\/2015\/01\/opa.jpg\"><img loading=\"lazy\" decoding=\"async\" class=\"aligncenter wp-image-11513\" src=\"http:\/\/blog.cancaonova.com\/natal\/files\/2015\/01\/opa-280x97.jpg\" alt=\"opa\" width=\"500\" height=\"174\" \/><\/a><\/p>\n<p style=\"text-align: center\">Convidamos voc\u00ea que \u00e9 <strong>devoto\u00a0de S\u00e3o Jos\u00e9<\/strong> \u00e0 participar da Santa Missa.<\/p>\n<p style=\"text-align: center\"><strong>\u00a0Hoje (28\/01)<\/strong> aqui na nossa Casa de Miss\u00e3o as <strong>12h<\/strong> com o Padre Francisco.<\/p>\n<p style=\"text-align: center\">Endere\u00e7o: Rua A\u00e7u, 335 &#8211; Tirol (ao lado da Catedral Metropolitana)<\/p>\n<p style=\"text-align: center\">Informa\u00e7\u00e3o: (84) 3201-1689<\/p>\n<p style=\"text-align: center\">Esperamos por voc\u00ea!<\/p>\n","protected":false},"excerpt":{"rendered":"<p>Convidamos voc\u00ea que \u00e9 devoto\u00a0de S\u00e3o Jos\u00e9 \u00e0 participar da Santa Missa. \u00a0Hoje (28\/01) aqui na nossa Casa de Miss\u00e3o as 12h com o Padre Francisco. Endere\u00e7o: Rua A\u00e7u, 335 &#8211; Tirol (ao lado da Catedral Metropolitana) Informa\u00e7\u00e3o: (84) 3201-1689&#8230;<\/p>\n","protected":false},"author":3131,"featured_media":0,"comment_status":"open","ping_status":"closed","sticky":false,"template":"","format":"standard","meta":{"_mi_skip_tracking":false,"_monsterinsights_sitenote_active":false,"_monsterinsights_sitenote_note":"","_monsterinsights_sitenote_category":0,"footnotes":""},"categories":[12581,41649,15731],"tags":[951,261,11511],"_links":{"self":[{"href":"https:\/\/blog.cancaonova.com\/natal\/wp-json\/wp\/v2\/posts\/11512"}],"collection":[{"href":"https:\/\/blog.cancaonova.com\/natal\/wp-json\/wp\/v2\/posts"}],"about":[{"href":"https:\/\/blog.cancaonova.com\/natal\/wp-json\/wp\/v2\/types\/post"}],"author":[{"embeddable":true,"href":"https:\/\/blog.cancaonova.com\/natal\/wp-json\/wp\/v2\/users\/3131"}],"replies":[{"embeddable":true,"href":"https:\/\/blog.cancaonova.com\/natal\/wp-json\/wp\/v2\/comments?post=11512"}],"version-history":[{"count":4,"href":"https:\/\/blog.cancaonova.com\/natal\/wp-json\/wp\/v2\/posts\/11512\/revisions"}],"predecessor-version":[{"id":11517,"href":"https:\/\/blog.cancaonova.com\/natal\/wp-json\/wp\/v2\/posts\/11512\/revisions\/11517"}],"wp:attachment":[{"href":"https:\/\/blog.cancaonova.com\/natal\/wp-json\/wp\/v2\/media?parent=11512"}],"wp:term":[{"taxonomy":"category","embeddable":true,"href":"https:\/\/blog.cancaonova.com\/natal\/wp-json\/wp\/v2\/categories?post=11512"},{"taxonomy":"post_tag","embeddable":true,"href":"https:\/\/blog.cancaonova.com\/natal\/wp-json\/wp\/v2\/tags?post=11512"}],"curies":[{"name":"wp","href":"https:\/\/api.w.org\/{rel}","templated":true}]}}