{"id":11679,"date":"2015-03-19T15:51:20","date_gmt":"2015-03-19T18:51:20","guid":{"rendered":"http:\/\/blog.cancaonova.com\/natal\/2015\/03\/19\/salve-jose-agraciado-do-pai\/"},"modified":"2015-03-19T15:53:20","modified_gmt":"2015-03-19T18:53:20","slug":"salve-jose-agraciado-do-pai","status":"publish","type":"post","link":"https:\/\/blog.cancaonova.com\/natal\/2015\/03\/19\/salve-jose-agraciado-do-pai\/","title":{"rendered":"Salve Jos\u00e9, agraciado do Pai!"},"content":{"rendered":"<p style=\"text-align: justify\">A Igreja nos ensina a celebrar o fato de que Jos\u00e9 est\u00e1 no c\u00e9u e intercede por n\u00f3s.<br \/>\nJos\u00e9 foi carpinteiro, \u00e9 esposo de Maria e pai de Nosso Senhor, \u00e9 fiel e educador.Grande segredo para n\u00f3s \u00e9 compreendermos que, agora no c\u00e9u, os m\u00e9ritos de S\u00e3o Jos\u00e9 s\u00e3o ainda maiores. Isso significa que, mesmo l\u00e1, Jos\u00e9 \u00e9 pai de Jesus e marido de Maria. Portanto, eles lhe devem obedi\u00eancia.Mais ainda, a melhor forma de conhecer Sua for\u00e7a intercessora \u00e9 fazendo a experi\u00eancia de aproximar-se dele por meio da ora\u00e7\u00e3o! Como diz Teresa D\u2019\u00c1vila: \u201cSe duvidais, ide a S\u00e3o Jos\u00e9!\u201d.<\/p>\n<p style=\"text-align: justify\"><a href=\"http:\/\/blog.cancaonova.com\/natal\/files\/2015\/03\/S\u00e3o-Jos\u00e9.jpg\"><img loading=\"lazy\" decoding=\"async\" class=\"aligncenter wp-image-11680\" src=\"http:\/\/blog.cancaonova.com\/natal\/files\/2015\/03\/S\u00e3o-Jos\u00e9-280x183.jpg\" alt=\"S\u00e3o Jos\u00e9\" width=\"480\" height=\"314\" \/><\/a><\/p>\n<p style=\"text-align: center\">Consagre a sua vida e a sua fam\u00edlia aos cuidados de S\u00e3o Jos\u00e9, rezando:<\/p>\n<p style=\"text-align: justify\"><span style=\"color: #993300\"><em><strong>\u00d3 glorioso S\u00e3o Jos\u00e9, a quem a Sant\u00edssima Trindade escolheu para ser pai adotivo de Jesus, esposo da Virgem Maria, chefe da Sagrada Fam\u00edlia de Nazar\u00e9, e patrono da Igreja Cat\u00f3lica, eu, (dizer o nome) a v\u00f3s recorro, e imploro com plena confian\u00e7a vossa ben\u00e7\u00e3o e prote\u00e7\u00e3o sobre a humanidade.<\/strong><\/em><\/span><\/p>\n<p style=\"text-align: justify\"><span style=\"color: #993300\"><em><strong>Olhai com predile\u00e7\u00e3o os pobres e desamparados. Amparai e defendei os que trabalham pela promo\u00e7\u00e3o da vida e pela cultura da Paz mundial. Iluminai nossos pastores, nossos governantes, os homens e mulheres que det\u00e9m o poder de decis\u00e3o neste mundo: que eles estejam sempre voltados a fazer a vontade de Deus e a colaborar trabalhando com ardor e amor no plano da salva\u00e7\u00e3o.<\/strong><\/em><\/span><\/p>\n<p style=\"text-align: justify\"><span style=\"color: #993300\"><em><strong>Eu me ofere\u00e7o inteiramente a V\u00f3s, bondoso Santo de Deus e a v\u00f3s me consagro pedindo que me acompanheis no caminho da santidade e na perseveran\u00e7a no estado de vida que escolhi. Que as vossas virtudes ajudem-me ser fiel no seguimento de Jesus Cristo e a cumprir a miss\u00e3o a mim confiada pelo Pai Misericordioso.<\/strong><\/em><\/span><\/p>\n<p style=\"text-align: justify\"><span style=\"color: #993300\"><em><strong>Prometo, coma gra\u00e7a de Deus, difundir a vossa devo\u00e7\u00e3o para que todos conhe\u00e7am vossa vida e miss\u00e3o e vos amem neste mundo e na eternidade.<\/strong><\/em><\/span><\/p>\n<p style=\"text-align: justify\"><span style=\"color: #993300\"><em><strong>Dignai-vos, glorioso S\u00e3o Jos\u00e9, aceitar esta consagra\u00e7\u00e3o como prova da minha devo\u00e7\u00e3o e amor filial. E, como prova do meu amor por v\u00f3s e por vossa querida esposa e minha M\u00e3e, a Virgem Maria, eu vos sa\u00fado:<\/strong><\/em><\/span><\/p>\n<p style=\"text-align: justify\"><span style=\"color: #993300\"><em><strong>Salve Jos\u00e9, agraciado por Deus. O Senhor \u00e9 convosco. Bendito sois v\u00f3s entre os homens e bendito \u00e9 o fruto do vosso piedoso cora\u00e7\u00e3o, Jesus. S\u00e3o Jos\u00e9, pai adotivo de Jesus, olhai e cuidai de mim, agora e na hora da minha morte santa. Am\u00e9m.<\/strong><\/em><\/span><\/p>\n<p style=\"text-align: justify\"><span style=\"color: #993300\"><em><strong>S\u00e3o Jos\u00e9, valei-nos!<\/strong><\/em><\/span><\/p>\n","protected":false},"excerpt":{"rendered":"<p>A Igreja nos ensina a celebrar o fato de que Jos\u00e9 est\u00e1 no c\u00e9u e intercede por n\u00f3s. Jos\u00e9 foi carpinteiro, \u00e9 esposo de Maria e pai de Nosso Senhor, \u00e9 fiel e educador.Grande segredo para n\u00f3s \u00e9 compreendermos que,&#8230;<\/p>\n","protected":false},"author":3131,"featured_media":0,"comment_status":"open","ping_status":"closed","sticky":false,"template":"","format":"standard","meta":{"_mi_skip_tracking":false,"_monsterinsights_sitenote_active":false,"_monsterinsights_sitenote_note":"","_monsterinsights_sitenote_category":0,"footnotes":""},"categories":[12581,24866,127066],"tags":[151150,11511],"_links":{"self":[{"href":"https:\/\/blog.cancaonova.com\/natal\/wp-json\/wp\/v2\/posts\/11679"}],"collection":[{"href":"https:\/\/blog.cancaonova.com\/natal\/wp-json\/wp\/v2\/posts"}],"about":[{"href":"https:\/\/blog.cancaonova.com\/natal\/wp-json\/wp\/v2\/types\/post"}],"author":[{"embeddable":true,"href":"https:\/\/blog.cancaonova.com\/natal\/wp-json\/wp\/v2\/users\/3131"}],"replies":[{"embeddable":true,"href":"https:\/\/blog.cancaonova.com\/natal\/wp-json\/wp\/v2\/comments?post=11679"}],"version-history":[{"count":4,"href":"https:\/\/blog.cancaonova.com\/natal\/wp-json\/wp\/v2\/posts\/11679\/revisions"}],"predecessor-version":[{"id":11684,"href":"https:\/\/blog.cancaonova.com\/natal\/wp-json\/wp\/v2\/posts\/11679\/revisions\/11684"}],"wp:attachment":[{"href":"https:\/\/blog.cancaonova.com\/natal\/wp-json\/wp\/v2\/media?parent=11679"}],"wp:term":[{"taxonomy":"category","embeddable":true,"href":"https:\/\/blog.cancaonova.com\/natal\/wp-json\/wp\/v2\/categories?post=11679"},{"taxonomy":"post_tag","embeddable":true,"href":"https:\/\/blog.cancaonova.com\/natal\/wp-json\/wp\/v2\/tags?post=11679"}],"curies":[{"name":"wp","href":"https:\/\/api.w.org\/{rel}","templated":true}]}}