{"id":11685,"date":"2015-03-19T16:41:20","date_gmt":"2015-03-19T19:41:20","guid":{"rendered":"http:\/\/blog.cancaonova.com\/natal\/2015\/03\/19\/terco-abencoado-de-sao-jose\/"},"modified":"2015-03-19T16:41:20","modified_gmt":"2015-03-19T19:41:20","slug":"terco-abencoado-de-sao-jose","status":"publish","type":"post","link":"https:\/\/blog.cancaonova.com\/natal\/2015\/03\/19\/terco-abencoado-de-sao-jose\/","title":{"rendered":"Ter\u00e7o Aben\u00e7oado de S\u00e3o Jos\u00e9."},"content":{"rendered":"<p style=\"text-align: center\"><span style=\"text-decoration: underline\"><strong><a href=\"http:\/\/blog.cancaonova.com\/natal\/files\/2015\/01\/opa.jpg\"><img loading=\"lazy\" decoding=\"async\" class=\"aligncenter wp-image-11513\" src=\"http:\/\/blog.cancaonova.com\/natal\/files\/2015\/01\/opa-280x97.jpg\" alt=\"opa\" width=\"532\" height=\"185\" \/><\/a>Como rezar o ter\u00e7o:<\/strong><\/span><\/p>\n<p style=\"text-align: justify\"><em>O Processo \u00e9 o mesmo de como se reza o Ter\u00e7o Mariano. Contempla-se cada mist\u00e9rio. Nas contas grandes reza-se o <strong>Pai-Nosso<\/strong>. Nas contas pequenas a ora\u00e7\u00e3o <strong>Salve Jos\u00e9<\/strong>. Nos intervalos entre um mist\u00e9rio e outro reza-se <strong>Gl\u00f3ria ao Pai seguido da Invoca\u00e7\u00e3o a S\u00e3o Jos\u00e9.<\/strong><\/em><\/p>\n<p style=\"text-align: center\"><em><span style=\"text-decoration: underline\"><strong>OFERECIMENTO DO TER\u00c7O:<\/strong><\/span><\/em><\/p>\n<p style=\"text-align: justify\"><em>&#8220;Ofere\u00e7o este ter\u00e7o em louvor e gl\u00f3ria de Jesus, Maria e Jos\u00e9, para que sejam a minha luz, meus guias, prote\u00e7\u00e3o, defesa, amparo e fortaleza em todos os meus trabalhos, alegrias, agonias e tribula\u00e7\u00f5es. Pelo nome de Jesus e pela gl\u00f3ria de Maria, imploro a v\u00f3s, \u00f3 glorioso S\u00e3o Jos\u00e9, que alcanceis a gra\u00e7a que desejo (pede-se a gra\u00e7a). Advogai a minha causa, falai em meu favor, no C\u00e9u e na Terra, alegrai a minha alma, para honra e gl\u00f3ria de Jesus e Maria. Am\u00e9m.&#8221;<\/em><\/p>\n<p style=\"text-align: center\"><em><strong><span style=\"text-decoration: underline\">MIST\u00c9RIOS DE DEUS NA VIDA E MISS\u00c3O DE S\u00c3O JOS\u00c9<\/span><\/strong><\/em><\/p>\n<p><em><strong>1\u00b0 mist\u00e9rio:<\/strong> contemplamos a Apari\u00e7\u00e3o do Anjo do Senhor em sonhos, a Jos\u00e9 (Mt 1,18-25)<\/em><\/p>\n<p><em><strong>2\u00b0 mist\u00e9rio:<\/strong> contemplamos Jos\u00e9 no pres\u00e9pio com o r\u00e9cem-nascido e Maria. (Lc 2,1-16)<\/em><\/p>\n<p><em><strong>3\u00b0 mist\u00e9rio: <\/strong>contemplamos a fuga para o Egito. (Mt 2,13-15)<\/em><\/p>\n<p><em><strong>4\u00b0 mist\u00e9rio:<\/strong> contemplamos a apresenta\u00e7\u00e3o de Jesus no templo. (Lc 2,22-39)<\/em><\/p>\n<p><em><strong>5\u00b0 mist\u00e9rio:<\/strong> contemplamos o reencontro de Jos\u00e9 e Maria com Jesus, no templo. (Lc 2,41-51).<\/em><\/p>\n<p style=\"text-align: center\"><span style=\"text-decoration: underline\"><em><strong>ORA\u00c7\u00d5ES DO TER\u00c7O ABEN\u00c7OADO DE S\u00c3O JOS\u00c9<\/strong><\/em><\/span><\/p>\n<p style=\"text-align: left\"><em><strong>Salve, Jos\u00e9<\/strong><\/em><\/p>\n<p style=\"text-align: justify\"><em>&#8220;Salve, Jos\u00e9, agraciado por Deus, o Senhor \u00e9 convosco. Bendito sois v\u00f3s entre os homens e bendito \u00e9 o fruto de vosso piedoso cora\u00e7\u00e3o, Jesus. S\u00e3o Jos\u00e9, pai adotivo de Jesus, olhai e cuidai de n\u00f3s, agora e na hora de nossa morte santa. Am\u00e9m.<\/em><\/p>\n<p style=\"text-align: left\"><em><strong>Invoca\u00e7\u00e3o a S\u00e3o Jos\u00e9<\/strong><\/em><\/p>\n<p style=\"text-align: justify\"><em>&#8220;Meu glorioso S\u00e3o Jos\u00e9, nas vossas maiores afli\u00e7\u00f5es e tribula\u00e7\u00f5es o anjo n\u00e3o vos valeu? Valei-me, S\u00e3o Jos\u00e9.&#8221;<\/em><\/p>\n<p style=\"text-align: left\"><em><strong>Ora\u00e7\u00e3o de agradecimento a S\u00e3o Jos\u00e9<\/strong><\/em><\/p>\n<p style=\"text-align: justify\"><em>&#8220;Gra\u00e7as vos damos, glorioso S\u00e3o Jos\u00e9, pelos benef\u00edcios que todos os dias recebemos de vossas m\u00e3os. Dignai-vos agora e para sempre tomar-nos debaixo de vosso poderoso amparo e para mais vos obrigar, vos saudamos com a ora\u00e7\u00e3o Salve, Glorioso S\u00e3o Jos\u00e9: &#8216;\u00d3 Glorioso S\u00e3o Jos\u00e9, a quem foi dado o poder de\u00a0tornar poss\u00edveis as coisas humanamente imposs\u00edveis, vinde em nosso auxilio nas dificuldades em que nos achamos. Tomai sob a vossa prote\u00e7\u00e3o a causa que vos confiamos, para que tenha uma solu\u00e7\u00e3o favor\u00e1vel. (Faz-se o pedido). \u00d3 pai muito amado, em v\u00f3s depositamos toda nossa confian\u00e7a. Que ningu\u00e9m possa, jamais, dizer que vos invocamos em v\u00e3o. J\u00e1 que tudo podeis junto a Jesus, mostrai-nos que a vossa bondade \u00e9 igual ao vosso poder. S\u00e3o Jos\u00e9, a quem Deus confiou o cuidado da Fam\u00edlia de Nazar\u00e9, sede o pai e protetor da nossa e impetrai-nos a gra\u00e7a de vivermos e morrermos no amor a Jesus e Maria. S\u00e3o Jos\u00e9 da Esperan\u00e7a, rogai por n\u00f3s que recorremos a v\u00f3s.&#8221;<\/em><\/p>\n<p style=\"text-align: left\"><em>S\u00e3o Jos\u00e9, valei-nos!<\/em><\/p>\n<p style=\"text-align: left\">\n","protected":false},"excerpt":{"rendered":"<p>Como rezar o ter\u00e7o: O Processo \u00e9 o mesmo de como se reza o Ter\u00e7o Mariano. Contempla-se cada mist\u00e9rio. Nas contas grandes reza-se o Pai-Nosso. Nas contas pequenas a ora\u00e7\u00e3o Salve Jos\u00e9. Nos intervalos entre um mist\u00e9rio e outro reza-se&#8230;<\/p>\n","protected":false},"author":3131,"featured_media":0,"comment_status":"open","ping_status":"closed","sticky":false,"template":"","format":"standard","meta":{"_mi_skip_tracking":false,"_monsterinsights_sitenote_active":false,"_monsterinsights_sitenote_note":"","_monsterinsights_sitenote_category":0,"footnotes":""},"categories":[12581,15731,127066],"tags":[151148,261,11511],"_links":{"self":[{"href":"https:\/\/blog.cancaonova.com\/natal\/wp-json\/wp\/v2\/posts\/11685"}],"collection":[{"href":"https:\/\/blog.cancaonova.com\/natal\/wp-json\/wp\/v2\/posts"}],"about":[{"href":"https:\/\/blog.cancaonova.com\/natal\/wp-json\/wp\/v2\/types\/post"}],"author":[{"embeddable":true,"href":"https:\/\/blog.cancaonova.com\/natal\/wp-json\/wp\/v2\/users\/3131"}],"replies":[{"embeddable":true,"href":"https:\/\/blog.cancaonova.com\/natal\/wp-json\/wp\/v2\/comments?post=11685"}],"version-history":[{"count":2,"href":"https:\/\/blog.cancaonova.com\/natal\/wp-json\/wp\/v2\/posts\/11685\/revisions"}],"predecessor-version":[{"id":11688,"href":"https:\/\/blog.cancaonova.com\/natal\/wp-json\/wp\/v2\/posts\/11685\/revisions\/11688"}],"wp:attachment":[{"href":"https:\/\/blog.cancaonova.com\/natal\/wp-json\/wp\/v2\/media?parent=11685"}],"wp:term":[{"taxonomy":"category","embeddable":true,"href":"https:\/\/blog.cancaonova.com\/natal\/wp-json\/wp\/v2\/categories?post=11685"},{"taxonomy":"post_tag","embeddable":true,"href":"https:\/\/blog.cancaonova.com\/natal\/wp-json\/wp\/v2\/tags?post=11685"}],"curies":[{"name":"wp","href":"https:\/\/api.w.org\/{rel}","templated":true}]}}