{"id":1950,"date":"2012-07-16T14:00:06","date_gmt":"2012-07-16T17:00:06","guid":{"rendered":"http:\/\/blog.cancaonova.com\/natal\/?p=1950"},"modified":"2012-07-16T17:35:17","modified_gmt":"2012-07-16T20:35:17","slug":"martires-em-canguaretama-rn","status":"publish","type":"post","link":"https:\/\/blog.cancaonova.com\/natal\/2012\/07\/16\/martires-em-canguaretama-rn\/","title":{"rendered":"Festa dos M\u00e1rtires em Canguaretama-RN"},"content":{"rendered":"<p><strong>:: 16 de Julho, uma data hist\u00f3rica para o Rio Grande do Norte. <\/strong><\/p>\n<p style=\"text-align: justify\"><a href=\"http:\/\/blog.cancaonova.com\/natal\/files\/2009\/07\/capela-de-cunhau-rn.jpg\"><img loading=\"lazy\" decoding=\"async\" class=\"size-medium wp-image-1954 alignleft\" src=\"http:\/\/blog.cancaonova.com\/natal\/files\/2009\/07\/capela-de-cunhau-rn-280x268.jpg\" alt=\"\" width=\"280\" height=\"268\" \/><\/a>Em 16 de julho de 1645, o<strong> Pe. Andr\u00e9 de Soveral<\/strong> e outros 70 fi\u00e9is foram cruelmente mortos por mais de 200 soldados holandeses e \u00edndios potiguares. Os fi\u00e9is participavam da missa dominical, na Capela de Nossa Senhora das Candeias, no Engenho Cunha\u00fa \u2013 no munic\u00edpio de Canguaretama, localizado a Zona Agreste do Rio Grande do Norte. Por seguirem a religi\u00e3o cat\u00f3lica, tiveram que pagar com a pr\u00f3pria vida o pre\u00e7o da f\u00e9, por causa da intoler\u00e2ncia calvinista dos invasores.<\/p>\n<p>Hoje, na <strong>Igreja de Nossa Senhora das Candeias, <\/strong>onde aconteceu este primeiro mortic\u00ednio dos <a href=\"http:\/\/blog.cancaonova.com\/natal\/?page_id=191\" target=\"_blank\"><strong><span style=\"color: #ff0000\">Protom\u00e1rtires do Brasil<\/span><\/strong><\/a>, ser\u00e1 celebrada Santa Missa, \u00e0s 17h, presidida por Padre Herculano.<\/p>\n<p style=\"text-align: center\"><span style=\"color: #ff0000\">A <strong>R\u00e1dio Rural de Natal<\/strong> transmitir\u00e1 esta celebra\u00e7\u00e3o pela<span style=\"color: #000000\"> <strong>AM 1090<\/strong> <strong>KHz<\/strong><\/span> ou <em>online<\/em> pelo <span style=\"color: #000000\"><strong>natal.cancaonova.com<\/strong><\/span> (player no lado direito da p\u00e1gina).<\/span><\/p>\n<p style=\"text-align: center\"><strong><em>&#8220;Louvado seja o Sant\u00edssimo Sacramento!&#8221;<\/em><\/strong><\/p>\n","protected":false},"excerpt":{"rendered":"<p>:: 16 de Julho, uma data hist\u00f3rica para o Rio Grande do Norte. Em 16 de julho de 1645, o Pe. Andr\u00e9 de Soveral e outros 70 fi\u00e9is foram cruelmente mortos por mais de 200 soldados holandeses e \u00edndios potiguares&#8230;.<\/p>\n","protected":false},"author":3131,"featured_media":0,"comment_status":"open","ping_status":"open","sticky":false,"template":"","format":"standard","meta":{"_mi_skip_tracking":false,"_monsterinsights_sitenote_active":false,"_monsterinsights_sitenote_note":"","_monsterinsights_sitenote_category":0,"footnotes":""},"categories":[32],"tags":[2251,127101,3,66,28704,127099,24874,98706],"_links":{"self":[{"href":"https:\/\/blog.cancaonova.com\/natal\/wp-json\/wp\/v2\/posts\/1950"}],"collection":[{"href":"https:\/\/blog.cancaonova.com\/natal\/wp-json\/wp\/v2\/posts"}],"about":[{"href":"https:\/\/blog.cancaonova.com\/natal\/wp-json\/wp\/v2\/types\/post"}],"author":[{"embeddable":true,"href":"https:\/\/blog.cancaonova.com\/natal\/wp-json\/wp\/v2\/users\/3131"}],"replies":[{"embeddable":true,"href":"https:\/\/blog.cancaonova.com\/natal\/wp-json\/wp\/v2\/comments?post=1950"}],"version-history":[{"count":18,"href":"https:\/\/blog.cancaonova.com\/natal\/wp-json\/wp\/v2\/posts\/1950\/revisions"}],"predecessor-version":[{"id":1990,"href":"https:\/\/blog.cancaonova.com\/natal\/wp-json\/wp\/v2\/posts\/1950\/revisions\/1990"}],"wp:attachment":[{"href":"https:\/\/blog.cancaonova.com\/natal\/wp-json\/wp\/v2\/media?parent=1950"}],"wp:term":[{"taxonomy":"category","embeddable":true,"href":"https:\/\/blog.cancaonova.com\/natal\/wp-json\/wp\/v2\/categories?post=1950"},{"taxonomy":"post_tag","embeddable":true,"href":"https:\/\/blog.cancaonova.com\/natal\/wp-json\/wp\/v2\/tags?post=1950"}],"curies":[{"name":"wp","href":"https:\/\/api.w.org\/{rel}","templated":true}]}}