{"id":5964,"date":"2010-07-12T06:00:20","date_gmt":"2010-07-12T09:00:20","guid":{"rendered":"http:\/\/blog.cancaonova.com\/natal\/?p=5964"},"modified":"2010-07-14T15:14:53","modified_gmt":"2010-07-14T18:14:53","slug":"festa-dos-protomartires-do-brasil-2010","status":"publish","type":"post","link":"https:\/\/blog.cancaonova.com\/natal\/2010\/07\/12\/festa-dos-protomartires-do-brasil-2010\/","title":{"rendered":"FESTA DOS PROTOM\u00c1RTIRES DO BRASIL 2010"},"content":{"rendered":"<h3 style=\"text-align: center;\"><span style=\"color: #ff6600;\"><span style=\"text-decoration: underline;\">FESTA DOS M\u00c1RTIRES 2010<\/span><\/span><\/h3>\n<p style=\"text-align: center;\"><a href=\"http:\/\/blog.cancaonova.com\/natal\/files\/2010\/07\/festadosmartires2010.jpg\"><img loading=\"lazy\" decoding=\"async\" class=\"aligncenter size-full wp-image-5963\" title=\"Festa dos Martires 2010\" src=\"http:\/\/blog.cancaonova.com\/natal\/files\/2010\/07\/festadosmartires2010.jpg\" alt=\"\" width=\"590\" height=\"405\" \/><\/a><\/p>\n<p>Na <strong>Igreja de Nossa Senhora das Candeias, <\/strong>Canguaretama-RN,\u00a0aconteceu  o primeiro mortic\u00ednio dos <a href=\"..\/?page_id=191\" target=\"_blank\"><strong><span style=\"color: #ff0000;\">Protom\u00e1rtires do Brasil<\/span><\/strong><\/a>,  no ano de 1645.<\/p>\n<p>Santa Missa dia 16\/07\u00a0\u00e0s 17hs presidida pelo Arcebispo Metropolitano  Dom Matias Patr\u00edcio de Macedo!<\/p>\n<p style=\"text-align: center;\">\n<p style=\"text-align: center;\">\n<p style=\"text-align: center;\"><em><strong>Mais informa\u00e7\u00f5es: (84)3241-2260 ou paroquiadecanguaretama@yahoo.com.br<\/strong><\/em><\/p>\n<address style=\"text-align: center;\"> <\/address>\n<hr \/>\n<p style=\"text-align: center;\"><em style=\"mso-bidi-font-style: normal;\"><a href=\"http:\/\/www.cancaonova.com\/radionatal.asx\"><span style=\"color: #ffffff;\"><img loading=\"lazy\" decoding=\"async\" class=\"size-medium wp-image-1525 alignright\" title=\"R\u00e1dio On Line\" src=\"http:\/\/blog.cancaonova.com\/natal\/files\/2009\/05\/logo-radio-azul-02-280x234.jpg\" alt=\"\" width=\"120\" height=\"90\" \/><\/span><\/a><a href=\"http:\/\/twitter.com\/cnradiorural\"><span style=\"color: #ffffff;\"><img loading=\"lazy\" decoding=\"async\" class=\"size-full wp-image-3460 alignleft\" title=\"twitter\" src=\"http:\/\/blog.cancaonova.com\/natal\/files\/2009\/10\/twitter.jpg\" alt=\"\" width=\"120\" height=\"90\" \/><\/span><\/a><\/em><\/p>\n<p style=\"text-align: center;\"><span style=\"color: #ffffff;\"><em style=\"mso-bidi-font-style:                   normal;\"><strong><span style=\"color: #00ffff;\">Can\u00e7\u00e3o Nova,   10 anos em Natal &#8211; Um tempo de  Gra\u00e7a!<\/span><\/strong><\/em><\/span><\/p>\n<p style=\"text-align: center;\"><span style=\"color: #00ffff;\"><em style=\"mso-bidi-font-style:                   normal;\">Siga-nos no  Twitter e ou\u00e7a a R\u00e1dio Rural   On-Line!<\/em><\/span><\/p>\n<p style=\"text-align: center;\"><em><a title=\"Contatos\" href=\"http:\/\/blog.cancaonova.com\/natal\/?page_id=1510\" target=\"_self\"><span style=\"color: #00ffff;\"><em><strong>Clique aqui para entrar em contato!<\/strong><\/em><\/span><\/a><\/em><\/p>\n","protected":false},"excerpt":{"rendered":"<p>FESTA DOS M\u00c1RTIRES 2010 Na Igreja de Nossa Senhora das Candeias, Canguaretama-RN,\u00a0aconteceu o primeiro mortic\u00ednio dos Protom\u00e1rtires do Brasil, no ano de 1645. Santa Missa dia 16\/07\u00a0\u00e0s 17hs presidida pelo Arcebispo Metropolitano Dom Matias Patr\u00edcio de Macedo! Mais informa\u00e7\u00f5es: (84)3241-2260&#8230;<\/p>\n","protected":false},"author":3131,"featured_media":0,"comment_status":"open","ping_status":"closed","sticky":false,"template":"","format":"standard","meta":{"_mi_skip_tracking":false,"_monsterinsights_sitenote_active":false,"_monsterinsights_sitenote_note":"","_monsterinsights_sitenote_category":0,"footnotes":""},"categories":[15731],"tags":[19,66,24874],"_links":{"self":[{"href":"https:\/\/blog.cancaonova.com\/natal\/wp-json\/wp\/v2\/posts\/5964"}],"collection":[{"href":"https:\/\/blog.cancaonova.com\/natal\/wp-json\/wp\/v2\/posts"}],"about":[{"href":"https:\/\/blog.cancaonova.com\/natal\/wp-json\/wp\/v2\/types\/post"}],"author":[{"embeddable":true,"href":"https:\/\/blog.cancaonova.com\/natal\/wp-json\/wp\/v2\/users\/3131"}],"replies":[{"embeddable":true,"href":"https:\/\/blog.cancaonova.com\/natal\/wp-json\/wp\/v2\/comments?post=5964"}],"version-history":[{"count":5,"href":"https:\/\/blog.cancaonova.com\/natal\/wp-json\/wp\/v2\/posts\/5964\/revisions"}],"predecessor-version":[{"id":5966,"href":"https:\/\/blog.cancaonova.com\/natal\/wp-json\/wp\/v2\/posts\/5964\/revisions\/5966"}],"wp:attachment":[{"href":"https:\/\/blog.cancaonova.com\/natal\/wp-json\/wp\/v2\/media?parent=5964"}],"wp:term":[{"taxonomy":"category","embeddable":true,"href":"https:\/\/blog.cancaonova.com\/natal\/wp-json\/wp\/v2\/categories?post=5964"},{"taxonomy":"post_tag","embeddable":true,"href":"https:\/\/blog.cancaonova.com\/natal\/wp-json\/wp\/v2\/tags?post=5964"}],"curies":[{"name":"wp","href":"https:\/\/api.w.org\/{rel}","templated":true}]}}