{"id":8114,"date":"2012-10-02T10:00:03","date_gmt":"2012-10-02T13:00:03","guid":{"rendered":"http:\/\/blog.cancaonova.com\/natal\/?p=8114"},"modified":"2012-10-08T15:08:17","modified_gmt":"2012-10-08T18:08:17","slug":"festa-dos-protomartires-de-uruacu-e-cunhau","status":"publish","type":"post","link":"https:\/\/blog.cancaonova.com\/natal\/2012\/10\/02\/festa-dos-protomartires-de-uruacu-e-cunhau\/","title":{"rendered":"Festa dos Protom\u00e1rtires de Urua\u00e7u e Cunha\u00fa"},"content":{"rendered":"<p style=\"text-align: justify\"><strong>Dia 03 de Outubro, o Rio Grande do Norte relembra os primeiros m\u00e1rtires do Brasil: os protom\u00e1rtires de Cunha\u00fa e Urua\u00e7u (j\u00e1 beatos). Homens e mulheres que derramaram seu sangue pela f\u00e9!<\/strong><\/p>\n<p style=\"text-align: justify\"><a href=\"http:\/\/blog.cancaonova.com\/natal\/files\/2011\/10\/martires.jpg\"><img loading=\"lazy\" decoding=\"async\" class=\"alignleft size-medium wp-image-8115\" src=\"http:\/\/blog.cancaonova.com\/natal\/files\/2011\/10\/martires-201x280.jpg\" alt=\"\" width=\"201\" height=\"280\" srcset=\"https:\/\/blog.cancaonova.com\/natal\/files\/2011\/10\/martires-201x280.jpg 201w, https:\/\/blog.cancaonova.com\/natal\/files\/2011\/10\/martires.jpg 230w\" sizes=\"(max-width: 201px) 100vw, 201px\" \/><\/a><\/p>\n<p style=\"text-align: justify\">A hist\u00f3ria nos conta que: dentro da conturbada invas\u00e3o dos holandeses no Nordeste do Brasil, ocorreram dois mart\u00edrios coletivos: o de Cunha\u00fa e o de Urua\u00e7u. No engenho de Cunha\u00fa, na \u00e9poca, principal p\u00f3lo econ\u00f4mico da capitania do Rio Grande (atual estado do RN), existia uma pequena e fervorosa comunidade composta por 70 pessoas sob os cuidados do <strong>Pe. Andr\u00e9 de Soveral<\/strong>. E em 16 de junho de 1645, o sacerdote e outros 70 fi\u00e9is foram cruelmente mortos por mais de 200 soldados holandeses e \u00edndios potiguares. Os fi\u00e9is participavam da Missa dominical, na <strong>capela de Nossa Senhora das Candeias<\/strong>, no Engenho Cunha\u00fa \u2013 no munic\u00edpio de Canguaretama, localizado a Zona Agreste do Rio Grande do Norte. Por seguirem a religi\u00e3o Cat\u00f3lica, tiveram que pagar com a pr\u00f3pria vida o pre\u00e7o da f\u00e9, por causa da intoler\u00e2ncia calvinista dos invasores.<\/p>\n<p style=\"text-align: justify\">Quatro meses depois, em 03 de outubro de 1645, aconteceu outro mart\u00edrio, onde 80 pessoas foram mortas por holandeses, entre elas,\u00a0 o <strong>Pe. Ambr\u00f3sio Francisco Ferro<\/strong>, que com os fi\u00e9is confiados a si, manteve a firmeza na f\u00e9, e o campon\u00eas <strong>Mateus Moreira<\/strong>, que teve o cora\u00e7\u00e3o arrancado pelas costas, enquanto repetia a frase<em><strong> \u201clouvado seja o Sant\u00edssimo Sacramento\u201d<\/strong><\/em>. Este mortic\u00ednio aconteceu no Engenho de Urua\u00e7u (hoje comunidade Urua\u00e7u) na \u00e1rea do munic\u00edpio de S\u00e3o Gon\u00e7alo do Amarante \u2013 a 18 km de Natal.<\/p>\n<p style=\"text-align: justify\"><strong> Eles foram beatificados, no dia 5 de mar\u00e7o de 2000, pelo Papa Jo\u00e3o Paulo II, na Pra\u00e7a de S\u00e3o Pedro em Roma, juntamente com mais 44 m\u00e1rtires. Na cerim\u00f4nia da Beatifica\u00e7\u00e3o o Papa Jo\u00e3o Paulo II, atribuiu aos novos Beatos da Igreja, o titulo de Protom\u00e1rtires do Brasil.<\/strong><br \/>\nSegundo o Mons. Assis Pereira, os m\u00e1rtires de Cunha\u00fa e Urua\u00e7u foram chamados de Protom\u00e1rtires do Brasil, pelo Prefeito da Congrega\u00e7\u00e3o das\u00a0 Causas dos Santos. \u201cIsto porque s\u00e3o os primeiros que derramaram o sangue pela f\u00e9 em nossa p\u00e1tria, tendo o seu mart\u00edrio reconhecido oficialmente pela igreja\u201d, disse o Monsenhor. Ele foi nomeado pela Confer\u00eancia Nacional dos Bispos do Brasil (CNBB) como respons\u00e1vel pela organiza\u00e7\u00e3o do martirol\u00f3gio que aconteceram aqui no estado do RN.<\/p>\n<p style=\"text-align: justify\"><span style=\"color: #ff0000\"><span style=\"text-decoration: underline\"><strong>Leia mais:<\/strong> <\/span><\/span><\/p>\n<p><a title=\"hist\u00f3ria do martpirio\" href=\"http:\/\/blog.cancaonova.com\/natal\/protomartires-do-brasil\/\"><strong>P\u00e1gina sobre os Protom\u00e1rtires do Brasil <\/strong><\/a><\/p>\n<p style=\"text-align: justify\"><strong>Prof. Felipe Aquino<\/strong> tamb\u00e9m fala sobre os m\u00e1rtires do Brasil, <a title=\"Texto do Prof. Felipe Aquino\" href=\"http:\/\/www.cancaonova.com\/portal\/canais\/formacao\/internas.php?e=12561\" target=\"_blank\"><strong>confira<\/strong><\/a>!<\/p>\n<p style=\"text-align: justify\">\n","protected":false},"excerpt":{"rendered":"<p>Dia 03 de Outubro, o Rio Grande do Norte relembra os primeiros m\u00e1rtires do Brasil: os protom\u00e1rtires de Cunha\u00fa e Urua\u00e7u (j\u00e1 beatos). Homens e mulheres que derramaram seu sangue pela f\u00e9! A hist\u00f3ria nos conta que: dentro da conturbada&#8230;<\/p>\n","protected":false},"author":3131,"featured_media":0,"comment_status":"open","ping_status":"closed","sticky":false,"template":"","format":"standard","meta":{"_mi_skip_tracking":false,"_monsterinsights_sitenote_active":false,"_monsterinsights_sitenote_note":"","_monsterinsights_sitenote_category":0,"footnotes":""},"categories":[41649,32],"tags":[17140,76554,127131,66,127130,127099,24874,76553],"_links":{"self":[{"href":"https:\/\/blog.cancaonova.com\/natal\/wp-json\/wp\/v2\/posts\/8114"}],"collection":[{"href":"https:\/\/blog.cancaonova.com\/natal\/wp-json\/wp\/v2\/posts"}],"about":[{"href":"https:\/\/blog.cancaonova.com\/natal\/wp-json\/wp\/v2\/types\/post"}],"author":[{"embeddable":true,"href":"https:\/\/blog.cancaonova.com\/natal\/wp-json\/wp\/v2\/users\/3131"}],"replies":[{"embeddable":true,"href":"https:\/\/blog.cancaonova.com\/natal\/wp-json\/wp\/v2\/comments?post=8114"}],"version-history":[{"count":8,"href":"https:\/\/blog.cancaonova.com\/natal\/wp-json\/wp\/v2\/posts\/8114\/revisions"}],"predecessor-version":[{"id":9694,"href":"https:\/\/blog.cancaonova.com\/natal\/wp-json\/wp\/v2\/posts\/8114\/revisions\/9694"}],"wp:attachment":[{"href":"https:\/\/blog.cancaonova.com\/natal\/wp-json\/wp\/v2\/media?parent=8114"}],"wp:term":[{"taxonomy":"category","embeddable":true,"href":"https:\/\/blog.cancaonova.com\/natal\/wp-json\/wp\/v2\/categories?post=8114"},{"taxonomy":"post_tag","embeddable":true,"href":"https:\/\/blog.cancaonova.com\/natal\/wp-json\/wp\/v2\/tags?post=8114"}],"curies":[{"name":"wp","href":"https:\/\/api.w.org\/{rel}","templated":true}]}}