{"id":8835,"date":"2012-03-05T15:29:16","date_gmt":"2012-03-05T18:29:16","guid":{"rendered":"http:\/\/blog.cancaonova.com\/natal\/?p=8835"},"modified":"2012-03-06T10:06:07","modified_gmt":"2012-03-06T13:06:07","slug":"oracao-de-consagracao-a-sao-jose","status":"publish","type":"post","link":"https:\/\/blog.cancaonova.com\/natal\/2012\/03\/05\/oracao-de-consagracao-a-sao-jose\/","title":{"rendered":"Ora\u00e7\u00e3o de Consagra\u00e7\u00e3o a S\u00e3o Jos\u00e9"},"content":{"rendered":"<p><strong><a href=\"http:\/\/blog.cancaonova.com\/natal\/files\/2012\/03\/saojose.jpg\"><img loading=\"lazy\" decoding=\"async\" class=\"size-full wp-image-8849 alignleft\" src=\"http:\/\/blog.cancaonova.com\/natal\/files\/2012\/03\/saojose.jpg\" alt=\"Ora\u00e7\u00e3o de consagra\u00e7\u00e3o ao Pai da Provid\u00eancia\" width=\"176\" height=\"264\" srcset=\"https:\/\/blog.cancaonova.com\/natal\/files\/2012\/03\/saojose.jpg 280w, https:\/\/blog.cancaonova.com\/natal\/files\/2012\/03\/saojose-187x280.jpg 187w\" sizes=\"(max-width: 176px) 100vw, 176px\" \/><\/a>&#8220;S\u00e3o Jos\u00e9, Valei-nos!&#8221;<\/strong><\/p>\n<p style=\"text-align: justify\">A Campanha do m\u00eas de Mar\u00e7o da R\u00e1dio Rural est\u00e1 sob os cuidados de S\u00e3o Jos\u00e9, <strong>Pai da Provid\u00eancia! <\/strong>Durante este m\u00eas, queremos convidar voc\u00ea a rezar conosco a <em>&#8220;Consagra\u00e7\u00e3o a S\u00e3o Jos\u00e9&#8221;<\/em> confiando ao Pai adotivo de Jesus todas as nossas necessidades. <strong>Vamos juntos rezar?<\/strong><\/p>\n<p style=\"text-align: justify\"><em>&#8220;\u00d3 glorioso S\u00e3o Jos\u00e9, a quem a Sant\u00edssima Trindade escolheu para ser adotivo de Jesus, esposo da Virgem Maria, chefe da Sagrada Fam\u00edlia de Nazar\u00e9m e patrono da Igreja Cat\u00f3lica, eu (dizer o nome) a v\u00f3s recorro, e imploro com plena confian\u00e7a vossa b\u00ean\u00e7\u00e3o e prote\u00e7\u00e3o sobre o nosso estado do Rio Grande do Norte, sobre a Can\u00e7\u00e3o Nova e sobre toda a fam\u00edlia Can\u00e7\u00e3o Nova-R\u00e1dio Rural.<\/em><\/p>\n<p style=\"text-align: justify\"><em>Olhai com predile\u00e7\u00e3o os pobres e desamparados. Amparai e defendei os que trabalham pela promo\u00e7\u00e3o da vida e pela cultura da Paz mundial. Iluminai nossos pastores, nossos governantes, os homens e mulheres que det\u00e9m o poder de decis\u00e3o neste mundo: que eles estejam sempre voltados a fazer a vontade de Deus e a colaborar, trabalhando com ardor e amor, no plano da salva\u00e7\u00e3o.<\/em><\/p>\n<p style=\"text-align: justify\"><em>N\u00f3s nos oferecemos inteiramente a v\u00f3s, bondoso santo de Deus e a v\u00f3s me consagramos, pedindo que nos acompanhe no caminho da santidade e na perseveran\u00e7a no estado de vida que escolhemos. Que as vossas atitudes ajudem-nos a sermos fi\u00e9is no seguimento de Jesus Cristo e a cumprir a miss\u00e3o a n\u00f3s confiada pelo Pai Misericordioso.<\/em><\/p>\n<p style=\"text-align: justify\"><em>Prometemos, com a gra\u00e7a de Deus, difundir a vossa devo\u00e7\u00e3o, para que todos conhe\u00e7am vossa vida e miss\u00e3o, e vos ame neste mundo e na eternidade.<\/em><\/p>\n<p style=\"text-align: justify\"><em>Dignai-vos, glorioso S\u00e3o Jos\u00e9, aceitar esta consagra\u00e7\u00e3o como prova da nossa devo\u00e7\u00e3o e amor filial. E como prova do nosso amor por v\u00f3s e por vossa querida esposa e minha m\u00e3e, VIrgem Maria, eu vos sa\u00fado:<\/em><\/p>\n<p style=\"text-align: justify\"><em>Salve, Jos\u00e9, agraciado por Deus, o Senhor \u00e9 convosco. Bendito sois v\u00f3s entre os homens e bendito \u00e9 o fruto do vosso piedoso cora\u00e7\u00e3o, Jesus. S\u00e3o Jos\u00e9, pai adotivo de Jesus, olhai-nos e cuidai de n\u00f3s, agora e na hora de nossa morte santa. Am\u00e9m!&#8221;<\/em><\/p>\n<p style=\"text-align: justify\"><strong>Ajude a R\u00e1dio Rural a chegar aos 100% neste m\u00eas de Mar\u00e7o. <\/strong><em><br \/>\n<\/em><\/p>\n","protected":false},"excerpt":{"rendered":"<p>&#8220;S\u00e3o Jos\u00e9, Valei-nos!&#8221; A Campanha do m\u00eas de Mar\u00e7o da R\u00e1dio Rural est\u00e1 sob os cuidados de S\u00e3o Jos\u00e9, Pai da Provid\u00eancia! Durante este m\u00eas, queremos convidar voc\u00ea a rezar conosco a &#8220;Consagra\u00e7\u00e3o a S\u00e3o Jos\u00e9&#8221; confiando ao Pai adotivo&#8230;<\/p>\n","protected":false},"author":3131,"featured_media":0,"comment_status":"open","ping_status":"closed","sticky":false,"template":"","format":"standard","meta":{"_mi_skip_tracking":false,"_monsterinsights_sitenote_active":false,"_monsterinsights_sitenote_note":"","_monsterinsights_sitenote_category":0,"footnotes":""},"categories":[24866],"tags":[15835,15736,261,17411,20934,11511],"_links":{"self":[{"href":"https:\/\/blog.cancaonova.com\/natal\/wp-json\/wp\/v2\/posts\/8835"}],"collection":[{"href":"https:\/\/blog.cancaonova.com\/natal\/wp-json\/wp\/v2\/posts"}],"about":[{"href":"https:\/\/blog.cancaonova.com\/natal\/wp-json\/wp\/v2\/types\/post"}],"author":[{"embeddable":true,"href":"https:\/\/blog.cancaonova.com\/natal\/wp-json\/wp\/v2\/users\/3131"}],"replies":[{"embeddable":true,"href":"https:\/\/blog.cancaonova.com\/natal\/wp-json\/wp\/v2\/comments?post=8835"}],"version-history":[{"count":7,"href":"https:\/\/blog.cancaonova.com\/natal\/wp-json\/wp\/v2\/posts\/8835\/revisions"}],"predecessor-version":[{"id":8879,"href":"https:\/\/blog.cancaonova.com\/natal\/wp-json\/wp\/v2\/posts\/8835\/revisions\/8879"}],"wp:attachment":[{"href":"https:\/\/blog.cancaonova.com\/natal\/wp-json\/wp\/v2\/media?parent=8835"}],"wp:term":[{"taxonomy":"category","embeddable":true,"href":"https:\/\/blog.cancaonova.com\/natal\/wp-json\/wp\/v2\/categories?post=8835"},{"taxonomy":"post_tag","embeddable":true,"href":"https:\/\/blog.cancaonova.com\/natal\/wp-json\/wp\/v2\/tags?post=8835"}],"curies":[{"name":"wp","href":"https:\/\/api.w.org\/{rel}","templated":true}]}}