{"id":8986,"date":"2012-04-02T15:50:46","date_gmt":"2012-04-02T18:50:46","guid":{"rendered":"http:\/\/blog.cancaonova.com\/natal\/?p=8986"},"modified":"2012-04-02T15:50:46","modified_gmt":"2012-04-02T18:50:46","slug":"familia-cancao-nova-de-natal-chegamos-aos-100","status":"publish","type":"post","link":"https:\/\/blog.cancaonova.com\/natal\/2012\/04\/02\/familia-cancao-nova-de-natal-chegamos-aos-100\/","title":{"rendered":"Fam\u00edlia Can\u00e7\u00e3o Nova de Natal: Chegamos aos 100%!!"},"content":{"rendered":"<div style=\"text-align: justify\"><img loading=\"lazy\" decoding=\"async\" class=\"alignleft\" src=\"http:\/\/www.cancaonova.com\/portal\/arquivos\/fotos\/2009\/marco\/100309_jose.jpg\" alt=\"\" width=\"259\" height=\"175\" \/>\u00c9 com muita alegria que neste \u00ednicio de m\u00eas, dentro desta Santa Semana que se inicia, que venho em nome de toda a FAM\u00cdLIA CAN\u00c7\u00c3O NOVA de Natal\/RN agradecer a voc\u00ea que nos ajudou em todo o m\u00eas de mar\u00e7o para alcan\u00e7armos o \u00eaxito dos <strong>100%<\/strong> na Campanha dos Amigos da R\u00e1dio Rural!!<\/div>\n<div style=\"text-align: justify\"><\/div>\n<div style=\"text-align: justify\">Testemunhamos que, de fato, <strong>S\u00c3O JOS\u00c9 N\u00c3O FALHA!<\/strong><\/div>\n<div style=\"text-align: justify\"><strong><br \/>\n<\/strong><\/div>\n<div style=\"text-align: justify\">Agradecemos a todos que com muito amor atenderam aos apelos da Evangeliza\u00e7\u00e3o!<\/div>\n<div style=\"text-align: justify\"><\/div>\n<div style=\"text-align: justify\">Podemos dizer com alegria: <strong>S\u00e3o Jos\u00e9 Valeu-nos!<\/strong><\/div>\n<div style=\"text-align: justify\"><\/div>\n<div style=\"text-align: justify\"><strong>Deus nos aben\u00e7oe.<\/strong><\/div>\n<div style=\"text-align: justify\"><strong><br \/>\n<\/strong><\/div>\n<div style=\"text-align: justify\">\n<div><strong>Alexandra Silva<\/strong><\/div>\n<div><em>Coord. e Adm. da Miss\u00e3o CN em Natal\/RN<\/em><\/div>\n<\/div>\n<p style=\"text-align: justify\">\n","protected":false},"excerpt":{"rendered":"<p>\u00c9 com muita alegria que neste \u00ednicio de m\u00eas, dentro desta Santa Semana que se inicia, que venho em nome de toda a FAM\u00cdLIA CAN\u00c7\u00c3O NOVA de Natal\/RN agradecer a voc\u00ea que nos ajudou em todo o m\u00eas de mar\u00e7o&#8230;<\/p>\n","protected":false},"author":3131,"featured_media":0,"comment_status":"open","ping_status":"closed","sticky":false,"template":"","format":"standard","meta":{"_mi_skip_tracking":false,"_monsterinsights_sitenote_active":false,"_monsterinsights_sitenote_note":"","_monsterinsights_sitenote_category":0,"footnotes":""},"categories":[],"tags":[43,15835,7671,17543,11511],"_links":{"self":[{"href":"https:\/\/blog.cancaonova.com\/natal\/wp-json\/wp\/v2\/posts\/8986"}],"collection":[{"href":"https:\/\/blog.cancaonova.com\/natal\/wp-json\/wp\/v2\/posts"}],"about":[{"href":"https:\/\/blog.cancaonova.com\/natal\/wp-json\/wp\/v2\/types\/post"}],"author":[{"embeddable":true,"href":"https:\/\/blog.cancaonova.com\/natal\/wp-json\/wp\/v2\/users\/3131"}],"replies":[{"embeddable":true,"href":"https:\/\/blog.cancaonova.com\/natal\/wp-json\/wp\/v2\/comments?post=8986"}],"version-history":[{"count":6,"href":"https:\/\/blog.cancaonova.com\/natal\/wp-json\/wp\/v2\/posts\/8986\/revisions"}],"predecessor-version":[{"id":9287,"href":"https:\/\/blog.cancaonova.com\/natal\/wp-json\/wp\/v2\/posts\/8986\/revisions\/9287"}],"wp:attachment":[{"href":"https:\/\/blog.cancaonova.com\/natal\/wp-json\/wp\/v2\/media?parent=8986"}],"wp:term":[{"taxonomy":"category","embeddable":true,"href":"https:\/\/blog.cancaonova.com\/natal\/wp-json\/wp\/v2\/categories?post=8986"},{"taxonomy":"post_tag","embeddable":true,"href":"https:\/\/blog.cancaonova.com\/natal\/wp-json\/wp\/v2\/tags?post=8986"}],"curies":[{"name":"wp","href":"https:\/\/api.w.org\/{rel}","templated":true}]}}