{"id":9853,"date":"2013-02-23T10:43:51","date_gmt":"2013-02-23T13:43:51","guid":{"rendered":"http:\/\/blog.cancaonova.com\/natal\/?p=9853"},"modified":"2013-04-05T14:59:49","modified_gmt":"2013-04-05T17:59:49","slug":"campanha-de-oracao","status":"publish","type":"post","link":"https:\/\/blog.cancaonova.com\/natal\/2013\/02\/23\/campanha-de-oracao\/","title":{"rendered":"Campanha de Ora\u00e7\u00e3o!"},"content":{"rendered":"<p style=\"text-align: justify\"><strong>Juntos combatendo o bom combate<\/strong><\/p>\n<p style=\"text-align: justify\"><a href=\"http:\/\/blog.cancaonova.com\/natal\/files\/2013\/02\/jesus-eucaristico.jpg\"><img loading=\"lazy\" decoding=\"async\" class=\"alignleft size-medium wp-image-10368\" src=\"http:\/\/blog.cancaonova.com\/natal\/files\/2013\/02\/jesus-eucaristico-280x210.jpg\" alt=\"\" width=\"280\" height=\"210\" srcset=\"https:\/\/blog.cancaonova.com\/natal\/files\/2013\/02\/jesus-eucaristico-280x210.jpg 280w, https:\/\/blog.cancaonova.com\/natal\/files\/2013\/02\/jesus-eucaristico.jpg 320w\" sizes=\"(max-width: 280px) 100vw, 280px\" \/><\/a><\/p>\n<p style=\"text-align: justify\">Em nossa vida passamos por muitas situa\u00e7\u00f5es, aonde nos vemos sem for\u00e7as para reagir. Ficamos meio que travados diante de tanta coisa que nos asolam e por vezes nos achamos incapazes de enfrentar tais situa\u00e7\u00f5es.<\/p>\n<p style=\"text-align: justify\">S\u00e3o nessas horas e principalmente aqui, que devemos clamar o auxilio de Nosso Senhor, e realmente entrarmos em combate. Se s\u00f3zinhos nos faltam for\u00e7as, vamos nos unir em ora\u00e7\u00e3o e recorrermos aos favores de Deus. Essa campanha de ora\u00e7\u00e3o que a Can\u00e7\u00e3o Nova aqui de Natal-RN ir\u00e1 realizar \u00e9 sim para pedir a Deus que venha em nosso auxilio, mas tamb\u00e9m para clamar por voc\u00ea que necessita de uma interven\u00e7\u00e3o de Deus em sua vida.<\/p>\n<p style=\"text-align: justify\">Voc\u00ea topa? ent\u00e3o se una a n\u00f3s, e vamos chamar a aten\u00e7\u00e3o de Cristo para n\u00f3s, que Ele nos veja e derrame suas ben\u00e7\u00e3o sobre cada um de n\u00f3s.<!--more continue lendo--><\/p>\n<p style=\"text-align: justify\">Na pr\u00f3xima semana de\u00a0<strong> <\/strong>Segunda-Feira dia\u00a0 25\/02\/13 a Quinta-Feira\u00a0 28\/02\/13 n\u00f3s da Can\u00e7\u00e3o Nova Natal, iniciaremos uma campanha de ora\u00e7\u00e3o.<\/p>\n<p style=\"text-align: justify\">Jesus Eucaristo estara exposto em nossa capela das 8h00 as 18h00<strong> <\/strong>nesses dias e voc\u00ea \u00e9 convidado a estar unido em ora\u00e7\u00e3o.<\/p>\n<p style=\"text-align: justify\">Pela campanha desse m\u00eas de fevereiro, pelo Santo Padre o Papa Bento XVI e tamb\u00e9m pelas inten\u00e7\u00f5es do seu cora\u00e7\u00e3o.<\/p>\n<p style=\"text-align: justify\">Voc\u00ea que \u00e9 da regi\u00e3o venha fazer uma visita a Jesus aqui na Can\u00e7\u00e3o Nova Natal, e voc\u00ea que n\u00e3o pode vir, deixe seu pedido de ora\u00e7\u00e3o!<\/p>\n<p style=\"text-align: justify\">Queremos movimentar o c\u00e9u nesses dias e contamos com cada um para juntos alcan\u00e7armos a vit\u00f3ria!!!<\/p>\n<p style=\"text-align: justify\">Toda Ter\u00e7a as 12h00 missa em honra a S\u00e3o Miguel Arcanjo.<\/p>\n<p style=\"text-align: justify\">Quintas as 12h00 missa da coroa de Santa Rita de Cassia.<\/p>\n<p style=\"text-align: justify\">E na ultima Quarta-Feira do m\u00eas missa em honra a S\u00e3o Jos\u00e9.<\/p>\n<p style=\"text-align: center\"><strong>Seja sempre bem-vindo (a) a Can\u00e7\u00e3o Nova!<\/strong><\/p>\n<p style=\"text-align: center\"><strong> <\/strong><\/p>\n<p style=\"text-align: center\"><strong>Casa de Evangeliza\u00e7\u00e3o Can\u00e7\u00e3o Nova<br \/>\nRua A\u00e7u, 335 \u2013 Tirol \u2013 Natal\/RN<\/strong><\/p>\n<p style=\"text-align: center\"><strong> <\/strong><\/p>\n<p style=\"text-align: center\"><strong>(84) 3201- 1689 \/ 3201 1690<\/strong><\/p>\n<p style=\"text-align: center\"><a href=\"http:\/\/blog.cancaonova.com\/natal\/radio-rural\/\" target=\"_self\"><strong> Como contribuir com a Radio Rural?<\/strong><\/a><\/p>\n","protected":false},"excerpt":{"rendered":"<p>Juntos combatendo o bom combate Em nossa vida passamos por muitas situa\u00e7\u00f5es, aonde nos vemos sem for\u00e7as para reagir. Ficamos meio que travados diante de tanta coisa que nos asolam e por vezes nos achamos incapazes de enfrentar tais situa\u00e7\u00f5es&#8230;.<\/p>\n","protected":false},"author":3131,"featured_media":0,"comment_status":"open","ping_status":"closed","sticky":false,"template":"","format":"standard","meta":{"_mi_skip_tracking":false,"_monsterinsights_sitenote_active":false,"_monsterinsights_sitenote_note":"","_monsterinsights_sitenote_category":0,"footnotes":""},"categories":[12581],"tags":[29348,18959,11511,21834],"_links":{"self":[{"href":"https:\/\/blog.cancaonova.com\/natal\/wp-json\/wp\/v2\/posts\/9853"}],"collection":[{"href":"https:\/\/blog.cancaonova.com\/natal\/wp-json\/wp\/v2\/posts"}],"about":[{"href":"https:\/\/blog.cancaonova.com\/natal\/wp-json\/wp\/v2\/types\/post"}],"author":[{"embeddable":true,"href":"https:\/\/blog.cancaonova.com\/natal\/wp-json\/wp\/v2\/users\/3131"}],"replies":[{"embeddable":true,"href":"https:\/\/blog.cancaonova.com\/natal\/wp-json\/wp\/v2\/comments?post=9853"}],"version-history":[{"count":5,"href":"https:\/\/blog.cancaonova.com\/natal\/wp-json\/wp\/v2\/posts\/9853\/revisions"}],"predecessor-version":[{"id":10367,"href":"https:\/\/blog.cancaonova.com\/natal\/wp-json\/wp\/v2\/posts\/9853\/revisions\/10367"}],"wp:attachment":[{"href":"https:\/\/blog.cancaonova.com\/natal\/wp-json\/wp\/v2\/media?parent=9853"}],"wp:term":[{"taxonomy":"category","embeddable":true,"href":"https:\/\/blog.cancaonova.com\/natal\/wp-json\/wp\/v2\/categories?post=9853"},{"taxonomy":"post_tag","embeddable":true,"href":"https:\/\/blog.cancaonova.com\/natal\/wp-json\/wp\/v2\/tags?post=9853"}],"curies":[{"name":"wp","href":"https:\/\/api.w.org\/{rel}","templated":true}]}}