{"id":9858,"date":"2013-02-25T16:40:15","date_gmt":"2013-02-25T19:40:15","guid":{"rendered":"http:\/\/blog.cancaonova.com\/natal\/?p=9858"},"modified":"2013-04-05T13:36:37","modified_gmt":"2013-04-05T16:36:37","slug":"1%c2%ba-dia-da-campanha-de-oracao","status":"publish","type":"post","link":"https:\/\/blog.cancaonova.com\/natal\/2013\/02\/25\/1%c2%ba-dia-da-campanha-de-oracao\/","title":{"rendered":"1\u00ba Dia da Campanha de Ora\u00e7\u00e3o!"},"content":{"rendered":"<p style=\"text-align: justify\"><strong>Campanha de ora\u00e7\u00e3o na Can\u00e7\u00e3o Nova de Natal<\/strong><\/p>\n<p style=\"text-align: justify\"><a href=\"http:\/\/blog.cancaonova.com\/natal\/files\/2013\/02\/24_eventos-0151.jpg\"><img loading=\"lazy\" decoding=\"async\" class=\"alignleft size-medium wp-image-10365\" src=\"http:\/\/blog.cancaonova.com\/natal\/files\/2013\/02\/24_eventos-0151-280x189.jpg\" alt=\"\" width=\"280\" height=\"189\" srcset=\"https:\/\/blog.cancaonova.com\/natal\/files\/2013\/02\/24_eventos-0151-280x189.jpg 280w, https:\/\/blog.cancaonova.com\/natal\/files\/2013\/02\/24_eventos-0151.jpg 370w\" sizes=\"(max-width: 280px) 100vw, 280px\" \/><\/a><\/p>\n<p style=\"text-align: justify\">Come\u00e7ou hoje\u00a0 Segunda-Feira dia\u00a0 25\/02\/13 e vai at\u00e9\u00a0 Quinta-Feira\u00a0 28\/02\/13 nossa Campanha de ora\u00e7\u00e3o.<\/p>\n<p style=\"text-align: justify\">Estaremos diariamente das 8h00 as 18h00 na presen\u00e7a de Jesus Eucaristo e voc\u00ea \u00e9 convidado(a)\u00a0 a rezar conosco:<\/p>\n<p style=\"text-align: justify\">Pela campanha desse m\u00eas de fevereiro, pelo Santo Padre o Papa Bento XVI e tamb\u00e9m pelas inten\u00e7\u00f5es do seu cora\u00e7\u00e3o.<\/p>\n<p style=\"text-align: justify\">Voc\u00ea que \u00e9 da regi\u00e3o venha fazer uma visita a Jesus aqui na Can\u00e7\u00e3o  Nova Natal, e voc\u00ea que n\u00e3o pode vir, deixe seu pedido de ora\u00e7\u00e3o!<\/p>\n<p style=\"text-align: justify\">Queremos movimentar o c\u00e9u nesses dias e contamos com cada um para juntos alcan\u00e7armos a vit\u00f3ria!!!<!--more continue lendo--><\/p>\n<p style=\"text-align: justify\"><strong>1\u00ba Dia: \u00d3 Senhor digno de todo o louvor, Vos pedimos, derramai sobre n\u00f3s a Sua Ben\u00e7\u00e3o sem a qual n\u00e3o conseguiremos fazer o bem nem muito menos evitar o mal, Por Nosso Senhor Jesus Cristo vosso Filho na unidade do Espirito Santo Am\u00e9m!<\/strong><\/p>\n<p style=\"text-align: justify\">\u00c9 essa a gra\u00e7a que queremos clamar nesses dias, al\u00e9m das inten\u00e7\u00f5es acima citadas, pedir ao Senhor que venha em nosso auxilio, que Ele verdadeiramente derrame sobre n\u00f3s a sua Ben\u00e7\u00e3o, que nos fortalece, nos faz firmes e fortes, Ben\u00e7\u00e3o que nos ajuda a vencer toda a tenta\u00e7\u00e3o, todo o mal. Quando est\u00e3os sobre as Ben\u00e7\u00e3os do Senhor n\u00e3o precisamos temer infort\u00fanio algum, n\u00e3o h\u00e1 necessidade de nos preocupar com coisa alguma, pois essa Ben\u00e7\u00e3o nos basta, somente Ela nos sustenta e nos faz como diz a ora\u00e7\u00e3o acima, fazer o bem e evitar o mal.<\/p>\n<p style=\"text-align: justify\">Recorramos nesse tempo favor\u00e1vel as Ben\u00e7\u00e3o do Senhor certos de que Ele escuta as nossas ora\u00e7\u00f5es.<\/p>\n<p style=\"text-align: justify\">Toda Ter\u00e7a as 12h00 missa em honra a S\u00e3o Miguel Arcanjo.<\/p>\n<p style=\"text-align: justify\">Quintas as 12h00 missa da coroa de Santa Rita de Cassia.<\/p>\n<p style=\"text-align: justify\">E na ultima Quarta-Feira do m\u00eas missa em honra a S\u00e3o Jos\u00e9.<\/p>\n<p style=\"text-align: center\"><strong>Seja sempre bem-vindo (a) a Can\u00e7\u00e3o Nova!<\/strong><\/p>\n<p style=\"text-align: center\"><strong> <\/strong><\/p>\n<p style=\"text-align: center\"><strong>Casa de Evangeliza\u00e7\u00e3o Can\u00e7\u00e3o Nova<br \/>\nRua A\u00e7u, 335 \u2013 Tirol \u2013 Natal\/RN<\/strong><\/p>\n<p style=\"text-align: center\"><strong> <\/strong><\/p>\n<p style=\"text-align: center\"><strong>(84) 3201- 1689 \/ 3201 1690<\/strong><\/p>\n<p style=\"text-align: center\"><strong><a href=\"http:\/\/blog.cancaonova.com\/natal\/radio-rural\/\" target=\"_self\">Veja como ajudar a Radio Rural<\/a><br \/>\n<\/strong><\/p>\n","protected":false},"excerpt":{"rendered":"<p>Campanha de ora\u00e7\u00e3o na Can\u00e7\u00e3o Nova de Natal Come\u00e7ou hoje\u00a0 Segunda-Feira dia\u00a0 25\/02\/13 e vai at\u00e9\u00a0 Quinta-Feira\u00a0 28\/02\/13 nossa Campanha de ora\u00e7\u00e3o. Estaremos diariamente das 8h00 as 18h00 na presen\u00e7a de Jesus Eucaristo e voc\u00ea \u00e9 convidado(a)\u00a0 a rezar conosco:&#8230;<\/p>\n","protected":false},"author":3131,"featured_media":0,"comment_status":"open","ping_status":"closed","sticky":false,"template":"","format":"standard","meta":{"_mi_skip_tracking":false,"_monsterinsights_sitenote_active":false,"_monsterinsights_sitenote_note":"","_monsterinsights_sitenote_category":0,"footnotes":""},"categories":[12581],"tags":[29348,18959,11511,21834],"_links":{"self":[{"href":"https:\/\/blog.cancaonova.com\/natal\/wp-json\/wp\/v2\/posts\/9858"}],"collection":[{"href":"https:\/\/blog.cancaonova.com\/natal\/wp-json\/wp\/v2\/posts"}],"about":[{"href":"https:\/\/blog.cancaonova.com\/natal\/wp-json\/wp\/v2\/types\/post"}],"author":[{"embeddable":true,"href":"https:\/\/blog.cancaonova.com\/natal\/wp-json\/wp\/v2\/users\/3131"}],"replies":[{"embeddable":true,"href":"https:\/\/blog.cancaonova.com\/natal\/wp-json\/wp\/v2\/comments?post=9858"}],"version-history":[{"count":5,"href":"https:\/\/blog.cancaonova.com\/natal\/wp-json\/wp\/v2\/posts\/9858\/revisions"}],"predecessor-version":[{"id":10277,"href":"https:\/\/blog.cancaonova.com\/natal\/wp-json\/wp\/v2\/posts\/9858\/revisions\/10277"}],"wp:attachment":[{"href":"https:\/\/blog.cancaonova.com\/natal\/wp-json\/wp\/v2\/media?parent=9858"}],"wp:term":[{"taxonomy":"category","embeddable":true,"href":"https:\/\/blog.cancaonova.com\/natal\/wp-json\/wp\/v2\/categories?post=9858"},{"taxonomy":"post_tag","embeddable":true,"href":"https:\/\/blog.cancaonova.com\/natal\/wp-json\/wp\/v2\/tags?post=9858"}],"curies":[{"name":"wp","href":"https:\/\/api.w.org\/{rel}","templated":true}]}}