{"id":1931,"date":"2022-12-13T19:47:46","date_gmt":"2022-12-13T19:47:46","guid":{"rendered":"http:\/\/blog.cancaonova.com\/padreantoniolima\/?p=1931"},"modified":"2023-05-22T17:36:15","modified_gmt":"2023-05-22T17:36:15","slug":"aquele-extraordinario-jeito-de-ser","status":"publish","type":"post","link":"https:\/\/blog.cancaonova.com\/padreantoniolima\/aquele-extraordinario-jeito-de-ser\/","title":{"rendered":"Aquele extraordin\u00e1rio \u201cjeito de ser\u201d"},"content":{"rendered":"<p><img loading=\"lazy\" decoding=\"async\" class=\"alignleft size-full wp-image-1951\" src=\"http:\/\/blog.cancaonova.com\/padreantoniolima\/files\/2022\/12\/aquele_extraordinario_jeito_cnova_020.png\" alt=\"\" width=\"387\" height=\"257\" srcset=\"https:\/\/blog.cancaonova.com\/padreantoniolima\/files\/2022\/12\/aquele_extraordinario_jeito_cnova_020.png 387w, https:\/\/blog.cancaonova.com\/padreantoniolima\/files\/2022\/12\/aquele_extraordinario_jeito_cnova_020-300x199.png 300w\" sizes=\"(max-width: 387px) 100vw, 387px\" \/>Meus primeiros passos com Padre Jonas Abib e \u201cAquele extraordin\u00e1rio \u201cjeito de ser\u201d.<\/p>\n<p>Tive a gra\u00e7a de conhecer o nosso pai celestial fundador Padre Jonas Abib, e estar sempre presente nos encontros dos padres dos ent\u00e3o chamados na \u00e9poca amigos da comunidade Can\u00e7\u00e3o nova, onde ele gostava de estar presente sempre e ali aprofund\u00e1vamos o carisma e experiment\u00e1vamos o carisma e o dom do Esp\u00edrito Santo que o havia inspirado para aquela por\u00e7\u00e3o de \u201ccan\u00e7\u00e3o\u201d. Meu primeiro abra\u00e7o, aquele do primeiro encontro de quando havia decidido eu e os outros de caminhar segundo a inspira\u00e7\u00e3oh do Esp\u00edrito Santo para a comunidade Can\u00e7\u00e3o Nova, naquele abra\u00e7o daquele dia a cada um pessoalmente \u00e0 sua chegada ele repetiu ali naquela sala pra cada um de n\u00f3s: \u201cvoc\u00ea \u00e9 um de n\u00f3s\u201d! Aquela express\u00e3o ficou em mim como um sigilo.<br \/>\nEncontrei tudo isto \u00e9 tantas outras riquezas vividas na \u00e9poca em minha agenda di\u00e1rio daquele ano de in\u00edcio de conhecimento do carisma, de ontem para hoje, esfoliando meus di\u00e1rios espirituais.<br \/>\nNunca mais pude esquecer nem deixar de lembrar nas tenta\u00e7\u00f5es de des\u00e2nimo, tristezas e nas in\u00fameras incompreens\u00f5es do minist\u00e9rio sacerdotal, causados pelo pensar humano demais e racional de outros irm\u00e3os no sacerd\u00f3cio, de uma outra frase dele: \u201cNas dificuldades, seja uma can\u00e7\u00e3o nova!\u201d<br \/>\nDe ontem pra hoje, li tantas coisas que escrevia no meu di\u00e1rio enquanto ele falava e pregava para n\u00f3s. Quanta riqueza! Estas palavras em um destes retiros, aqueles primeiros, enchiam-me de alegria interior, ser uma can\u00e7\u00e3o nova, um novo louvor a Deus nos meus momentos dif\u00edceis.<br \/>\n\u00c9 assim com estes empurr\u00f5ezinhos dele, podia n\u00e3o perder o sabor de ser um padre segundo o cora\u00e7\u00e3o de Deus pelo Esp\u00edrito Santo.<br \/>\nTudo isso mudou minha vida e meu modo de enxergar a vida.<br \/>\nQuantos momentos, quantas experi\u00eancias, quantas forma\u00e7\u00f5es celebra\u00e7\u00f5es e con-celebra\u00e7\u00f5es no \u201crinc\u00e3o do meu Senhor!\u201d.<br \/>\nHoje sou um padre renovado e mais que qualquer outra coisa confiante da presen\u00e7a do amor de Deus que n\u00e3o abandona quem ele consagra para si, gra\u00e7as ao padre, a sua presen\u00e7a, a sua for\u00e7a, ao seu encorajamento sempre e incansavelmente constante.<br \/>\nComo te esquecer meu santo?<br \/>\nComo te esquecer farol?<br \/>\nComo te esquecer meu inspirador?<br \/>\nComo te esquecer meu mestre das coisas de Deus?<br \/>\nO senhor vai continuar sempre meu exemplo de artista \u201cdo reino\u201d de cantador do c\u00e9u, mas somente se for como o senhor dizia em ordem de batalhas. \u201cM\u00fasicos de Deus em ordem de batalha!\u201d<br \/>\nIsso mesmo, \u00e9 isso o mais importante do que toda for\u00e7a e fama.<br \/>\nQuanta lembran\u00e7a boa entre tantas outras suas express\u00f5es. Fique certo padre, como tantos teus filhos te guardarei no fundo de meu ser com tanta gratid\u00e3o e eterna como\u00e7\u00e3o.<br \/>\nMeu mestre de simplicidade\u2026<br \/>\nE o barco continua em alto mar!<br \/>\nMEU GRANDE OBRIGADO EM DEUS por sua vida sempre!<\/p>\n<!-- AddThis Advanced Settings generic via filter on the_content --><!-- AddThis Share Buttons generic via filter on the_content -->","protected":false},"excerpt":{"rendered":"<p>Meus primeiros passos com Padre Jonas Abib e \u201cAquele extraordin\u00e1rio \u201cjeito de ser\u201d. Tive a gra\u00e7a de conhecer o nosso pai celestial fundador Padre Jonas Abib, e estar sempre presente nos encontros dos padres dos ent\u00e3o chamados na \u00e9poca amigos&#8230;<!-- AddThis Advanced Settings generic via filter on get_the_excerpt --><!-- AddThis Share Buttons generic via filter on get_the_excerpt --><\/p>\n","protected":false},"author":4539,"featured_media":0,"comment_status":"open","ping_status":"open","sticky":false,"template":"","format":"standard","meta":{"_mi_skip_tracking":false,"_monsterinsights_sitenote_active":false,"_monsterinsights_sitenote_note":"","_monsterinsights_sitenote_category":0,"footnotes":""},"categories":[67],"tags":[],"_links":{"self":[{"href":"https:\/\/blog.cancaonova.com\/padreantoniolima\/wp-json\/wp\/v2\/posts\/1931"}],"collection":[{"href":"https:\/\/blog.cancaonova.com\/padreantoniolima\/wp-json\/wp\/v2\/posts"}],"about":[{"href":"https:\/\/blog.cancaonova.com\/padreantoniolima\/wp-json\/wp\/v2\/types\/post"}],"author":[{"embeddable":true,"href":"https:\/\/blog.cancaonova.com\/padreantoniolima\/wp-json\/wp\/v2\/users\/4539"}],"replies":[{"embeddable":true,"href":"https:\/\/blog.cancaonova.com\/padreantoniolima\/wp-json\/wp\/v2\/comments?post=1931"}],"version-history":[{"count":2,"href":"https:\/\/blog.cancaonova.com\/padreantoniolima\/wp-json\/wp\/v2\/posts\/1931\/revisions"}],"predecessor-version":[{"id":1952,"href":"https:\/\/blog.cancaonova.com\/padreantoniolima\/wp-json\/wp\/v2\/posts\/1931\/revisions\/1952"}],"wp:attachment":[{"href":"https:\/\/blog.cancaonova.com\/padreantoniolima\/wp-json\/wp\/v2\/media?parent=1931"}],"wp:term":[{"taxonomy":"category","embeddable":true,"href":"https:\/\/blog.cancaonova.com\/padreantoniolima\/wp-json\/wp\/v2\/categories?post=1931"},{"taxonomy":"post_tag","embeddable":true,"href":"https:\/\/blog.cancaonova.com\/padreantoniolima\/wp-json\/wp\/v2\/tags?post=1931"}],"curies":[{"name":"wp","href":"https:\/\/api.w.org\/{rel}","templated":true}]}}