{"id":1962,"date":"2023-05-23T11:14:23","date_gmt":"2023-05-23T11:14:23","guid":{"rendered":"http:\/\/blog.cancaonova.com\/padreantoniolima\/?p=1962"},"modified":"2023-05-24T19:56:36","modified_gmt":"2023-05-24T19:56:36","slug":"festa-de-santa-rita-de-cassia-interdedei-por-todos-nos","status":"publish","type":"post","link":"https:\/\/blog.cancaonova.com\/padreantoniolima\/festa-de-santa-rita-de-cassia-interdedei-por-todos-nos\/","title":{"rendered":"Festa de Santa Rita de C\u00e1ssia, interdedei por todos n\u00f3s!"},"content":{"rendered":"<p><img loading=\"lazy\" decoding=\"async\" class=\"alignleft size-full wp-image-1977\" src=\"http:\/\/blog.cancaonova.com\/padreantoniolima\/files\/2023\/05\/arido_legno_s_rita_cascia.png\" alt=\"\" width=\"387\" height=\"257\" srcset=\"https:\/\/blog.cancaonova.com\/padreantoniolima\/files\/2023\/05\/arido_legno_s_rita_cascia.png 387w, https:\/\/blog.cancaonova.com\/padreantoniolima\/files\/2023\/05\/arido_legno_s_rita_cascia-300x199.png 300w\" sizes=\"(max-width: 387px) 100vw, 387px\" \/>Hoje \u00e8 a festa de Santa Rita, a Santa das rosas e nossa protetora nas situa\u00e7\u00f5es mais compliccadas e dificeis. A devo\u00e7\u00e3o de muitos, a invoca como a Santa dos casos impossiveis.<\/p>\n<p>Estou certo de que cada um de nos tem uma gra\u00e7a a lhe pedir ou at\u00e9 mesmo um verdadeiro milagre por que esta passando por uma situa\u00e7\u00e3o dificil ou uma doen\u00e7a fisica ou espiritual no momento presente, que preocupa e angustia. Que coisa grande saber, que principalmente hoje, unindo-nos as monjas e aos muitos devotos que est\u00e3o espalhados em ora\u00e7\u00e3o em C\u00e1ssia, ao lado do seu corpo, podemos invocar a sua intercessao com rande mas gtande confian\u00e7a, uns pelos outros!<\/p>\n<p>A gra\u00e7a mais importante \u00e9 a de ter uma f\u00e9 como a sua, que mesmo naqueles momentos mais dramaticos de sua via, nunca perdeu a confian\u00e7a em Deus.<\/p>\n<p>E por que estamos em novena de prepara\u00e7\u00e3o para \u201cPentecostes\u201d, invocamos atrav\u00e9s de Santa Rita, os sete dons do Espirito Santo, de que hoje todos necessitamos, at\u00e9 mesmo para enfrentar as calamidades fisicas e espirituais do mundo inteiro, e at\u00e9 mesmo a sua, voce, que neste momento esta lendo este texto. Deus lhe aben\u00e7oe.<\/p>\n<p>Santa Rita Rogai por nos!<\/p>\n<p style=\"text-align: right\">Seu irm\u00e3o,<\/p>\n<p style=\"text-align: right\">Padre Antonio Lima.<\/p>\n<!-- AddThis Advanced Settings generic via filter on the_content --><!-- AddThis Share Buttons generic via filter on the_content -->","protected":false},"excerpt":{"rendered":"<p>Hoje \u00e8 a festa de Santa Rita, a Santa das rosas e nossa protetora nas situa\u00e7\u00f5es mais compliccadas e dificeis. A devo\u00e7\u00e3o de muitos, a invoca como a Santa dos casos impossiveis. Estou certo de que cada um de nos&#8230;<!-- AddThis Advanced Settings generic via filter on get_the_excerpt --><!-- AddThis Share Buttons generic via filter on get_the_excerpt --><\/p>\n","protected":false},"author":4539,"featured_media":0,"comment_status":"open","ping_status":"open","sticky":false,"template":"","format":"standard","meta":{"_mi_skip_tracking":false,"_monsterinsights_sitenote_active":false,"_monsterinsights_sitenote_note":"","_monsterinsights_sitenote_category":0,"footnotes":""},"categories":[4],"tags":[],"_links":{"self":[{"href":"https:\/\/blog.cancaonova.com\/padreantoniolima\/wp-json\/wp\/v2\/posts\/1962"}],"collection":[{"href":"https:\/\/blog.cancaonova.com\/padreantoniolima\/wp-json\/wp\/v2\/posts"}],"about":[{"href":"https:\/\/blog.cancaonova.com\/padreantoniolima\/wp-json\/wp\/v2\/types\/post"}],"author":[{"embeddable":true,"href":"https:\/\/blog.cancaonova.com\/padreantoniolima\/wp-json\/wp\/v2\/users\/4539"}],"replies":[{"embeddable":true,"href":"https:\/\/blog.cancaonova.com\/padreantoniolima\/wp-json\/wp\/v2\/comments?post=1962"}],"version-history":[{"count":3,"href":"https:\/\/blog.cancaonova.com\/padreantoniolima\/wp-json\/wp\/v2\/posts\/1962\/revisions"}],"predecessor-version":[{"id":1979,"href":"https:\/\/blog.cancaonova.com\/padreantoniolima\/wp-json\/wp\/v2\/posts\/1962\/revisions\/1979"}],"wp:attachment":[{"href":"https:\/\/blog.cancaonova.com\/padreantoniolima\/wp-json\/wp\/v2\/media?parent=1962"}],"wp:term":[{"taxonomy":"category","embeddable":true,"href":"https:\/\/blog.cancaonova.com\/padreantoniolima\/wp-json\/wp\/v2\/categories?post=1962"},{"taxonomy":"post_tag","embeddable":true,"href":"https:\/\/blog.cancaonova.com\/padreantoniolima\/wp-json\/wp\/v2\/tags?post=1962"}],"curies":[{"name":"wp","href":"https:\/\/api.w.org\/{rel}","templated":true}]}}