{"id":10117,"date":"2023-07-01T00:00:03","date_gmt":"2023-07-01T02:00:03","guid":{"rendered":"http:\/\/blog.cancaonova.com\/paisecatequistas\/?p=10117"},"modified":"2023-06-28T10:43:49","modified_gmt":"2023-06-28T12:43:49","slug":"voce-sabia-que-o-julho-mes-sangue-de-cristo","status":"publish","type":"post","link":"https:\/\/blog.cancaonova.com\/paisecatequistas\/voce-sabia-que-o-julho-mes-sangue-de-cristo\/","title":{"rendered":"Voc\u00ea sabia que julho \u00e9 o m\u00eas do Sangue de Cristo?"},"content":{"rendered":"<h5>Muito mais agora, que estamos justificados pelo Sangue de Cristo, seremos por Ele salvos da ira!<\/h5>\n<p>O m\u00eas de julho \u00e9 dedicado \u00e0 devo\u00e7\u00e3o ao Precios\u00edssimo Sangue de Cristo, derramado pelo perd\u00e3o dos nossos pecados.<\/p>\n<p>S\u00e3o Jo\u00e3o Batista apresentou Jesus ao mundo dizendo: \u201cEis o cordeiro de Deus que tira o pecado do mundo\u201d (Jo 1,29).<\/p>\n<p>Vamos rezar clamando o Sangue de Cristo sobre nossas fam\u00edlias e sobre todo o mundo?<\/p>\n<p><img loading=\"lazy\" decoding=\"async\" class=\"size-full wp-image-10120 alignnone\" src=\"http:\/\/blog.cancaonova.com\/paisecatequistas\/files\/2020\/07\/sangue-de-cristo-corpo-blog-grande-600x300-corpo-blog-grande.jpg\" alt=\"\" width=\"600\" height=\"300\" srcset=\"https:\/\/blog.cancaonova.com\/paisecatequistas\/files\/2020\/07\/sangue-de-cristo-corpo-blog-grande-600x300-corpo-blog-grande.jpg 600w, https:\/\/blog.cancaonova.com\/paisecatequistas\/files\/2020\/07\/sangue-de-cristo-corpo-blog-grande-600x300-corpo-blog-grande-300x150.jpg 300w, https:\/\/blog.cancaonova.com\/paisecatequistas\/files\/2020\/07\/sangue-de-cristo-corpo-blog-grande-600x300-corpo-blog-grande-150x75.jpg 150w\" sizes=\"(max-width: 600px) 100vw, 600px\" \/><\/p>\n<p><strong>Sem o Sangue desse Cordeiro derramado na cruz n\u00e3o h\u00e1 salva\u00e7\u00e3o.<\/strong><\/p>\n<p>S\u00e3o Pedro ensina que fomos resgatados pelo Sangue do Cordeiro de Deus mediante \u201ca aspers\u00e3o do seu sangue\u201d (1Pe 1,2).<\/p>\n<p>O Papa Bento XIV (1740-1748) ordenou a Missa e o of\u00edcio em honra ao Sangue de Jesus, que foi estendida \u00e0 Igreja Universal por decreto do Papa Pio IX (1846-1878), e a partir da\u00ed esta devo\u00e7\u00e3o foi propagada por todo o mundo.<\/p>\n<p>&nbsp;<\/p>\n<p><iframe loading=\"lazy\" title=\"Clip - Gotinhas de sangue - Programa Cantinho da Crian\u00c3\u00a7a\" width=\"600\" height=\"450\" src=\"https:\/\/www.youtube.com\/embed\/t3fJbTzdkEY?feature=oembed&amp;rel=0\" frameborder=\"0\" allow=\"accelerometer; autoplay; clipboard-write; encrypted-media; gyroscope; picture-in-picture; web-share\" referrerpolicy=\"strict-origin-when-cross-origin\" allowfullscreen><\/iframe><\/p>\n<p style=\"text-align: right\">Que o Sangue de Cristo nos proteja e nos santifique! Am\u00e9m!<\/p>\n<p style=\"text-align: right\">Departamento Infantojuvenil.<\/p>\n<p style=\"text-align: right\"><a href=\"https:\/\/www.instagram.com\/cancaonovakids\/\">Can\u00e7\u00e3o Nova Kids<\/a><\/p>\n<p>&nbsp;<\/p>\n","protected":false},"excerpt":{"rendered":"<p>Muito mais agora, que estamos justificados pelo Sangue de Cristo, seremos por Ele salvos da ira! O m\u00eas de julho \u00e9 dedicado \u00e0 devo\u00e7\u00e3o ao Precios\u00edssimo Sangue de Cristo, derramado pelo perd\u00e3o dos nossos pecados. S\u00e3o Jo\u00e3o Batista apresentou Jesus&#8230;<\/p>\n","protected":false},"author":4414,"featured_media":12100,"comment_status":"open","ping_status":"open","sticky":false,"template":"","format":"standard","meta":{"_mi_skip_tracking":false,"_monsterinsights_sitenote_active":false,"_monsterinsights_sitenote_note":"","_monsterinsights_sitenote_category":0,"footnotes":""},"categories":[221],"tags":[38,200648,25951,192590,114312,18310,16595,991,15521,203638,200666,8001,15792,5721,7671,16136,12951,261,192567,193693,41430,16908,33583,24284,7761,200647,200652,15501],"_links":{"self":[{"href":"https:\/\/blog.cancaonova.com\/paisecatequistas\/wp-json\/wp\/v2\/posts\/10117"}],"collection":[{"href":"https:\/\/blog.cancaonova.com\/paisecatequistas\/wp-json\/wp\/v2\/posts"}],"about":[{"href":"https:\/\/blog.cancaonova.com\/paisecatequistas\/wp-json\/wp\/v2\/types\/post"}],"author":[{"embeddable":true,"href":"https:\/\/blog.cancaonova.com\/paisecatequistas\/wp-json\/wp\/v2\/users\/4414"}],"replies":[{"embeddable":true,"href":"https:\/\/blog.cancaonova.com\/paisecatequistas\/wp-json\/wp\/v2\/comments?post=10117"}],"version-history":[{"count":12,"href":"https:\/\/blog.cancaonova.com\/paisecatequistas\/wp-json\/wp\/v2\/posts\/10117\/revisions"}],"predecessor-version":[{"id":14402,"href":"https:\/\/blog.cancaonova.com\/paisecatequistas\/wp-json\/wp\/v2\/posts\/10117\/revisions\/14402"}],"wp:featuredmedia":[{"embeddable":true,"href":"https:\/\/blog.cancaonova.com\/paisecatequistas\/wp-json\/wp\/v2\/media\/12100"}],"wp:attachment":[{"href":"https:\/\/blog.cancaonova.com\/paisecatequistas\/wp-json\/wp\/v2\/media?parent=10117"}],"wp:term":[{"taxonomy":"category","embeddable":true,"href":"https:\/\/blog.cancaonova.com\/paisecatequistas\/wp-json\/wp\/v2\/categories?post=10117"},{"taxonomy":"post_tag","embeddable":true,"href":"https:\/\/blog.cancaonova.com\/paisecatequistas\/wp-json\/wp\/v2\/tags?post=10117"}],"curies":[{"name":"wp","href":"https:\/\/api.w.org\/{rel}","templated":true}]}}