{"id":1016,"date":"2011-11-03T09:00:48","date_gmt":"2011-11-03T11:00:48","guid":{"rendered":"http:\/\/blog.cancaonova.com\/paisecatequistas\/?p=1016"},"modified":"2011-10-18T09:40:55","modified_gmt":"2011-10-18T11:40:55","slug":"a-importancia-do-papel-dos-pais-e-educadores","status":"publish","type":"post","link":"https:\/\/blog.cancaonova.com\/paisecatequistas\/a-importancia-do-papel-dos-pais-e-educadores\/","title":{"rendered":"O papel dos pais e educadores"},"content":{"rendered":"<p style=\"text-align: justify\"><span style=\"font-family: Calibri, sans-serif\"><span style=\"font-size: small\">Ol\u00e1 pais catequistas e educadores esse semana estou repostando um artigo de 2009 de Santa Teresinha que fala da import\u00e2ncia do papel dos pais e educadores.<br \/>\nEstamos vivendo uma fase onde a fam\u00edlia est\u00e1 perdendo valor. Alguns pais est\u00e3o cada vez mais focados no Ter do que no Ser.<br \/>\nCom isso deixam de ser pais, acabam n\u00e3o tendo tempo para seus filhos e acreditam que toda a falta pode ser recompensada com brinquedos e presentes.<br \/>\nAlguns filhos passam mais tempo com os professores na escola do que com seus pais, com isso o papel de Educador que o pai exercia passou a ser papel do professor e do educador. Mas isso \u00e9 bom? Como ser\u00e1 o futuro dessas crian\u00e7as?<\/p>\n<p><\/span><\/span><strong><span style=\"font-family: Calibri, sans-serif\"><span style=\"font-size: small\">Santa Teresinha fala da import\u00e2ncia do papel dos pais e educadores<\/span><\/span><\/strong><\/p>\n<p style=\"text-align: justify\"><strong><span style=\"font-family: Calibri, sans-serif\"><span style=\"font-size: small\">\u00a0<a href=\"http:\/\/blog.cancaonova.com\/paisecatequistas\/files\/2009\/10\/teresita1341.jpg\"><img loading=\"lazy\" decoding=\"async\" class=\"alignnone size-full wp-image-1018\" src=\"http:\/\/blog.cancaonova.com\/paisecatequistas\/files\/2009\/10\/teresita1341.jpg\" alt=\"\" width=\"400\" height=\"312\" \/><\/a><br \/>\n<\/span><\/span><\/strong><span style=\"font-family: Calibri, sans-serif\"><span style=\"font-size: small\"><br \/>\n\u201cUma pobre mulher, parente da nossa empregada, morreu jovem deixando tr\u00eas criancinhas. Durante sua doen\u00e7a, guardamos em casa as duas meninas, tendo a mais velha apenas 6 anos. Cuidava delas o dia todo e era uma grande satisfa\u00e7\u00e3o para mim ver com quanta candura acreditavam em tudo o que lhes dizia. <\/span><\/span><strong><span style=\"font-family: Calibri, sans-serif\"><span style=\"font-size: small\">\u00c9 preciso que o santo batismo deposite nas almas um germe muito profundo das virtudes teologais para que se manifestem desde a inf\u00e2ncia e que a esperan\u00e7a dos bens futuros baste para fazer aceitar sacrif\u00edcios.<\/span><\/span><\/strong><span style=\"font-family: Calibri, sans-serif\"><span style=\"font-size: small\"> Quando queria ver minhas duas meninas bem conciliadas, em vez de prometer brinquedos e bombons \u00e0quela que cederia em favor da outra, falava-lhes das recompensas eternas que o Menino Jesus daria no C\u00e9u \u00e0s crian\u00e7as bem comportadas. A mais velha, cuja raz\u00e3o come\u00e7ava a se desenvolver, olhava-me com olhos brilhantes de alegria, fazia-me mil perguntas gentis sobre o menino Jesus e seu belo C\u00e9u e prometia-me com entusiasmo ceder sempre em favor da irm\u00e3, dizendo que nunca na vida esqueceria o que lhe havia dito &#8220;a grande senhorita&#8221;, pois era assim que me chamava&#8230; <\/span><\/span><strong><span style=\"font-family: Calibri, sans-serif\"><span style=\"font-size: small\">Vendo de perto essas almas inocentes, compreendi ser grande infelicidade n\u00e3o form\u00e1-las bem desde seu despertar, quando s\u00e3o como uma cera mole sobre a qual se pode depositar tanto as impress\u00f5es das virtudes como do mal&#8230; <\/span><\/span><\/strong><span style=\"font-family: Calibri, sans-serif\"><span style=\"font-size: small\">compreendi o que Jesus disse no Evangelho: que seria melhor ser lan\u00e7ado ao mar do que escandalizar uma s\u00f3 dessas crian\u00e7as. Ah! quantas almas chegariam \u00e0 santidade se fossem bem dirigidas!&#8230;<\/span><\/span>\u00a0<\/p>\n<p class=\"western\" style=\"margin-top: 0.03cm;margin-bottom: 0cm\"><span style=\"font-family: Verdana, sans-serif\"><span style=\"font-size: x-small\">Santa Teresinha do Menino Jesus<\/span><\/span><\/p>\n<p class=\"western\" style=\"margin-top: 0.03cm;margin-bottom: 0cm\"><span style=\"font-family: Verdana, sans-serif\"><span style=\"font-size: x-small\"><span>HIST\u00d3RIA DE UMA ALMA<br \/>\nManuscrito \u00abA\u00bb<br \/>\nJaneiro de 1895<br \/>\nFONTE: <a href=\"http:\/\/www.teresinha.com\/conteudo.asp?p=p000132\">http:\/\/www.teresinha.com\/conteudo.asp?p=p000132<\/a>\u00a0<\/span><\/span><\/span><\/p>\n","protected":false},"excerpt":{"rendered":"<p>Ol\u00e1 pais catequistas e educadores esse semana estou repostando um artigo de 2009 de Santa Teresinha que fala da import\u00e2ncia do papel dos pais e educadores. Estamos vivendo uma fase onde a fam\u00edlia est\u00e1 perdendo valor. Alguns pais est\u00e3o cada&#8230;<\/p>\n","protected":false},"author":4340,"featured_media":0,"comment_status":"open","ping_status":"open","sticky":false,"template":"","format":"standard","meta":{"_mi_skip_tracking":false,"_monsterinsights_sitenote_active":false,"_monsterinsights_sitenote_note":"","_monsterinsights_sitenote_category":0,"footnotes":""},"categories":[23],"tags":[16056,57442,19413],"_links":{"self":[{"href":"https:\/\/blog.cancaonova.com\/paisecatequistas\/wp-json\/wp\/v2\/posts\/1016"}],"collection":[{"href":"https:\/\/blog.cancaonova.com\/paisecatequistas\/wp-json\/wp\/v2\/posts"}],"about":[{"href":"https:\/\/blog.cancaonova.com\/paisecatequistas\/wp-json\/wp\/v2\/types\/post"}],"author":[{"embeddable":true,"href":"https:\/\/blog.cancaonova.com\/paisecatequistas\/wp-json\/wp\/v2\/users\/4340"}],"replies":[{"embeddable":true,"href":"https:\/\/blog.cancaonova.com\/paisecatequistas\/wp-json\/wp\/v2\/comments?post=1016"}],"version-history":[{"count":5,"href":"https:\/\/blog.cancaonova.com\/paisecatequistas\/wp-json\/wp\/v2\/posts\/1016\/revisions"}],"predecessor-version":[{"id":3060,"href":"https:\/\/blog.cancaonova.com\/paisecatequistas\/wp-json\/wp\/v2\/posts\/1016\/revisions\/3060"}],"wp:attachment":[{"href":"https:\/\/blog.cancaonova.com\/paisecatequistas\/wp-json\/wp\/v2\/media?parent=1016"}],"wp:term":[{"taxonomy":"category","embeddable":true,"href":"https:\/\/blog.cancaonova.com\/paisecatequistas\/wp-json\/wp\/v2\/categories?post=1016"},{"taxonomy":"post_tag","embeddable":true,"href":"https:\/\/blog.cancaonova.com\/paisecatequistas\/wp-json\/wp\/v2\/tags?post=1016"}],"curies":[{"name":"wp","href":"https:\/\/api.w.org\/{rel}","templated":true}]}}