{"id":10160,"date":"2023-07-09T00:00:00","date_gmt":"2023-07-09T02:00:00","guid":{"rendered":"http:\/\/blog.cancaonova.com\/paisecatequistas\/?p=10160"},"modified":"2025-07-03T10:23:36","modified_gmt":"2025-07-03T12:23:36","slug":"santa-paulina-rogai-pelo-brasil","status":"publish","type":"post","link":"https:\/\/blog.cancaonova.com\/paisecatequistas\/santa-paulina-rogai-pelo-brasil\/","title":{"rendered":"Santa Madre Paulina"},"content":{"rendered":"<h5>Hoje, a Igreja do mundo todo celebra o dia de Santa Paulina do Cora\u00e7\u00e3o Agonizante de Jesus, a popular Madre Paulina!<\/h5>\n<p>Voc\u00ea conhece a hist\u00f3ria de vida de Madre Paulina? Ent\u00e3o, vamos conhecer um pouquinho:<\/p>\n<p>Seu nome de batismo era Am\u00e1bile L\u00facia Visintainer, nasceu\u00a01865, na It\u00e1lia. Aos 9 anos de idade, veio para o Brasil com sua fam\u00edlia.<\/p>\n<p>Em Nova Trento (SC), desde menina, Am\u00e1bile era muito religiosa e rezava o seu tercinho todos os dias.<\/p>\n<h5>Pequena Mission\u00e1ria<\/h5>\n<p>Algo comum na vida dos santos, \u00e9 que eles dedicaram sua vida para nos apontar Jesus e levar todos n\u00f3s ao Reino de Deus.<\/p>\n<p>Com Madre Paulina n\u00e3o foi diferente!<\/p>\n<p><img loading=\"lazy\" decoding=\"async\" class=\"size-full wp-image-10150 alignnone\" src=\"http:\/\/blog.cancaonova.com\/paisecatequistas\/files\/2020\/06\/08-07-Santa-Madre-Paulina-600x300.jpg\" alt=\"\" width=\"600\" height=\"300\" srcset=\"https:\/\/blog.cancaonova.com\/paisecatequistas\/files\/2020\/06\/08-07-Santa-Madre-Paulina-600x300.jpg 600w, https:\/\/blog.cancaonova.com\/paisecatequistas\/files\/2020\/06\/08-07-Santa-Madre-Paulina-600x300-300x150.jpg 300w, https:\/\/blog.cancaonova.com\/paisecatequistas\/files\/2020\/06\/08-07-Santa-Madre-Paulina-600x300-150x75.jpg 150w\" sizes=\"(max-width: 600px) 100vw, 600px\" \/><\/p>\n<p>Ainda jovem, decidiu ser catequista, e isso ajudou a amadurecer a voca\u00e7\u00e3o religiosa no cora\u00e7\u00e3o de Am\u00e1bile.<\/p>\n<p>Desde pequena, Amabile tinha uma amiga de f\u00e9 e companheira de miss\u00e3o chamada Virg\u00ednia; juntas, elas cuidavam de doentes voluntariamente.<\/p>\n<p>Am\u00e1bile pediu para seu pai ajud\u00e1-la a construir uma casinha de madeira para cuidar desses doentes.<\/p>\n<p>Em 12 de julho de 1890, entrou neste pequeno hospital a primeira paciente, uma senhora muito pobre com c\u00e2ncer terminal.<\/p>\n<p>Am\u00e1bile e Virg\u00ednia consideraram essa data como o dia da funda\u00e7\u00e3o da Congrega\u00e7\u00e3o das Irm\u00e3zinhas da Imaculada Concei\u00e7\u00e3o, que foi a primeira\u00a0congrega\u00e7\u00e3o feminina fundada no Brasil.<\/p>\n<p><a href=\"http:\/\/blog.cancaonova.com\/paisecatequistas\/files\/2023\/07\/santa-paulina.jpg\"><img loading=\"lazy\" decoding=\"async\" class=\"wp-image-19197 alignnone\" src=\"http:\/\/blog.cancaonova.com\/paisecatequistas\/files\/2023\/07\/santa-paulina.jpg\" alt=\"\" width=\"844\" height=\"475\" srcset=\"https:\/\/blog.cancaonova.com\/paisecatequistas\/files\/2023\/07\/santa-paulina.jpg 1920w, https:\/\/blog.cancaonova.com\/paisecatequistas\/files\/2023\/07\/santa-paulina-300x169.jpg 300w, https:\/\/blog.cancaonova.com\/paisecatequistas\/files\/2023\/07\/santa-paulina-768x432.jpg 768w, https:\/\/blog.cancaonova.com\/paisecatequistas\/files\/2023\/07\/santa-paulina-384x216.jpg 384w, https:\/\/blog.cancaonova.com\/paisecatequistas\/files\/2023\/07\/santa-paulina-512x288.jpg 512w, https:\/\/blog.cancaonova.com\/paisecatequistas\/files\/2023\/07\/santa-paulina-1024x576.jpg 1024w, https:\/\/blog.cancaonova.com\/paisecatequistas\/files\/2023\/07\/santa-paulina-1536x864.jpg 1536w\" sizes=\"(max-width: 844px) 100vw, 844px\" \/><\/a><\/p>\n<h5><strong>Sonhos prof\u00e9ticos com Nossa Senhora<\/strong><\/h5>\n<p>Em 1888, Am\u00e1bile teve o primeiro de tr\u00eas sonhos com a Virgem Maria.<\/p>\n<p>Nesses sonhos, Nossa Senhora disse a Am\u00e1bile que cuidasse de seus filhos. Quando acordou, ap\u00f3s o terceiro sonho, Am\u00e1bile assim respondeu em ora\u00e7\u00e3o:<\/p>\n<p style=\"text-align: left\">\u201cServir-vos, minha querida M\u00e3e! Sou uma pobre criatura, mas para satisfazer o vosso desejo, prometo me esfor\u00e7ar o m\u00e1ximo que eu puder!\u201d<\/p>\n<p>Vamos conhecer um pouquinho mais sobre a vida de Madre Paulina, a santinha que foi catequista e enfermeira?<\/p>\n<p><iframe loading=\"lazy\" title=\"Tia Adelita - Santa Paulina\" width=\"600\" height=\"450\" src=\"https:\/\/www.youtube.com\/embed\/BH8ye04Hi-4?feature=oembed&amp;rel=0\" frameborder=\"0\" allow=\"accelerometer; autoplay; clipboard-write; encrypted-media; gyroscope; picture-in-picture; web-share\" referrerpolicy=\"strict-origin-when-cross-origin\" allowfullscreen><\/iframe><\/p>\n<p>Em 1938, Madre Paulina passou por grandes sofrimentos f\u00edsicos por causa de complica\u00e7\u00f5es do diabetes. Ela faleceu em\u00a09 de julho de 1942; em\u00a02002, o Papa Jo\u00e3o Paulo II a canonizou, fazendo dela a primeira santa canonizada no Brasil.<\/p>\n<p>Rezemos juntos:<\/p>\n<p>&nbsp;<\/p>\n","protected":false},"excerpt":{"rendered":"<p>Algo comum na vida dos santos \u00e9 que eles dedicaram sua vida para nos apontar Jesus e levar todos n\u00f3s ao Reino de Deus. Com Madre Paulina n\u00e3o foi diferente!<\/p>\n<p> <a href=\"https:\/\/blog.cancaonova.com\/paisecatequistas\/santa-paulina-rogai-pelo-brasil\/\">Continue lendo <span class=\"meta-nav\">&rarr;<\/span><\/a><\/p>\n","protected":false},"author":4414,"featured_media":19197,"comment_status":"closed","ping_status":"closed","sticky":false,"template":"","format":"standard","meta":{"_mi_skip_tracking":false,"_monsterinsights_sitenote_active":false,"_monsterinsights_sitenote_note":"","_monsterinsights_sitenote_category":0,"footnotes":""},"categories":[271],"tags":[192590,18310,16595,991,15521,203638,17108,13461,35359,20726,7761],"_links":{"self":[{"href":"https:\/\/blog.cancaonova.com\/paisecatequistas\/wp-json\/wp\/v2\/posts\/10160"}],"collection":[{"href":"https:\/\/blog.cancaonova.com\/paisecatequistas\/wp-json\/wp\/v2\/posts"}],"about":[{"href":"https:\/\/blog.cancaonova.com\/paisecatequistas\/wp-json\/wp\/v2\/types\/post"}],"author":[{"embeddable":true,"href":"https:\/\/blog.cancaonova.com\/paisecatequistas\/wp-json\/wp\/v2\/users\/4414"}],"replies":[{"embeddable":true,"href":"https:\/\/blog.cancaonova.com\/paisecatequistas\/wp-json\/wp\/v2\/comments?post=10160"}],"version-history":[{"count":16,"href":"https:\/\/blog.cancaonova.com\/paisecatequistas\/wp-json\/wp\/v2\/posts\/10160\/revisions"}],"predecessor-version":[{"id":19198,"href":"https:\/\/blog.cancaonova.com\/paisecatequistas\/wp-json\/wp\/v2\/posts\/10160\/revisions\/19198"}],"wp:featuredmedia":[{"embeddable":true,"href":"https:\/\/blog.cancaonova.com\/paisecatequistas\/wp-json\/wp\/v2\/media\/19197"}],"wp:attachment":[{"href":"https:\/\/blog.cancaonova.com\/paisecatequistas\/wp-json\/wp\/v2\/media?parent=10160"}],"wp:term":[{"taxonomy":"category","embeddable":true,"href":"https:\/\/blog.cancaonova.com\/paisecatequistas\/wp-json\/wp\/v2\/categories?post=10160"},{"taxonomy":"post_tag","embeddable":true,"href":"https:\/\/blog.cancaonova.com\/paisecatequistas\/wp-json\/wp\/v2\/tags?post=10160"}],"curies":[{"name":"wp","href":"https:\/\/api.w.org\/{rel}","templated":true}]}}