{"id":1023,"date":"2009-11-04T11:20:44","date_gmt":"2009-11-04T13:20:44","guid":{"rendered":"http:\/\/blog.cancaonova.com\/paisecatequistas\/?p=1023"},"modified":"2012-01-10T16:15:57","modified_gmt":"2012-01-10T18:15:57","slug":"viva-1-ano-do-reconhecimento-pontificio","status":"publish","type":"post","link":"https:\/\/blog.cancaonova.com\/paisecatequistas\/viva-1-ano-do-reconhecimento-pontificio\/","title":{"rendered":"Viva! 1 ano do Reconhecimento Pontif\u00edcio!!!"},"content":{"rendered":"<p><strong> <\/strong><\/p>\n<p><strong>Reconhecimento Pontif\u00edcio<\/strong><\/p>\n<p style=\"text-align: justify\">A Comunidade Can\u00e7\u00e3o Nova recebeu seu <a href=\"..\/cerimonia-oficial\/\" target=\"_blank\"><span style=\"color: #004f87\">Reconhecimento Pontif\u00edcio<\/span><\/a> na manh\u00e3 do dia 3 de novembro, em Roma, depois de 30 anos de uma hist\u00f3ria de f\u00e9 e perseveran\u00e7a. As festividades come\u00e7aram no dia 2 com a celebra\u00e7\u00e3o de uma <a href=\"..\/missa\/\" target=\"_blank\"><span style=\"color: #004f87\">Santa Missa, presidida pelo Cardeal Dom Odilo Scherer<\/span><\/a>, Arcebispo de S\u00e3o Paulo, na igreja Sant\u2019Andrea al Quirinale.<\/p>\n<p style=\"text-align: justify\">Al\u00e9m da cerim\u00f4nia oficial da Aprova\u00e7\u00e3o dos Estatutos, no dia 3, houve ainda uma <a href=\"..\/missa-2\/\" target=\"_blank\"><span style=\"color: #004f87\">Santa Missa, presidida pelo Cardeal Dom Stanislaw Rylko<\/span><\/a>, Presidente do Pontif\u00edcio Conselho para os Leigos, na Bas\u00edlica de S\u00e3o Jo\u00e3o de Latr\u00e3o.<\/p>\n<p style=\"text-align: justify\">No dia 4, a fam\u00edlia Can\u00e7\u00e3o Nova presente na \u201cCidade Eterna\u201d participou de uma <a href=\"..\/missa-4\/\" target=\"_blank\"><span style=\"color: #004f87\">Celebra\u00e7\u00e3o Eucar\u00edstica, presidida pelo Cardeal Dom Cl\u00e1udio Hummes<\/span><\/a>, Prefeito da Congrega\u00e7\u00e3o para o Clero, na Bas\u00edlica de S\u00e3o Paulo Fora dos Muros. \u00c0 noite foram ao <a href=\"..\/show-cancao-nova-em-roma\/\" target=\"_blank\"><span style=\"color: #004f87\">show com os m\u00fasicos CN<\/span><\/a>, no Auditorium Conciliazione.<\/p>\n<p style=\"text-align: justify\">Para encerrar as festividades e os compromissos da Aprova\u00e7\u00e3o Pontif\u00edcia, os consagrados e peregrinos participaram da tradicional <a href=\"..\/papa-sauda-cancao-nova\/\" target=\"_blank\"><span style=\"color: #004f87\">Catequese com o Papa Bento XVI<\/span><\/a>, na Pra\u00e7a de S\u00e3o Pedro; e de uma <a href=\"..\/missa-com-dom-alberto\/\" target=\"_blank\"><span style=\"color: #004f87\">Missa em A\u00e7\u00e3o de Gra\u00e7as, presidida por Dom Alberto Taveira<\/span><\/a>, Arcebispo de Palmas (TO), na Bas\u00edlica de Santa Maria Maior.<\/p>\n<p style=\"text-align: justify\">Neste dia vamos louvar a Deus pelo SIM do Monsenhor Jonas. Toda Fam\u00edlia Can\u00e7\u00e3o Nova \u00e9 chamada a se alegrar conosco&#8230;<\/p>\n<p style=\"text-align: justify\">Deus aben\u00e7oe voc\u00ea que acredita e investe nessa Obra Deus.<\/p>\n<p style=\"text-align: justify\">Tininha<\/p>\n<p style=\"text-align: justify\">\n","protected":false},"excerpt":{"rendered":"<p>Reconhecimento Pontif\u00edcio A Comunidade Can\u00e7\u00e3o Nova recebeu seu Reconhecimento Pontif\u00edcio na manh\u00e3 do dia 3 de novembro, em Roma, depois de 30 anos de uma hist\u00f3ria de f\u00e9 e perseveran\u00e7a. As festividades come\u00e7aram no dia 2 com a celebra\u00e7\u00e3o de&#8230;<\/p>\n","protected":false},"author":4340,"featured_media":0,"comment_status":"open","ping_status":"open","sticky":false,"template":"","format":"standard","meta":{"_mi_skip_tracking":false,"_monsterinsights_sitenote_active":false,"_monsterinsights_sitenote_note":"","_monsterinsights_sitenote_category":0,"footnotes":""},"categories":[23],"tags":[35328,102666,102667,102663,18559],"_links":{"self":[{"href":"https:\/\/blog.cancaonova.com\/paisecatequistas\/wp-json\/wp\/v2\/posts\/1023"}],"collection":[{"href":"https:\/\/blog.cancaonova.com\/paisecatequistas\/wp-json\/wp\/v2\/posts"}],"about":[{"href":"https:\/\/blog.cancaonova.com\/paisecatequistas\/wp-json\/wp\/v2\/types\/post"}],"author":[{"embeddable":true,"href":"https:\/\/blog.cancaonova.com\/paisecatequistas\/wp-json\/wp\/v2\/users\/4340"}],"replies":[{"embeddable":true,"href":"https:\/\/blog.cancaonova.com\/paisecatequistas\/wp-json\/wp\/v2\/comments?post=1023"}],"version-history":[{"count":3,"href":"https:\/\/blog.cancaonova.com\/paisecatequistas\/wp-json\/wp\/v2\/posts\/1023\/revisions"}],"predecessor-version":[{"id":3696,"href":"https:\/\/blog.cancaonova.com\/paisecatequistas\/wp-json\/wp\/v2\/posts\/1023\/revisions\/3696"}],"wp:attachment":[{"href":"https:\/\/blog.cancaonova.com\/paisecatequistas\/wp-json\/wp\/v2\/media?parent=1023"}],"wp:term":[{"taxonomy":"category","embeddable":true,"href":"https:\/\/blog.cancaonova.com\/paisecatequistas\/wp-json\/wp\/v2\/categories?post=1023"},{"taxonomy":"post_tag","embeddable":true,"href":"https:\/\/blog.cancaonova.com\/paisecatequistas\/wp-json\/wp\/v2\/tags?post=1023"}],"curies":[{"name":"wp","href":"https:\/\/api.w.org\/{rel}","templated":true}]}}