{"id":10365,"date":"2023-10-26T00:00:28","date_gmt":"2023-10-26T02:00:28","guid":{"rendered":"http:\/\/blog.cancaonova.com\/paisecatequistas\/?p=10365"},"modified":"2023-10-27T08:16:33","modified_gmt":"2023-10-27T10:16:33","slug":"adre-teresa-um-sim-a-deus-que-transformou-coracoes","status":"publish","type":"post","link":"https:\/\/blog.cancaonova.com\/paisecatequistas\/adre-teresa-um-sim-a-deus-que-transformou-coracoes\/","title":{"rendered":"Santa Madre Teresa, um sim a Deus que transformou cora\u00e7\u00f5es!"},"content":{"rendered":"<p>Santa Teresa de Calcut\u00e1 nasceu em 26 de agosto de 1910, na Maced\u00f4nia, em uma fam\u00edlia cat\u00f3lica dedicada \u00e0 caridade e aos pobres.<\/p>\n<p>Quando crian\u00e7a, sentiu o desejo de ser religiosa. Aos 18 anos, foi para a Irlanda para a &#8220;Congrega\u00e7\u00e3o das Irm\u00e3s de Loreto&#8221; e fez o noviciado na \u00cdndia. Dois anos depois, ela se tornou professora no &#8220;Col\u00e9gio de Calcut\u00e1&#8221;. Nessa \u00e9poca, sentiu Deus lhe chamando para dedicar-se especialmente aos mais pequenos e pobres. Reuniu os moribundos e doentes que os hospitais n\u00e3o aceitavam.<\/p>\n<p>Fundou a &#8220;Congrega\u00e7\u00e3o das Mission\u00e1rias da Caridade&#8221;, a fim de se dedicar aos mais pobres. Foi declarada santa em 2003 pelo Papa Jo\u00e3o Paulo II, que foi seu grande amigo.<\/p>\n<p><a href=\"http:\/\/blog.cancaonova.com\/paisecatequistas\/files\/2020\/09\/Madre-Teresa-de-Calcuta-c\u00f3pia.jpg\"><img loading=\"lazy\" decoding=\"async\" class=\"wp-image-12421 alignleft\" src=\"http:\/\/blog.cancaonova.com\/paisecatequistas\/files\/2020\/09\/Madre-Teresa-de-Calcuta-c\u00f3pia.jpg\" alt=\"\" width=\"331\" height=\"551\" srcset=\"https:\/\/blog.cancaonova.com\/paisecatequistas\/files\/2020\/09\/Madre-Teresa-de-Calcuta-c\u00f3pia.jpg 2303w, https:\/\/blog.cancaonova.com\/paisecatequistas\/files\/2020\/09\/Madre-Teresa-de-Calcuta-c\u00f3pia-180x300.jpg 180w, https:\/\/blog.cancaonova.com\/paisecatequistas\/files\/2020\/09\/Madre-Teresa-de-Calcuta-c\u00f3pia-768x1278.jpg 768w\" sizes=\"(max-width: 331px) 100vw, 331px\" \/><\/a>Seu sim a Deus e aos mais necessitados mudou a Igreja onde estava inserida, o ambiente em que vivia, o seu Pa\u00eds, e seus feitos tocaram cora\u00e7\u00f5es no mundo todo.<\/p>\n<p>Vamos ensinar as nossas crian\u00e7as que \u00e9 poss\u00edvel mudar o mundo sendo bom e fiel ao Santo Evangelho de Nosso Senhor Jesus Cristo!<\/p>\n<p>Foi amando a Deus sobre todas as coisas, amando o pr\u00f3ximo como a si mesma e seguindo o Evangelho, que ela nos ensinou grandes feitos com sua vida!<\/p>\n<h4><span style=\"color: #0000ff\">Alguns dos seus grandes feitos:<\/span><\/h4>\n<ul>\n<li>Cuidou dos pobres, especialmente das crian\u00e7as com todo amor e carinho;<\/li>\n<li>Dedicou a vida a cuidar das pessoas mais desprezadas da sociedade;<\/li>\n<li>Comprometeu-se em amar o pr\u00f3ximo sem cumular bens para si;<\/li>\n<li>Foi uma boa gerente (a Congrega\u00e7\u00e3o cresceu porque ela sabia administrar doa\u00e7\u00f5es, lidar com dinheiro e fazer o papel\u00a0de\u00a0porta-voz e rela\u00e7\u00f5es-p\u00fablicas\u00a0de\u00a0sua obra);<\/li>\n<li>Parou uma guerra: em Beirute, em 1982, conseguiu um cessar-fogo para retirar 37 crian\u00e7as do front;<\/li>\n<li>Atendeu v\u00edtimas da radia\u00e7\u00e3o em Chernobyl, na Ucr\u00e2nia, num acidente nuclear catastr\u00f3fico;<\/li>\n<li>Criou a Congrega\u00e7\u00e3o Mission\u00e1rias da Caridade;<\/li>\n<li>Em 1979, recebeu o Pr\u00eamio Nobel da Paz;<\/li>\n<li>Foi Beatificada pela Igreja Cat\u00f3lica em 2003, e canonizada em 2016.<\/li>\n<li>Deixou um rastro de amor incondicional a Deus e ao pr\u00f3ximo, e uma certeza de que estamos aqui de passagem, por isso devemos construir, agora, a nossa morada no C\u00e9u.<\/li>\n<\/ul>\n<h4><span style=\"color: #0000ff\">Um dos tra\u00e7os mais fortes em Madre Teresa \u00e9 que ela defendia a vida, em especial a vida das crian\u00e7as!<\/span><\/h4>\n<p>Ela fazia de tudo para que as crian\u00e7as n\u00e3o fossem abortadas, mas que tivessem uma vida digna e feliz:<\/p>\n<p><img loading=\"lazy\" decoding=\"async\" class=\"size-full wp-image-10369 alignnone\" src=\"http:\/\/blog.cancaonova.com\/paisecatequistas\/files\/2020\/09\/madre-teresa-600x600.jpg\" alt=\"\" width=\"600\" height=\"600\" srcset=\"https:\/\/blog.cancaonova.com\/paisecatequistas\/files\/2020\/09\/madre-teresa-600x600.jpg 600w, https:\/\/blog.cancaonova.com\/paisecatequistas\/files\/2020\/09\/madre-teresa-600x600-150x150.jpg 150w, https:\/\/blog.cancaonova.com\/paisecatequistas\/files\/2020\/09\/madre-teresa-600x600-300x300.jpg 300w\" sizes=\"(max-width: 600px) 100vw, 600px\" \/><\/p>\n<p>Sabia que esta santidade de vida \u00e9 poss\u00edvel para todos n\u00f3s? No <a href=\"https:\/\/loja.cancaonova.com\/livro-herois-da-fe\">Livro Her\u00f3is da F\u00e9<\/a>,voc\u00ea pode conhecer outros exemplos de vida de santidade!<\/p>\n<p>Assista com os pequenos este epis\u00f3dio do Cantinho da Crian\u00e7a sobre a santidade:<\/p>\n<p><iframe loading=\"lazy\" title=\"Cantinho da Crian\u00c3\u00a7a - Santidade\" width=\"600\" height=\"338\" src=\"https:\/\/www.youtube.com\/embed\/ZSJPM9dJRkM?feature=oembed&amp;rel=0\" frameborder=\"0\" allow=\"accelerometer; autoplay; clipboard-write; encrypted-media; gyroscope; picture-in-picture; web-share\" referrerpolicy=\"strict-origin-when-cross-origin\" allowfullscreen><\/iframe><\/p>\n<h4><\/h4>\n<h4 style=\"text-align: right\">Santa Madre Teresa de Calcut\u00e1, rogai por n\u00f3s, para que fa\u00e7amos a diferen\u00e7a aqui na Terra e possamos chegar \u00e0 santidade e ir para o C\u00e9u!<\/h4>\n<p style=\"text-align: right\">Departamento Infantojuvenil<\/p>\n<p style=\"text-align: right\"><a href=\"https:\/\/www.instagram.com\/cancaonovakids\/\">Can\u00e7\u00e3o Nova Kids<\/a><\/p>\n","protected":false},"excerpt":{"rendered":"<p>Seu sim a Deus e aos mais necessitados mudou a Igreja onde estava inserida, o ambiente em que vivia, o seu pa\u00eds, e seus feitos tocaram cora\u00e7\u00f5es no mundo todo. <a href=\"https:\/\/blog.cancaonova.com\/paisecatequistas\/adre-teresa-um-sim-a-deus-que-transformou-coracoes\/\">Continue lendo <span class=\"meta-nav\">&rarr;<\/span><\/a><\/p>\n","protected":false},"author":4414,"featured_media":12419,"comment_status":"open","ping_status":"open","sticky":false,"template":"","format":"standard","meta":{"_mi_skip_tracking":false,"_monsterinsights_sitenote_active":false,"_monsterinsights_sitenote_note":"","_monsterinsights_sitenote_category":0,"footnotes":""},"categories":[15521,271],"tags":[49,16442,203182,8911,200680,25951,202456,16672,45592,34,114312,5011,18310,16595,15812,991,15521,203638,26984,15792,5721,41132,7671,40,104100,15401,51,22818,18940,231,22774,200609,12951,261,192567,41430,16908,33583,17350,7931,7761,271,200647,39,15501,19387,2031],"_links":{"self":[{"href":"https:\/\/blog.cancaonova.com\/paisecatequistas\/wp-json\/wp\/v2\/posts\/10365"}],"collection":[{"href":"https:\/\/blog.cancaonova.com\/paisecatequistas\/wp-json\/wp\/v2\/posts"}],"about":[{"href":"https:\/\/blog.cancaonova.com\/paisecatequistas\/wp-json\/wp\/v2\/types\/post"}],"author":[{"embeddable":true,"href":"https:\/\/blog.cancaonova.com\/paisecatequistas\/wp-json\/wp\/v2\/users\/4414"}],"replies":[{"embeddable":true,"href":"https:\/\/blog.cancaonova.com\/paisecatequistas\/wp-json\/wp\/v2\/comments?post=10365"}],"version-history":[{"count":19,"href":"https:\/\/blog.cancaonova.com\/paisecatequistas\/wp-json\/wp\/v2\/posts\/10365\/revisions"}],"predecessor-version":[{"id":15779,"href":"https:\/\/blog.cancaonova.com\/paisecatequistas\/wp-json\/wp\/v2\/posts\/10365\/revisions\/15779"}],"wp:featuredmedia":[{"embeddable":true,"href":"https:\/\/blog.cancaonova.com\/paisecatequistas\/wp-json\/wp\/v2\/media\/12419"}],"wp:attachment":[{"href":"https:\/\/blog.cancaonova.com\/paisecatequistas\/wp-json\/wp\/v2\/media?parent=10365"}],"wp:term":[{"taxonomy":"category","embeddable":true,"href":"https:\/\/blog.cancaonova.com\/paisecatequistas\/wp-json\/wp\/v2\/categories?post=10365"},{"taxonomy":"post_tag","embeddable":true,"href":"https:\/\/blog.cancaonova.com\/paisecatequistas\/wp-json\/wp\/v2\/tags?post=10365"}],"curies":[{"name":"wp","href":"https:\/\/api.w.org\/{rel}","templated":true}]}}