{"id":10387,"date":"2023-09-08T00:00:54","date_gmt":"2023-09-08T02:00:54","guid":{"rendered":"http:\/\/blog.cancaonova.com\/paisecatequistas\/?p=10387"},"modified":"2024-09-05T12:33:02","modified_gmt":"2024-09-05T14:33:02","slug":"hoje-e-aniversario-da-maezinha-do-ceu","status":"publish","type":"post","link":"https:\/\/blog.cancaonova.com\/paisecatequistas\/hoje-e-aniversario-da-maezinha-do-ceu\/","title":{"rendered":"\u00c9 festa no C\u00e9u!"},"content":{"rendered":"<p>Celebramos no dia 08 de Setembro a mem\u00f3ria da Natividade de Nossa Senhora que \u00e9 celebrada nove meses depois da celebra\u00e7\u00e3o da solenidade da Imaculada Concei\u00e7\u00e3o (8 de dezembro). Esta festa teve in\u00edcio no ano de 430, pois foi quando S\u00e3o Maur\u00edlio a introduziu na diocese de Angers, na Fran\u00e7a.<\/p>\n<p><img loading=\"lazy\" decoding=\"async\" class=\"alignnone wp-image-10393\" src=\"http:\/\/blog.cancaonova.com\/paisecatequistas\/files\/2020\/09\/corpo-natividade-2.jpg\" alt=\"\" width=\"553\" height=\"607\" srcset=\"https:\/\/blog.cancaonova.com\/paisecatequistas\/files\/2020\/09\/corpo-natividade-2.jpg 543w, https:\/\/blog.cancaonova.com\/paisecatequistas\/files\/2020\/09\/corpo-natividade-2-273x300.jpg 273w\" sizes=\"(max-width: 553px) 100vw, 553px\" \/><\/p>\n<p><em>&#8220;A Igreja cat\u00f3lica n\u00e3o costuma celebrar o dia de nascimento dos santos, mas sim o de sua morte \u2013 isto \u00e9, quando entraram para a gl\u00f3ria eterna. H\u00e1, contudo, tr\u00eas celebra\u00e7\u00f5es de nascimento: de Jesus Cristo (Natal); de S\u00e3o Jo\u00e3o Batista (ainda no ventre de Isabel, manifestou-se diante da proximidade de Maria, que esperava Jesus, e que fora visitar sua parente); e o da pr\u00f3pria Virgem Sant\u00edssima. Hoje \u00e9 comemorado o dia em que Deus come\u00e7a a p\u00f4r em pr\u00e1tica o Seu plano eterno de salva\u00e7\u00e3o da humanidade!&#8221;<\/em>\u00a0 <a href=\"https:\/\/www.vaticannews.va\/pt\/igreja\/news\/2020-09\/a-natividade-de-maria.html\">(Fonte: Vaticanews)<\/a><\/p>\n<p>Vamos, ent\u00e3o, fazer uma festa para Nossa Senhora hoje?<\/p>\n<p>Fa\u00e7a um bolo, cole cartaz em sua casa, convide a fam\u00edlia, os vizinhos e vamos celebrar este dia rezando o ter\u00e7o em fam\u00edlia.<\/p>\n<p>Vamos celebrar a vida daquela que nos trouxe a verdadeira vida ao mundo: Jesus Cristo!<\/p>\n<p><strong>Desenho para Colorir<\/strong><\/p>\n<p><a href=\"https:\/\/blog.cancaonova.com\/paisecatequistas\/files\/2024\/09\/aniversario-nossa-senhora.pdf\"><img loading=\"lazy\" decoding=\"async\" class=\"wp-image-12438 alignnone\" src=\"http:\/\/blog.cancaonova.com\/paisecatequistas\/files\/2020\/09\/aniversario-de-nossa-senhora.jpg\" alt=\"\" width=\"998\" height=\"1464\" srcset=\"https:\/\/blog.cancaonova.com\/paisecatequistas\/files\/2020\/09\/aniversario-de-nossa-senhora.jpg 3543w, https:\/\/blog.cancaonova.com\/paisecatequistas\/files\/2020\/09\/aniversario-de-nossa-senhora-205x300.jpg 205w, https:\/\/blog.cancaonova.com\/paisecatequistas\/files\/2020\/09\/aniversario-de-nossa-senhora-768x1127.jpg 768w\" sizes=\"(max-width: 998px) 100vw, 998px\" \/><\/a><\/p>\n<p style=\"text-align: right\">\n","protected":false},"excerpt":{"rendered":"<p>Hoje \u00e9 comemorado o dia em que Deus come\u00e7a a p\u00f4r em pr\u00e1tica o Seu plano eterno de salva\u00e7\u00e3o da humanidade!  <a href=\"https:\/\/blog.cancaonova.com\/paisecatequistas\/hoje-e-aniversario-da-maezinha-do-ceu\/\">Continue lendo <span class=\"meta-nav\">&rarr;<\/span><\/a><\/p>\n","protected":false},"author":4414,"featured_media":17852,"comment_status":"closed","ping_status":"closed","sticky":false,"template":"","format":"standard","meta":{"_mi_skip_tracking":false,"_monsterinsights_sitenote_active":false,"_monsterinsights_sitenote_note":"","_monsterinsights_sitenote_category":0,"footnotes":""},"categories":[451,15641],"tags":[204443,114312,5011,18310,16595,991,15521,203638,26984,8001,15792,8631,231,200733,34705,451,261,192567,16503],"_links":{"self":[{"href":"https:\/\/blog.cancaonova.com\/paisecatequistas\/wp-json\/wp\/v2\/posts\/10387"}],"collection":[{"href":"https:\/\/blog.cancaonova.com\/paisecatequistas\/wp-json\/wp\/v2\/posts"}],"about":[{"href":"https:\/\/blog.cancaonova.com\/paisecatequistas\/wp-json\/wp\/v2\/types\/post"}],"author":[{"embeddable":true,"href":"https:\/\/blog.cancaonova.com\/paisecatequistas\/wp-json\/wp\/v2\/users\/4414"}],"replies":[{"embeddable":true,"href":"https:\/\/blog.cancaonova.com\/paisecatequistas\/wp-json\/wp\/v2\/comments?post=10387"}],"version-history":[{"count":15,"href":"https:\/\/blog.cancaonova.com\/paisecatequistas\/wp-json\/wp\/v2\/posts\/10387\/revisions"}],"predecessor-version":[{"id":17855,"href":"https:\/\/blog.cancaonova.com\/paisecatequistas\/wp-json\/wp\/v2\/posts\/10387\/revisions\/17855"}],"wp:featuredmedia":[{"embeddable":true,"href":"https:\/\/blog.cancaonova.com\/paisecatequistas\/wp-json\/wp\/v2\/media\/17852"}],"wp:attachment":[{"href":"https:\/\/blog.cancaonova.com\/paisecatequistas\/wp-json\/wp\/v2\/media?parent=10387"}],"wp:term":[{"taxonomy":"category","embeddable":true,"href":"https:\/\/blog.cancaonova.com\/paisecatequistas\/wp-json\/wp\/v2\/categories?post=10387"},{"taxonomy":"post_tag","embeddable":true,"href":"https:\/\/blog.cancaonova.com\/paisecatequistas\/wp-json\/wp\/v2\/tags?post=10387"}],"curies":[{"name":"wp","href":"https:\/\/api.w.org\/{rel}","templated":true}]}}