{"id":10419,"date":"2023-09-13T00:00:19","date_gmt":"2023-09-13T02:00:19","guid":{"rendered":"http:\/\/blog.cancaonova.com\/paisecatequistas\/?p=10419"},"modified":"2025-09-08T14:05:02","modified_gmt":"2025-09-08T16:05:02","slug":"a-cruz-nos-recorda-o-amor-infinito-de-jesus-por-nos","status":"publish","type":"post","link":"https:\/\/blog.cancaonova.com\/paisecatequistas\/a-cruz-nos-recorda-o-amor-infinito-de-jesus-por-nos\/","title":{"rendered":"Exalta\u00e7\u00e3o da Santa Cruz"},"content":{"rendered":"<p>A cruz nos recorda o amor infinito de Jesus por n\u00f3s!<\/p>\n<h4 style=\"text-align: left\">\u201cN\u00f3s, por\u00e9m, pregamos Cristo crucificado, esc\u00e2ndalo para os judeus, loucura para os pag\u00e3os.\u201d (I Cor\u00edntios 1, 23)<\/h4>\n<p>Isso porque, para os crist\u00e3os, a cruz \u00e9 a for\u00e7a, \u00e9 sabedoria de Deus, \u00e9 amor, \u00e9 doa\u00e7\u00e3o, \u00e9 compaix\u00e3o, \u00e9 miseric\u00f3rdia, \u00e9 vida eterna.<\/p>\n<p>Aos dias 14 de setembro a Igreja celebra a festa da Exalta\u00e7\u00e3o da Santa Cruz.<\/p>\n<h4><span style=\"color: #000000\"><strong>Como surgiu a festa\u00a0da Exalta\u00e7\u00e3o da Santa Cruz?<\/strong><\/span><\/h4>\n<p>Nos primeiros anos do Cristianismo, Helena, m\u00e3e do imperador Constantino, fez o poss\u00edvel para conservar os locais onde Cristo viveu, o Seu minist\u00e9rio, principalmente o G\u00f3lgota e o Santo Sepulcro. No local onde Jesus foi crucificado, foi constru\u00edda a igreja do Santo Sepulcro, em 13 de setembro de 335. A festa para o povo aconteceu no dia seguinte, 14 de setembro de 335, e entrou no calend\u00e1rio romano-crist\u00e3o.<\/p>\n<p>E at\u00e9 hoje, neste dia, comemoramos a vit\u00f3ria da morte sobre a Vida Plena de Jesus pela Santa Cruz, pois, para n\u00f3s, a Cruz \u00e9 o maior exemplo de Amor de Deus por n\u00f3s!<\/p>\n<ul>\n<li><a href=\"https:\/\/blog.cancaonova.com\/paisecatequistas\/2023\/09\/14\/exaltacao-da-santa-cruz\/\">A Santa Cruz \u00e9 sinal de vit\u00f3ria para o crist\u00e3o<\/a><\/li>\n<\/ul>\n<p><a href=\"http:\/\/blog.cancaonova.com\/paisecatequistas\/files\/2020\/09\/exaltacao_santa_cruz.jpg\"><img loading=\"lazy\" decoding=\"async\" class=\" wp-image-12495 alignnone\" src=\"http:\/\/blog.cancaonova.com\/paisecatequistas\/files\/2020\/09\/exaltacao_santa_cruz.jpg\" alt=\"\" width=\"828\" height=\"828\" srcset=\"https:\/\/blog.cancaonova.com\/paisecatequistas\/files\/2020\/09\/exaltacao_santa_cruz.jpg 1000w, https:\/\/blog.cancaonova.com\/paisecatequistas\/files\/2020\/09\/exaltacao_santa_cruz-150x150.jpg 150w, https:\/\/blog.cancaonova.com\/paisecatequistas\/files\/2020\/09\/exaltacao_santa_cruz-300x300.jpg 300w, https:\/\/blog.cancaonova.com\/paisecatequistas\/files\/2020\/09\/exaltacao_santa_cruz-768x768.jpg 768w\" sizes=\"(max-width: 828px) 100vw, 828px\" \/><\/a><\/p>\n<p><a href=\"http:\/\/blog.cancaonova.com\/paisecatequistas\/files\/2022\/09\/papa-francisco.jpg\"><img loading=\"lazy\" decoding=\"async\" class=\"alignright size-full wp-image-15417\" src=\"http:\/\/blog.cancaonova.com\/paisecatequistas\/files\/2022\/09\/papa-francisco.jpg\" alt=\"\" width=\"4488\" height=\"3307\" srcset=\"https:\/\/blog.cancaonova.com\/paisecatequistas\/files\/2022\/09\/papa-francisco.jpg 4488w, https:\/\/blog.cancaonova.com\/paisecatequistas\/files\/2022\/09\/papa-francisco-300x221.jpg 300w, https:\/\/blog.cancaonova.com\/paisecatequistas\/files\/2022\/09\/papa-francisco-768x566.jpg 768w\" sizes=\"(max-width: 4488px) 100vw, 4488px\" \/><\/a><\/p>\n<p>\u201cJesus desceu do C\u00e9u para levar todos n\u00f3s a subir ao C\u00e9u&#8230;Este \u00e9 o mist\u00e9rio da cruz.\u201d (Papa Francisco)<\/p>\n<p style=\"text-align: right\"><i>A Cruz Sagrada seja a nossa luz!\u00a0<\/i><\/p>\n<p style=\"text-align: right\">Departamento Infantojuvenil<\/p>\n<p style=\"text-align: right\"><a href=\"https:\/\/www.instagram.com\/cancaonovakids\/?hl=pt-br\">Can\u00e7\u00e3o Nova Kids<\/a><\/p>\n","protected":false},"excerpt":{"rendered":"<p>\u201cN\u00f3s, por\u00e9m, pregamos Cristo crucificado, esc\u00e2ndalo para os judeus, loucura para os pag\u00e3os\u201d (I Cor\u00edntios 1, 23) &#8211;  Para os crist\u00e3os, a cruz \u00e9 a for\u00e7a, \u00e9\u00a0 sabedoria de Deus, \u00e9 amor, \u00e9 doa\u00e7\u00e3o \u00e9 compaix\u00e3o, \u00e9 miseric\u00f3rdia, \u00e9 vida eterna. <a href=\"https:\/\/blog.cancaonova.com\/paisecatequistas\/a-cruz-nos-recorda-o-amor-infinito-de-jesus-por-nos\/\">Continue lendo <span class=\"meta-nav\">&rarr;<\/span><\/a><\/p>\n","protected":false},"author":4414,"featured_media":17883,"comment_status":"closed","ping_status":"closed","sticky":false,"template":"","format":"standard","meta":{"_mi_skip_tracking":false,"_monsterinsights_sitenote_active":false,"_monsterinsights_sitenote_note":"","_monsterinsights_sitenote_category":0,"footnotes":""},"categories":[200710,15521,221],"tags":[18310,991,15521,17108,8001,15738,28116,32,221],"_links":{"self":[{"href":"https:\/\/blog.cancaonova.com\/paisecatequistas\/wp-json\/wp\/v2\/posts\/10419"}],"collection":[{"href":"https:\/\/blog.cancaonova.com\/paisecatequistas\/wp-json\/wp\/v2\/posts"}],"about":[{"href":"https:\/\/blog.cancaonova.com\/paisecatequistas\/wp-json\/wp\/v2\/types\/post"}],"author":[{"embeddable":true,"href":"https:\/\/blog.cancaonova.com\/paisecatequistas\/wp-json\/wp\/v2\/users\/4414"}],"replies":[{"embeddable":true,"href":"https:\/\/blog.cancaonova.com\/paisecatequistas\/wp-json\/wp\/v2\/comments?post=10419"}],"version-history":[{"count":17,"href":"https:\/\/blog.cancaonova.com\/paisecatequistas\/wp-json\/wp\/v2\/posts\/10419\/revisions"}],"predecessor-version":[{"id":19521,"href":"https:\/\/blog.cancaonova.com\/paisecatequistas\/wp-json\/wp\/v2\/posts\/10419\/revisions\/19521"}],"wp:featuredmedia":[{"embeddable":true,"href":"https:\/\/blog.cancaonova.com\/paisecatequistas\/wp-json\/wp\/v2\/media\/17883"}],"wp:attachment":[{"href":"https:\/\/blog.cancaonova.com\/paisecatequistas\/wp-json\/wp\/v2\/media?parent=10419"}],"wp:term":[{"taxonomy":"category","embeddable":true,"href":"https:\/\/blog.cancaonova.com\/paisecatequistas\/wp-json\/wp\/v2\/categories?post=10419"},{"taxonomy":"post_tag","embeddable":true,"href":"https:\/\/blog.cancaonova.com\/paisecatequistas\/wp-json\/wp\/v2\/tags?post=10419"}],"curies":[{"name":"wp","href":"https:\/\/api.w.org\/{rel}","templated":true}]}}