{"id":10436,"date":"2023-09-15T00:00:53","date_gmt":"2023-09-15T02:00:53","guid":{"rendered":"http:\/\/blog.cancaonova.com\/paisecatequistas\/?p=10436"},"modified":"2025-09-08T14:21:30","modified_gmt":"2025-09-08T16:21:30","slug":"nossa-senhora-das-dores-rogai-por-todos-os-que-sofrem","status":"publish","type":"post","link":"https:\/\/blog.cancaonova.com\/paisecatequistas\/nossa-senhora-das-dores-rogai-por-todos-os-que-sofrem\/","title":{"rendered":"Nossa Senhora das Dores, rogai por todos os que sofrem!"},"content":{"rendered":"<h4>&#8220;Nossa Senhora das Dores, rogai por todos os que sofrem e fortalecei-nos nos sofrimentos da vida!&#8221;<\/h4>\n<p>Maria, a M\u00e3e de Jesus, \u00e9 \u00fanica apesar de possuir diferentes t\u00edtulos. Em muitos pa\u00edses, Nossa Senhora \u00e9 invocada pelo nome da cidade ou local onde Ela apareceu ou pelo t\u00edtulo que a devo\u00e7\u00e3o popular a invoca. A partir dessas situa\u00e7\u00f5es, surgiram muitos outros t\u00edtulos marianos pelo mundo inteiro.<\/p>\n<h4>N\u00f3s, como Igreja, n\u00e3o recordamos as dores de Nossa Senhora somente pelo sofrimento, e sim porque, pelas dores oferecidas, a M\u00e3e de Jesus participou do plano de salva\u00e7\u00e3o.<\/h4>\n<p><img loading=\"lazy\" decoding=\"async\" class=\"size-full wp-image-10437 alignnone\" src=\"http:\/\/blog.cancaonova.com\/paisecatequistas\/files\/2020\/09\/14-09-600x300.jpg\" alt=\"\" width=\"600\" height=\"300\" srcset=\"https:\/\/blog.cancaonova.com\/paisecatequistas\/files\/2020\/09\/14-09-600x300.jpg 600w, https:\/\/blog.cancaonova.com\/paisecatequistas\/files\/2020\/09\/14-09-600x300-300x150.jpg 300w, https:\/\/blog.cancaonova.com\/paisecatequistas\/files\/2020\/09\/14-09-600x300-150x75.jpg 150w\" sizes=\"(max-width: 600px) 100vw, 600px\" \/><\/p>\n<p>Dessa forma, Maria est\u00e1 nos mostrando uma nova vida. Isso n\u00e3o significa uma vida sem sofrimentos, mas sim uma entrega de si para uma civiliza\u00e7\u00e3o do amor.<\/p>\n<p>Santa Br\u00edgida da Su\u00e9cia diz, em suas revela\u00e7\u00f5es, que Nossa Senhora prometeu conceder sete gra\u00e7as a quem rezar, em cada dia, sete Ave-Marias em honra \u00e0s Suas dores e l\u00e1grimas.<\/p>\n<p>Veja aqui,\u00a0<a href=\"https:\/\/blog.cancaonova.com\/felipeaquino\/2014\/09\/15\/nossa-senhora-sofreu-as-nossas-dores\/\">um artigo como mais detalhes, sobre as promessas de Nossa Senhora para quem rezar em honra \u00e0s Suas dores.<\/a><\/p>\n<p>&nbsp;<\/p>\n<p><a href=\"http:\/\/blog.cancaonova.com\/paisecatequistas\/files\/2023\/09\/15_09-NOSSA-SENHORA-DAS-DORES.jpg\"><img loading=\"lazy\" decoding=\"async\" class=\"wp-image-17891 alignnone\" src=\"http:\/\/blog.cancaonova.com\/paisecatequistas\/files\/2023\/09\/15_09-NOSSA-SENHORA-DAS-DORES.jpg\" alt=\"\" width=\"703\" height=\"859\" srcset=\"https:\/\/blog.cancaonova.com\/paisecatequistas\/files\/2023\/09\/15_09-NOSSA-SENHORA-DAS-DORES.jpg 1080w, https:\/\/blog.cancaonova.com\/paisecatequistas\/files\/2023\/09\/15_09-NOSSA-SENHORA-DAS-DORES-245x300.jpg 245w, https:\/\/blog.cancaonova.com\/paisecatequistas\/files\/2023\/09\/15_09-NOSSA-SENHORA-DAS-DORES-768x939.jpg 768w\" sizes=\"(max-width: 703px) 100vw, 703px\" \/><\/a><\/p>\n<p>&nbsp;<\/p>\n<p>&nbsp;<\/p>\n<p><a href=\"https:\/\/blog.cancaonova.com\/paisecatequistas\/files\/2024\/09\/nossa-senhora-das-dores.pdf\"><img loading=\"lazy\" decoding=\"async\" class=\"size-full wp-image-15437 alignnone\" src=\"http:\/\/blog.cancaonova.com\/paisecatequistas\/files\/2023\/09\/15-09-Colorir-de-Nossa-Senhora-das-Dores.jpg\" alt=\"\" width=\"800\" height=\"800\" srcset=\"https:\/\/blog.cancaonova.com\/paisecatequistas\/files\/2023\/09\/15-09-Colorir-de-Nossa-Senhora-das-Dores.jpg 800w, https:\/\/blog.cancaonova.com\/paisecatequistas\/files\/2023\/09\/15-09-Colorir-de-Nossa-Senhora-das-Dores-150x150.jpg 150w, https:\/\/blog.cancaonova.com\/paisecatequistas\/files\/2023\/09\/15-09-Colorir-de-Nossa-Senhora-das-Dores-300x300.jpg 300w, https:\/\/blog.cancaonova.com\/paisecatequistas\/files\/2023\/09\/15-09-Colorir-de-Nossa-Senhora-das-Dores-768x768.jpg 768w\" sizes=\"(max-width: 800px) 100vw, 800px\" \/><\/a><\/p>\n<p style=\"text-align: right\">Nossa Senhora das Dores, rogai por todos os que sofrem e fortalecei-nos nos sofrimentos da vida!<\/p>\n<p>&nbsp;<\/p>\n","protected":false},"excerpt":{"rendered":"<p>N\u00f3s, como Igreja, n\u00e3o recordamos as dores de Nossa Senhora somente pelo sofrimento, mas sim, porque pelas dores oferecidas, a m\u00e3e de Jesus participou do plano de salva\u00e7\u00e3o. <a href=\"https:\/\/blog.cancaonova.com\/paisecatequistas\/nossa-senhora-das-dores-rogai-por-todos-os-que-sofrem\/\">Continue lendo <span class=\"meta-nav\">&rarr;<\/span><\/a><\/p>\n","protected":false},"author":4414,"featured_media":17890,"comment_status":"closed","ping_status":"closed","sticky":false,"template":"","format":"standard","meta":{"_mi_skip_tracking":false,"_monsterinsights_sitenote_active":false,"_monsterinsights_sitenote_note":"","_monsterinsights_sitenote_category":0,"footnotes":""},"categories":[200710,15521,289677,451,261],"tags":[],"_links":{"self":[{"href":"https:\/\/blog.cancaonova.com\/paisecatequistas\/wp-json\/wp\/v2\/posts\/10436"}],"collection":[{"href":"https:\/\/blog.cancaonova.com\/paisecatequistas\/wp-json\/wp\/v2\/posts"}],"about":[{"href":"https:\/\/blog.cancaonova.com\/paisecatequistas\/wp-json\/wp\/v2\/types\/post"}],"author":[{"embeddable":true,"href":"https:\/\/blog.cancaonova.com\/paisecatequistas\/wp-json\/wp\/v2\/users\/4414"}],"replies":[{"embeddable":true,"href":"https:\/\/blog.cancaonova.com\/paisecatequistas\/wp-json\/wp\/v2\/comments?post=10436"}],"version-history":[{"count":10,"href":"https:\/\/blog.cancaonova.com\/paisecatequistas\/wp-json\/wp\/v2\/posts\/10436\/revisions"}],"predecessor-version":[{"id":19523,"href":"https:\/\/blog.cancaonova.com\/paisecatequistas\/wp-json\/wp\/v2\/posts\/10436\/revisions\/19523"}],"wp:featuredmedia":[{"embeddable":true,"href":"https:\/\/blog.cancaonova.com\/paisecatequistas\/wp-json\/wp\/v2\/media\/17890"}],"wp:attachment":[{"href":"https:\/\/blog.cancaonova.com\/paisecatequistas\/wp-json\/wp\/v2\/media?parent=10436"}],"wp:term":[{"taxonomy":"category","embeddable":true,"href":"https:\/\/blog.cancaonova.com\/paisecatequistas\/wp-json\/wp\/v2\/categories?post=10436"},{"taxonomy":"post_tag","embeddable":true,"href":"https:\/\/blog.cancaonova.com\/paisecatequistas\/wp-json\/wp\/v2\/tags?post=10436"}],"curies":[{"name":"wp","href":"https:\/\/api.w.org\/{rel}","templated":true}]}}