{"id":10460,"date":"2023-09-29T00:00:03","date_gmt":"2023-09-29T02:00:03","guid":{"rendered":"http:\/\/blog.cancaonova.com\/paisecatequistas\/?p=10460"},"modified":"2023-09-22T10:15:29","modified_gmt":"2023-09-22T12:15:29","slug":"sao-miguel-sao-rafael-sao-gabriel-rogai-por-nos","status":"publish","type":"post","link":"https:\/\/blog.cancaonova.com\/paisecatequistas\/sao-miguel-sao-rafael-sao-gabriel-rogai-por-nos\/","title":{"rendered":"S\u00e3o Miguel, S\u00e3o Rafael, S\u00e3o Gabriel, rogai por n\u00f3s!"},"content":{"rendered":"<h4>Viva os Santos Arcanjos!!!\u00a0S\u00e3o Miguel, S\u00e3o Rafael, S\u00e3o Gabriel, rogai por n\u00f3s!<\/h4>\n<p><a href=\"http:\/\/blog.cancaonova.com\/paisecatequistas\/files\/2020\/09\/Post-Face-Oficial-30-1.jpg\"><img loading=\"lazy\" decoding=\"async\" class=\"wp-image-12565 alignnone\" src=\"http:\/\/blog.cancaonova.com\/paisecatequistas\/files\/2020\/09\/Post-Face-Oficial-30-1.jpg\" alt=\"\" width=\"911\" height=\"911\" srcset=\"https:\/\/blog.cancaonova.com\/paisecatequistas\/files\/2020\/09\/Post-Face-Oficial-30-1.jpg 2000w, https:\/\/blog.cancaonova.com\/paisecatequistas\/files\/2020\/09\/Post-Face-Oficial-30-1-150x150.jpg 150w, https:\/\/blog.cancaonova.com\/paisecatequistas\/files\/2020\/09\/Post-Face-Oficial-30-1-300x300.jpg 300w, https:\/\/blog.cancaonova.com\/paisecatequistas\/files\/2020\/09\/Post-Face-Oficial-30-1-768x768.jpg 768w\" sizes=\"(max-width: 911px) 100vw, 911px\" \/><\/a><\/p>\n<p>O\u00a0<a href=\"https:\/\/formacao.cancaonova.com\/igreja\/doutrina\/por-que-devo-estudar-o-catecismo-da-igreja-catolica\/\" target=\"_blank\" rel=\"noopener\">Catecismo da Igreja Cat\u00f3lica<\/a>\u00a0nos ensina que: \u201cOs anjos s\u00e3o criaturas espirituais que glorificam a Deus&#8221; todo o tempo e prestam sua coopera\u00e7\u00e3o para o nosso bem.<\/p>\n<p>Os anjos trabalham para Jesus e Lhe servem de modo particular, para que n\u00f3s, filhos de Deus, sejamos salvos.<\/p>\n<p>Todos n\u00f3s cat\u00f3licos podemos ter devo\u00e7\u00f5es aos Santos Anjos, especialmente ao Anjo da Guarda, S\u00e3o Miguel, S\u00e3o Rafael e S\u00e3o Gabriel.<\/p>\n<p>E voc\u00ea, sabe o que significa cada um dos nomes deles?<\/p>\n<p><a href=\"http:\/\/blog.cancaonova.com\/paisecatequistas\/files\/2023\/09\/revistacnkids_n10_003-17.jpg\"><img loading=\"lazy\" decoding=\"async\" class=\"alignright size-full wp-image-15569\" src=\"http:\/\/blog.cancaonova.com\/paisecatequistas\/files\/2023\/09\/revistacnkids_n10_003-17.jpg\" alt=\"\" width=\"2362\" height=\"1367\" srcset=\"https:\/\/blog.cancaonova.com\/paisecatequistas\/files\/2023\/09\/revistacnkids_n10_003-17.jpg 2362w, https:\/\/blog.cancaonova.com\/paisecatequistas\/files\/2023\/09\/revistacnkids_n10_003-17-300x174.jpg 300w, https:\/\/blog.cancaonova.com\/paisecatequistas\/files\/2023\/09\/revistacnkids_n10_003-17-768x444.jpg 768w\" sizes=\"(max-width: 2362px) 100vw, 2362px\" \/><\/a><\/p>\n<p>Clique no desenho para fazer o download.\u00a0<a href=\"http:\/\/blog.cancaonova.com\/paisecatequistas\/files\/2023\/09\/arcanjos.pdf\"><img loading=\"lazy\" decoding=\"async\" class=\"size-full wp-image-15552 alignnone\" src=\"http:\/\/blog.cancaonova.com\/paisecatequistas\/files\/2021\/09\/Arcanjos-Preto-e-Branco.jpg\" alt=\"\" width=\"3700\" height=\"1920\" srcset=\"https:\/\/blog.cancaonova.com\/paisecatequistas\/files\/2021\/09\/Arcanjos-Preto-e-Branco.jpg 3700w, https:\/\/blog.cancaonova.com\/paisecatequistas\/files\/2021\/09\/Arcanjos-Preto-e-Branco-300x156.jpg 300w, https:\/\/blog.cancaonova.com\/paisecatequistas\/files\/2021\/09\/Arcanjos-Preto-e-Branco-768x399.jpg 768w\" sizes=\"(max-width: 3700px) 100vw, 3700px\" \/><\/a><\/p>\n<p style=\"text-align: right\">S\u00e3o Gabriel, S\u00e3o Rafael e S\u00e3o Miguel, rogai por n\u00f3s!!<\/p>\n<p style=\"text-align: right\">Departamento Infantojuvenil.<\/p>\n<p style=\"text-align: right\"><a href=\"https:\/\/www.instagram.com\/cancaonovakids\/\">Can\u00e7\u00e3o Nova Kids<\/a>.<\/p>\n<p>&nbsp;<\/p>\n<p>&nbsp;<\/p>\n","protected":false},"excerpt":{"rendered":"<p>S\u00e3o Miguel, S\u00e3o Rafael, S\u00e3o Gabriel, rogai por n\u00f3s que recorremos a v\u00f3s! Voc\u00ea conhece os Santos Arcanjos? Sabe o que significa o nome de cada um deles?\u00a0 <a href=\"https:\/\/blog.cancaonova.com\/paisecatequistas\/sao-miguel-sao-rafael-sao-gabriel-rogai-por-nos\/\">Continue lendo <span class=\"meta-nav\">&rarr;<\/span><\/a><\/p>\n","protected":false},"author":4414,"featured_media":15556,"comment_status":"open","ping_status":"open","sticky":false,"template":"","format":"standard","meta":{"_mi_skip_tracking":false,"_monsterinsights_sitenote_active":false,"_monsterinsights_sitenote_note":"","_monsterinsights_sitenote_category":0,"footnotes":""},"categories":[15774,15521],"tags":[15774,21002,45592,34,192590,204443,5011,18310,16595,991,15521,203638,26984,13461,15792,8631,17604,24063,104100,15401,22774,24065,192567,24064,3691],"_links":{"self":[{"href":"https:\/\/blog.cancaonova.com\/paisecatequistas\/wp-json\/wp\/v2\/posts\/10460"}],"collection":[{"href":"https:\/\/blog.cancaonova.com\/paisecatequistas\/wp-json\/wp\/v2\/posts"}],"about":[{"href":"https:\/\/blog.cancaonova.com\/paisecatequistas\/wp-json\/wp\/v2\/types\/post"}],"author":[{"embeddable":true,"href":"https:\/\/blog.cancaonova.com\/paisecatequistas\/wp-json\/wp\/v2\/users\/4414"}],"replies":[{"embeddable":true,"href":"https:\/\/blog.cancaonova.com\/paisecatequistas\/wp-json\/wp\/v2\/comments?post=10460"}],"version-history":[{"count":12,"href":"https:\/\/blog.cancaonova.com\/paisecatequistas\/wp-json\/wp\/v2\/posts\/10460\/revisions"}],"predecessor-version":[{"id":15570,"href":"https:\/\/blog.cancaonova.com\/paisecatequistas\/wp-json\/wp\/v2\/posts\/10460\/revisions\/15570"}],"wp:featuredmedia":[{"embeddable":true,"href":"https:\/\/blog.cancaonova.com\/paisecatequistas\/wp-json\/wp\/v2\/media\/15556"}],"wp:attachment":[{"href":"https:\/\/blog.cancaonova.com\/paisecatequistas\/wp-json\/wp\/v2\/media?parent=10460"}],"wp:term":[{"taxonomy":"category","embeddable":true,"href":"https:\/\/blog.cancaonova.com\/paisecatequistas\/wp-json\/wp\/v2\/categories?post=10460"},{"taxonomy":"post_tag","embeddable":true,"href":"https:\/\/blog.cancaonova.com\/paisecatequistas\/wp-json\/wp\/v2\/tags?post=10460"}],"curies":[{"name":"wp","href":"https:\/\/api.w.org\/{rel}","templated":true}]}}