{"id":10467,"date":"2023-10-02T00:00:13","date_gmt":"2023-10-02T02:00:13","guid":{"rendered":"http:\/\/blog.cancaonova.com\/paisecatequistas\/?p=10467"},"modified":"2025-09-30T10:07:35","modified_gmt":"2025-09-30T12:07:35","slug":"vamos-rezar-ao-nosso-anjo-da-guarda-poderoso-protetor","status":"publish","type":"post","link":"https:\/\/blog.cancaonova.com\/paisecatequistas\/vamos-rezar-ao-nosso-anjo-da-guarda-poderoso-protetor\/","title":{"rendered":"Santos Anjos da Guarda"},"content":{"rendered":"<p><strong><em>&#8221; Desde o in\u00edcio at\u00e9 a morte, a vida humana \u00e9 cercada pela prote\u00e7\u00e3o e pela sua intercess\u00e3o. Cada fiel \u00e9 ladeado por um Anjo como protetor e pastor para conduzi-lo \u00e0 vida. Ainda aqui na terra, a vida crist\u00e3 participa, na f\u00e9, da sociedade bem-aventurada dos Anjos e dos homens unidos em Deus&#8221;<\/em><\/strong>\u00a0(Catecismo da Igreja Cat\u00f3lica, 336).<\/p>\n<p><a href=\"http:\/\/blog.cancaonova.com\/paisecatequistas\/files\/2023\/10\/clipe-anjinho1-1.png\"><img loading=\"lazy\" decoding=\"async\" class=\" wp-image-15645 alignnone\" src=\"http:\/\/blog.cancaonova.com\/paisecatequistas\/files\/2023\/10\/clipe-anjinho1-1.png\" alt=\"\" width=\"468\" height=\"312\" srcset=\"https:\/\/blog.cancaonova.com\/paisecatequistas\/files\/2023\/10\/clipe-anjinho1-1.png 900w, https:\/\/blog.cancaonova.com\/paisecatequistas\/files\/2023\/10\/clipe-anjinho1-1-300x200.png 300w, https:\/\/blog.cancaonova.com\/paisecatequistas\/files\/2023\/10\/clipe-anjinho1-1-768x512.png 768w\" sizes=\"(max-width: 468px) 100vw, 468px\" \/><\/a><\/p>\n<p>Todos n\u00f3s temos um Anjo da Guarda para nos ajudar a ser mais santos.<\/p>\n<p>A palavra anjo significa \u201cenviado, mensageiro divino\u201d.<\/p>\n<p>A Igreja celebra, todo dia 2 de outubro, o dia do Anjo da Guarda, para que n\u00e3o nos esque\u00e7amos de que temos um anjo amigo que nos protege.<a href=\"http:\/\/blog.cancaonova.com\/paisecatequistas\/files\/2023\/10\/clipe-anjinho1-2.png\"><img loading=\"lazy\" decoding=\"async\" class=\"alignright wp-image-15646\" src=\"http:\/\/blog.cancaonova.com\/paisecatequistas\/files\/2023\/10\/clipe-anjinho1-2.png\" alt=\"\" width=\"534\" height=\"356\" srcset=\"https:\/\/blog.cancaonova.com\/paisecatequistas\/files\/2023\/10\/clipe-anjinho1-2.png 900w, https:\/\/blog.cancaonova.com\/paisecatequistas\/files\/2023\/10\/clipe-anjinho1-2-300x200.png 300w, https:\/\/blog.cancaonova.com\/paisecatequistas\/files\/2023\/10\/clipe-anjinho1-2-768x512.png 768w\" sizes=\"(max-width: 534px) 100vw, 534px\" \/><\/a><\/p>\n<p>Todos n\u00f3s temos uma Anjo da Guarda para nos ajudar a ser mais santos, vencer os males e levar nossas ora\u00e7\u00f5es a Deus. (anjos)<\/p>\n<p>Quando agradamos a Deus, ele se alegra, faz festa; do mesmo modo, quando desobedecemos, mentimos e desagradamos a Deus, ele fica triste, mas permanece sempre ao nosso lado para nos ajudar a retomar ao caminho do bem.<\/p>\n<p>&nbsp;<\/p>\n<p>Nosso Anjo est\u00e1 conosco o <span style=\"color: #008000\">TEMPO TODO<\/span>!<\/p>\n<p>Ele v\u00ea e ouve <span style=\"color: #008000\">TUDO<\/span> o que fazemos, por isso, quando pecamos, ele sabe e fica triste tamb\u00e9m. Os Anjos s\u00e3o bem mais inteligentes que a gente, porque s\u00e3o seres espirituais, por isso, quando voc\u00ea tiver dificuldade de entender ou aprender algo, pe\u00e7a a ajuda dele!<a href=\"http:\/\/blog.cancaonova.com\/paisecatequistas\/files\/2023\/10\/clipe-anjinho1-3.png\"><img loading=\"lazy\" decoding=\"async\" class=\"wp-image-15647 alignleft\" src=\"http:\/\/blog.cancaonova.com\/paisecatequistas\/files\/2023\/10\/clipe-anjinho1-3.png\" alt=\"\" width=\"458\" height=\"305\" srcset=\"https:\/\/blog.cancaonova.com\/paisecatequistas\/files\/2023\/10\/clipe-anjinho1-3.png 900w, https:\/\/blog.cancaonova.com\/paisecatequistas\/files\/2023\/10\/clipe-anjinho1-3-300x200.png 300w, https:\/\/blog.cancaonova.com\/paisecatequistas\/files\/2023\/10\/clipe-anjinho1-3-768x512.png 768w\" sizes=\"(max-width: 458px) 100vw, 458px\" \/><\/a><\/p>\n<p>V\u00e1rios santos eram muito amigos de seu Anjo. Padre Pio conversava e via seu Anjo desde crian\u00e7a, e eram bons amigos.<\/p>\n<p>Quer ser amigo do seu Anjo? Ent\u00e3o converse com ele e pe\u00e7a sua ajuda para ser mais santo.<\/p>\n<p><strong><span style=\"color: #ff0000\"><em>&#8220;Anjinho da Guarda, meu bom protetor, guardai minha vida com muito amor! Am\u00e9m.&#8221;<\/em><\/span><\/strong><\/p>\n<p>&nbsp;<\/p>\n<p>&nbsp;<\/p>\n<p>&nbsp;<\/p>\n<p><strong>Quer se saber mais? <\/strong>Padre Jonas nos ajuda a compreender com os Anjos de Deus nos ajudam no dia a dia.<\/p>\n<p><iframe loading=\"lazy\" title=\"Com os Anjos de Deus - Monsenhor Jonas Abib (02\/10\/97)\" width=\"600\" height=\"338\" src=\"https:\/\/www.youtube.com\/embed\/E0okc29Y1aA?feature=oembed&amp;rel=0\" frameborder=\"0\" allow=\"accelerometer; autoplay; clipboard-write; encrypted-media; gyroscope; picture-in-picture; web-share\" referrerpolicy=\"strict-origin-when-cross-origin\" allowfullscreen><\/iframe><\/p>\n<p>Vamos rezar?!<\/p>\n<p><a href=\"http:\/\/blog.cancaonova.com\/paisecatequistas\/files\/2023\/10\/02-10-Anjo-da-guarda-c\u00f3pia.jpg\"><img loading=\"lazy\" decoding=\"async\" class=\"wp-image-15648 alignnone\" src=\"http:\/\/blog.cancaonova.com\/paisecatequistas\/files\/2023\/10\/02-10-Anjo-da-guarda-c\u00f3pia.jpg\" alt=\"\" width=\"962\" height=\"962\" srcset=\"https:\/\/blog.cancaonova.com\/paisecatequistas\/files\/2023\/10\/02-10-Anjo-da-guarda-c\u00f3pia.jpg 1200w, https:\/\/blog.cancaonova.com\/paisecatequistas\/files\/2023\/10\/02-10-Anjo-da-guarda-c\u00f3pia-150x150.jpg 150w, https:\/\/blog.cancaonova.com\/paisecatequistas\/files\/2023\/10\/02-10-Anjo-da-guarda-c\u00f3pia-300x300.jpg 300w, https:\/\/blog.cancaonova.com\/paisecatequistas\/files\/2023\/10\/02-10-Anjo-da-guarda-c\u00f3pia-768x768.jpg 768w\" sizes=\"(max-width: 962px) 100vw, 962px\" \/><\/a><\/p>\n<p>&nbsp;<\/p>\n<p>Clique na imagem para imprimir e colorir<\/p>\n<p><a href=\"http:\/\/blog.cancaonova.com\/paisecatequistas\/files\/2023\/10\/Hora-do-Livro-Anjo-da-Guarda-03-25-10-2019.pdf\"><img loading=\"lazy\" decoding=\"async\" class=\" wp-image-15633 alignnone\" src=\"http:\/\/blog.cancaonova.com\/paisecatequistas\/files\/2021\/10\/Hora-do-Livro-Anjo-da-Guarda-03-25-10-2019.jpg\" alt=\"\" width=\"982\" height=\"982\" srcset=\"https:\/\/blog.cancaonova.com\/paisecatequistas\/files\/2021\/10\/Hora-do-Livro-Anjo-da-Guarda-03-25-10-2019.jpg 1080w, https:\/\/blog.cancaonova.com\/paisecatequistas\/files\/2021\/10\/Hora-do-Livro-Anjo-da-Guarda-03-25-10-2019-150x150.jpg 150w, https:\/\/blog.cancaonova.com\/paisecatequistas\/files\/2021\/10\/Hora-do-Livro-Anjo-da-Guarda-03-25-10-2019-300x300.jpg 300w, https:\/\/blog.cancaonova.com\/paisecatequistas\/files\/2021\/10\/Hora-do-Livro-Anjo-da-Guarda-03-25-10-2019-768x768.jpg 768w\" sizes=\"(max-width: 982px) 100vw, 982px\" \/><\/a><\/p>\n<p>Departamento Infantojuvenil<\/p>\n<p style=\"text-align: right\"><a href=\"https:\/\/www.instagram.com\/cancaonovakids\/\">Can\u00e7\u00e3o Nova Kids<\/a><\/p>\n<p>&nbsp;<\/p>\n","protected":false},"excerpt":{"rendered":"<p>A palavra anjo significa \u201cenviado, mensageiro divino\u201d. Todos n\u00f3s temos um anjo da Guarda para nos ajudar a ser mais santos, vencer os males, as tenta\u00e7\u00f5es, e levar nossas ora\u00e7\u00f5es para Deus. <a href=\"https:\/\/blog.cancaonova.com\/paisecatequistas\/vamos-rezar-ao-nosso-anjo-da-guarda-poderoso-protetor\/\">Continue lendo <span class=\"meta-nav\">&rarr;<\/span><\/a><\/p>\n","protected":false},"author":4414,"featured_media":17931,"comment_status":"closed","ping_status":"closed","sticky":false,"template":"","format":"standard","meta":{"_mi_skip_tracking":false,"_monsterinsights_sitenote_active":false,"_monsterinsights_sitenote_note":"","_monsterinsights_sitenote_category":0,"footnotes":""},"categories":[15774,16089,200710,271],"tags":[184863,20890,19623,15774,34,192590,204443,114312,5011,18310,16595,15521,203638,26984,8001,15792,8631,41132,7671,40,104100,15401,261,192567,41430,16908,33583,271,200652,4251,3691,39],"_links":{"self":[{"href":"https:\/\/blog.cancaonova.com\/paisecatequistas\/wp-json\/wp\/v2\/posts\/10467"}],"collection":[{"href":"https:\/\/blog.cancaonova.com\/paisecatequistas\/wp-json\/wp\/v2\/posts"}],"about":[{"href":"https:\/\/blog.cancaonova.com\/paisecatequistas\/wp-json\/wp\/v2\/types\/post"}],"author":[{"embeddable":true,"href":"https:\/\/blog.cancaonova.com\/paisecatequistas\/wp-json\/wp\/v2\/users\/4414"}],"replies":[{"embeddable":true,"href":"https:\/\/blog.cancaonova.com\/paisecatequistas\/wp-json\/wp\/v2\/comments?post=10467"}],"version-history":[{"count":18,"href":"https:\/\/blog.cancaonova.com\/paisecatequistas\/wp-json\/wp\/v2\/posts\/10467\/revisions"}],"predecessor-version":[{"id":19666,"href":"https:\/\/blog.cancaonova.com\/paisecatequistas\/wp-json\/wp\/v2\/posts\/10467\/revisions\/19666"}],"wp:featuredmedia":[{"embeddable":true,"href":"https:\/\/blog.cancaonova.com\/paisecatequistas\/wp-json\/wp\/v2\/media\/17931"}],"wp:attachment":[{"href":"https:\/\/blog.cancaonova.com\/paisecatequistas\/wp-json\/wp\/v2\/media?parent=10467"}],"wp:term":[{"taxonomy":"category","embeddable":true,"href":"https:\/\/blog.cancaonova.com\/paisecatequistas\/wp-json\/wp\/v2\/categories?post=10467"},{"taxonomy":"post_tag","embeddable":true,"href":"https:\/\/blog.cancaonova.com\/paisecatequistas\/wp-json\/wp\/v2\/tags?post=10467"}],"curies":[{"name":"wp","href":"https:\/\/api.w.org\/{rel}","templated":true}]}}