{"id":10492,"date":"2020-10-14T10:26:30","date_gmt":"2020-10-14T12:26:30","guid":{"rendered":"http:\/\/blog.cancaonova.com\/paisecatequistas\/?p=10492"},"modified":"2020-10-14T10:26:30","modified_gmt":"2020-10-14T12:26:30","slug":"bem-aventurados-os-que-tem-um-coracao-de-pobre-porque-deles-e-o-reino-dos-ceus-mt-5-3","status":"publish","type":"post","link":"https:\/\/blog.cancaonova.com\/paisecatequistas\/bem-aventurados-os-que-tem-um-coracao-de-pobre-porque-deles-e-o-reino-dos-ceus-mt-5-3\/","title":{"rendered":"\u201cBem-aventurados os que t\u00eam um cora\u00e7\u00e3o de pobre, porque deles \u00e9 o Reino dos C\u00e9us!\u201d Mt 5, 3"},"content":{"rendered":"<h4>S\u00e9rie Bem Aventuran\u00e7as &#8211; Bem aventurados os pobres de cora\u00e7\u00e3o.<\/h4>\n<p><span style=\"font-weight: 400\">Quando lemos este trecho do Evangelho, achamos que no c\u00e9u n\u00e3o entra os ricos&#8230;s\u00f3 os pobres.<\/span><\/p>\n<p><img loading=\"lazy\" decoding=\"async\" class=\"aligncenter size-full wp-image-10518\" src=\"http:\/\/blog.cancaonova.com\/paisecatequistas\/files\/2020\/10\/corpo-600x300-corpo-blog-grande-4-1.jpg\" alt=\"\" width=\"600\" height=\"300\" srcset=\"https:\/\/blog.cancaonova.com\/paisecatequistas\/files\/2020\/10\/corpo-600x300-corpo-blog-grande-4-1.jpg 600w, https:\/\/blog.cancaonova.com\/paisecatequistas\/files\/2020\/10\/corpo-600x300-corpo-blog-grande-4-1-300x150.jpg 300w, https:\/\/blog.cancaonova.com\/paisecatequistas\/files\/2020\/10\/corpo-600x300-corpo-blog-grande-4-1-150x75.jpg 150w\" sizes=\"(max-width: 600px) 100vw, 600px\" \/><\/p>\n<p><span style=\"font-weight: 400\">Mas n\u00e3o \u00e9 bem assim\u2026 Jesus disse que para entrar no c\u00e9u \u00e9 preciso ser pobre de cora\u00e7\u00e3o\u2026<\/span><\/p>\n<p><span style=\"font-weight: 400\">Pobre de cora\u00e7\u00e3o \u00e9 quem se importa com o papai, com a mam\u00e3e, com os irm\u00e3os, com os amigos.&nbsp;<\/span><\/p>\n<p><span style=\"font-weight: 400\">\u00c9 aquela pessoa que sabe dividir o que tem, e se tem al\u00e9m do necess\u00e1rio, logo faz doa\u00e7\u00e3o daquilo que est\u00e1 sobrando e vive buscando agradar o Cora\u00e7\u00e3o de Deus.<\/span><\/p>\n<p>Neste epis\u00f3dio o Janj\u00e3o vai nos ensinar o que realmente deve ser o centro de nossas vidas:<\/p>\n<p><iframe loading=\"lazy\" title=\"Cantinho da Crian\u00c3\u00a7a -  Meu t\u00c3\u00aanis meu tudo\" width=\"600\" height=\"338\" src=\"https:\/\/www.youtube.com\/embed\/6heQQeVhikA?feature=oembed&amp;rel=0\" frameborder=\"0\" allow=\"accelerometer; autoplay; clipboard-write; encrypted-media; gyroscope; picture-in-picture; web-share\" referrerpolicy=\"strict-origin-when-cross-origin\" allowfullscreen><\/iframe><\/p>\n<p><span style=\"font-weight: 400\">Pobre de cora\u00e7\u00e3o \u00e9 quem tem sua maior riqueza nas coisas de Deus, que busca agradar o cora\u00e7\u00e3o de Deus, amando Ele acima de todas as coisas e aos irm\u00e3os como a si mesmo!<\/span><\/p>\n<p><span style=\"font-weight: 400\">\u00c9 quem se desapega das roupas, brinquedos, sapatos, porque sabe que tudo isso \u00e9 passageiro e o que realmente importa s\u00e3o as coisas de Deus. <\/span><\/p>\n<p><span style=\"font-weight: 400\">Porque as coisa materiais v\u00e3o ficar aqui na Terra.<\/span><\/p>\n<h4><strong>J\u00e1 as coisas de Deus s\u00e3o eternas!&nbsp;<\/strong><\/h4>\n<p>Agora j\u00e1 deu para entender um pouquinho do que Jesus quis dizer sobre esta bem aventuran\u00e7a, vamos procurar as palavras que nos fazem verdadeiramente ricos das coisas de Deus que s\u00e3o eternas!<\/p>\n<p><img loading=\"lazy\" decoding=\"async\" class=\"aligncenter size-full wp-image-10521\" src=\"http:\/\/blog.cancaonova.com\/paisecatequistas\/files\/2020\/10\/15-09-300x600-1.jpg\" alt=\"\" width=\"300\" height=\"600\" srcset=\"https:\/\/blog.cancaonova.com\/paisecatequistas\/files\/2020\/10\/15-09-300x600-1.jpg 300w, https:\/\/blog.cancaonova.com\/paisecatequistas\/files\/2020\/10\/15-09-300x600-1-150x300.jpg 150w\" sizes=\"(max-width: 300px) 100vw, 300px\" \/><\/p>\n<p style=\"text-align: right\">Departamento Infanto Juvenil<\/p>\n<p style=\"text-align: right\"><a href=\"https:\/\/www.instagram.com\/cancaonovakids\/\">Can\u00e7\u00e3o Nova Kids<\/a><\/p>\n<p>&nbsp;<\/p>\n<p>&nbsp;<\/p>\n","protected":false},"excerpt":{"rendered":"<p>Quando lemos este trecho do Evangelho, achamos que no c\u00e9u n\u00e3o entra os ricos&#8230;s\u00f3 os pobres. Mas n\u00e3o \u00e9 bem assim\u2026 Jesus disse que para entrar no c\u00e9u \u00e9 preciso ser pobre de cora\u00e7\u00e3o\u2026 <a href=\"https:\/\/blog.cancaonova.com\/paisecatequistas\/bem-aventurados-os-que-tem-um-coracao-de-pobre-porque-deles-e-o-reino-dos-ceus-mt-5-3\/\">Continue lendo <span class=\"meta-nav\">&rarr;<\/span><\/a><\/p>\n","protected":false},"author":4414,"featured_media":10493,"comment_status":"open","ping_status":"open","sticky":false,"template":"","format":"standard","meta":{"_mi_skip_tracking":false,"_monsterinsights_sitenote_active":false,"_monsterinsights_sitenote_note":"","_monsterinsights_sitenote_category":0,"footnotes":""},"categories":[16089,34,15521],"tags":[24461,30501,16442,200622,203182,202826,8911,200651,18662,42993,17119,38,200650,200648,200641,36040,200680,200665,200626,192610,203298,25951,2691,200701,202456,45592,120152,23258,18948,34,192590,204443,114312,5011,18310,16595,102917,23252,16437,120571,991,15521,203638,26984,200666,13461,8001,15792,8631,200722,17604,27131,55809,5721,711,3671,41132,7671,40,104100,15401,19784,51,22818,17101,231,22774,200653,16136,451,20156,28498,12951,261,16666,200709,192567,13031,200761,193693,381,41430,16908,33583,17269,202119,19175,24284,17350,21278,7761,271,102779,200756,20206,10241,200647,200652,4251,3691,39,15501,13571,19387,2031,141],"_links":{"self":[{"href":"https:\/\/blog.cancaonova.com\/paisecatequistas\/wp-json\/wp\/v2\/posts\/10492"}],"collection":[{"href":"https:\/\/blog.cancaonova.com\/paisecatequistas\/wp-json\/wp\/v2\/posts"}],"about":[{"href":"https:\/\/blog.cancaonova.com\/paisecatequistas\/wp-json\/wp\/v2\/types\/post"}],"author":[{"embeddable":true,"href":"https:\/\/blog.cancaonova.com\/paisecatequistas\/wp-json\/wp\/v2\/users\/4414"}],"replies":[{"embeddable":true,"href":"https:\/\/blog.cancaonova.com\/paisecatequistas\/wp-json\/wp\/v2\/comments?post=10492"}],"version-history":[{"count":4,"href":"https:\/\/blog.cancaonova.com\/paisecatequistas\/wp-json\/wp\/v2\/posts\/10492\/revisions"}],"predecessor-version":[{"id":10525,"href":"https:\/\/blog.cancaonova.com\/paisecatequistas\/wp-json\/wp\/v2\/posts\/10492\/revisions\/10525"}],"wp:featuredmedia":[{"embeddable":true,"href":"https:\/\/blog.cancaonova.com\/paisecatequistas\/wp-json\/wp\/v2\/media\/10493"}],"wp:attachment":[{"href":"https:\/\/blog.cancaonova.com\/paisecatequistas\/wp-json\/wp\/v2\/media?parent=10492"}],"wp:term":[{"taxonomy":"category","embeddable":true,"href":"https:\/\/blog.cancaonova.com\/paisecatequistas\/wp-json\/wp\/v2\/categories?post=10492"},{"taxonomy":"post_tag","embeddable":true,"href":"https:\/\/blog.cancaonova.com\/paisecatequistas\/wp-json\/wp\/v2\/tags?post=10492"}],"curies":[{"name":"wp","href":"https:\/\/api.w.org\/{rel}","templated":true}]}}