{"id":10500,"date":"2023-10-07T00:00:35","date_gmt":"2023-10-07T02:00:35","guid":{"rendered":"http:\/\/blog.cancaonova.com\/paisecatequistas\/?p=10500"},"modified":"2026-02-20T11:48:22","modified_gmt":"2026-02-20T13:48:22","slug":"viva-nossa-senhora-do-rosario","status":"publish","type":"post","link":"https:\/\/blog.cancaonova.com\/paisecatequistas\/viva-nossa-senhora-do-rosario\/","title":{"rendered":"Viva Nossa Senhora do Ros\u00e1rio!"},"content":{"rendered":"<p>Viva Nossa Senhora do Ros\u00e1rio! Vamos rezar uma Ave-Maria para a M\u00e3ezinha do C\u00e9u?<\/p>\n<p>Nossa Senhora do Ros\u00e1rio\u00a0\u00e9 a apari\u00e7\u00e3o mariana a S\u00e3o Domingos, no ano de 1208, na igreja Pruille, dando a ele o ros\u00e1rio para rezar no lugar dos salmos.<a href=\"http:\/\/blog.cancaonova.com\/paisecatequistas\/files\/2020\/10\/03-10-Nossa-Senhora-do-Rosario-1-c\u00f3pia.png\"><img loading=\"lazy\" decoding=\"async\" class=\"wp-image-12623 alignnone\" src=\"http:\/\/blog.cancaonova.com\/paisecatequistas\/files\/2020\/10\/03-10-Nossa-Senhora-do-Rosario-1-c\u00f3pia.png\" alt=\"\" width=\"815\" height=\"492\" srcset=\"https:\/\/blog.cancaonova.com\/paisecatequistas\/files\/2020\/10\/03-10-Nossa-Senhora-do-Rosario-1-c\u00f3pia.png 1989w, https:\/\/blog.cancaonova.com\/paisecatequistas\/files\/2020\/10\/03-10-Nossa-Senhora-do-Rosario-1-c\u00f3pia-300x181.png 300w, https:\/\/blog.cancaonova.com\/paisecatequistas\/files\/2020\/10\/03-10-Nossa-Senhora-do-Rosario-1-c\u00f3pia-768x463.png 768w\" sizes=\"(max-width: 815px) 100vw, 815px\" \/><\/a><\/p>\n<p>O ros\u00e1rio \u00e9 um instrumento de ora\u00e7\u00e3o muito importante na vida do crist\u00e3o. Para entendermos melhor essa devo\u00e7\u00e3o, \u00e9 preciso conhecer mais a fundo a hist\u00f3ria do Santo Ros\u00e1rio.<\/p>\n<p>Neste v\u00eddeo, Tia Adelita conta a hist\u00f3ria de Nossa Senhora do Ros\u00e1rio.<\/p>\n<p>Vamos assistir?<\/p>\n<p><iframe loading=\"lazy\" title=\"Nossa Senhora do Ros\u00c3\u00a1rio\" width=\"600\" height=\"338\" src=\"https:\/\/www.youtube.com\/embed\/E3ptzMcUG3Q?feature=oembed&amp;rel=0\" frameborder=\"0\" allow=\"accelerometer; autoplay; clipboard-write; encrypted-media; gyroscope; picture-in-picture; web-share\" referrerpolicy=\"strict-origin-when-cross-origin\" allowfullscreen><\/iframe><\/p>\n<p>Tamanha \u00e9 a import\u00e2ncia de recitar o ros\u00e1rio de Nossa Senhora,\u00a0que o Papa Dominicano S\u00e3o Pio V recomendava e incentivava oficialmente a sua recita\u00e7\u00e3o. E, de l\u00e1 para c\u00e1, esta devo\u00e7\u00e3o se espalhou pelo mundo todo e a ora\u00e7\u00e3o do ros\u00e1rio de Nossa Senhora \u00e9 rezado diariamente em todos os lares cat\u00f3licos.<\/p>\n<p>E voc\u00ea sabe o que significa a palavra &#8220;ros\u00e1rio&#8221;? A Bia, do Clubinho do Jonas, vai nos ensinar. Assista:<\/p>\n<p><iframe loading=\"lazy\" title=\"Clubinho do Jonas- Muitas rosas\" width=\"600\" height=\"338\" src=\"https:\/\/www.youtube.com\/embed\/Ejpe31Yo_Cs?feature=oembed&amp;rel=0\" frameborder=\"0\" allow=\"accelerometer; autoplay; clipboard-write; encrypted-media; gyroscope; picture-in-picture; web-share\" referrerpolicy=\"strict-origin-when-cross-origin\" allowfullscreen><\/iframe><\/p>\n<p>Muito legal, n\u00e3o \u00e9?! E voc\u00ea sabe rezar o ros\u00e1rio? Aqui, na Can\u00e7\u00e3o Nova, temos um livro que ensina direitinho e ainda vem com um &#8220;tercinho&#8221;, \u00e9 o<a href=\"https:\/\/loja.cancaonova.com\/livro-rosario-para-criancas-com-terco-em-nylon\"> Livro Ros\u00e1rio para crian\u00e7as.<\/a><\/p>\n<p><a href=\"https:\/\/blog.cancaonova.com\/paisecatequistas\/files\/2023\/10\/nossa-senhora-do-rosario.pdf\"><img loading=\"lazy\" decoding=\"async\" class=\"size-full wp-image-15675 alignnone\" src=\"http:\/\/blog.cancaonova.com\/paisecatequistas\/files\/2021\/10\/nossa-senhora-do-rosario.png\" alt=\"\" width=\"1414\" height=\"2000\" srcset=\"https:\/\/blog.cancaonova.com\/paisecatequistas\/files\/2021\/10\/nossa-senhora-do-rosario.png 1414w, https:\/\/blog.cancaonova.com\/paisecatequistas\/files\/2021\/10\/nossa-senhora-do-rosario-212x300.png 212w, https:\/\/blog.cancaonova.com\/paisecatequistas\/files\/2021\/10\/nossa-senhora-do-rosario-768x1086.png 768w\" sizes=\"(max-width: 1414px) 100vw, 1414px\" \/><\/a><\/p>\n<p>&nbsp;<\/p>\n<p>&nbsp;<\/p>\n<p>&nbsp;<\/p>\n<p style=\"text-align: right\">Viva Nossa Senhora do Ros\u00e1rio!<\/p>\n<p style=\"text-align: right\">Departamento Infantojuvenil<\/p>\n<p style=\"text-align: right\"><a href=\"https:\/\/www.instagram.com\/cancaonovakids\/\">Can\u00e7\u00e3o Nova Kids<\/a><\/p>\n<p>&nbsp;<\/p>\n","protected":false},"excerpt":{"rendered":"<p>O Ros\u00e1rio \u00e9 um instrumento de ora\u00e7\u00e3o muito importante na vida do crist\u00e3o.\u00a0Nossa Senhora do Ros\u00e1rio\u00a0\u00e9 a apari\u00e7\u00e3o mariana a S\u00e3o Domingos, no ano de 1208 na igreja Pruille, dando a ele o ros\u00e1rio para rezar no lugar dos salmos. <a href=\"https:\/\/blog.cancaonova.com\/paisecatequistas\/viva-nossa-senhora-do-rosario\/\">Continue lendo <span class=\"meta-nav\">&rarr;<\/span><\/a><\/p>\n","protected":false},"author":4414,"featured_media":12625,"comment_status":"closed","ping_status":"closed","sticky":false,"template":"","format":"standard","meta":{"_mi_skip_tracking":false,"_monsterinsights_sitenote_active":false,"_monsterinsights_sitenote_note":"","_monsterinsights_sitenote_category":0,"footnotes":""},"categories":[15521,451,15641],"tags":[5011,16595,28498],"_links":{"self":[{"href":"https:\/\/blog.cancaonova.com\/paisecatequistas\/wp-json\/wp\/v2\/posts\/10500"}],"collection":[{"href":"https:\/\/blog.cancaonova.com\/paisecatequistas\/wp-json\/wp\/v2\/posts"}],"about":[{"href":"https:\/\/blog.cancaonova.com\/paisecatequistas\/wp-json\/wp\/v2\/types\/post"}],"author":[{"embeddable":true,"href":"https:\/\/blog.cancaonova.com\/paisecatequistas\/wp-json\/wp\/v2\/users\/4414"}],"replies":[{"embeddable":true,"href":"https:\/\/blog.cancaonova.com\/paisecatequistas\/wp-json\/wp\/v2\/comments?post=10500"}],"version-history":[{"count":12,"href":"https:\/\/blog.cancaonova.com\/paisecatequistas\/wp-json\/wp\/v2\/posts\/10500\/revisions"}],"predecessor-version":[{"id":15680,"href":"https:\/\/blog.cancaonova.com\/paisecatequistas\/wp-json\/wp\/v2\/posts\/10500\/revisions\/15680"}],"wp:featuredmedia":[{"embeddable":true,"href":"https:\/\/blog.cancaonova.com\/paisecatequistas\/wp-json\/wp\/v2\/media\/12625"}],"wp:attachment":[{"href":"https:\/\/blog.cancaonova.com\/paisecatequistas\/wp-json\/wp\/v2\/media?parent=10500"}],"wp:term":[{"taxonomy":"category","embeddable":true,"href":"https:\/\/blog.cancaonova.com\/paisecatequistas\/wp-json\/wp\/v2\/categories?post=10500"},{"taxonomy":"post_tag","embeddable":true,"href":"https:\/\/blog.cancaonova.com\/paisecatequistas\/wp-json\/wp\/v2\/tags?post=10500"}],"curies":[{"name":"wp","href":"https:\/\/api.w.org\/{rel}","templated":true}]}}