{"id":10511,"date":"2020-10-09T16:53:41","date_gmt":"2020-10-09T18:53:41","guid":{"rendered":"http:\/\/blog.cancaonova.com\/paisecatequistas\/?p=10511"},"modified":"2020-10-09T16:53:41","modified_gmt":"2020-10-09T18:53:41","slug":"viva-nossa-senhora-aparecida-padroeira-do-brasil","status":"publish","type":"post","link":"https:\/\/blog.cancaonova.com\/paisecatequistas\/viva-nossa-senhora-aparecida-padroeira-do-brasil\/","title":{"rendered":"Viva Nossa Senhora Aparecida, Padroeira do Brasil!!!"},"content":{"rendered":"<h4>Nossa Senhora Aparecida, Padroeira do Brasil, rogai por n\u00f3s!<\/h4>\n<p>Vamos conhecer a hist\u00f3ria desta bela devo\u00e7\u00e3o de Nossa Senhora Aparecida, Padroeira do Brasil e algumas curiosidades sobre o Santu\u00e1rio Nacional de Nossa Senhora Aparecida.<\/p>\n<p><img loading=\"lazy\" decoding=\"async\" class=\"aligncenter size-full wp-image-10513\" src=\"http:\/\/blog.cancaonova.com\/paisecatequistas\/files\/2020\/10\/Nossa-Senhora-Aparecida-e-os-Pescadores.jpg\" alt=\"\" width=\"1000\" height=\"1000\" srcset=\"https:\/\/blog.cancaonova.com\/paisecatequistas\/files\/2020\/10\/Nossa-Senhora-Aparecida-e-os-Pescadores.jpg 1000w, https:\/\/blog.cancaonova.com\/paisecatequistas\/files\/2020\/10\/Nossa-Senhora-Aparecida-e-os-Pescadores-150x150.jpg 150w, https:\/\/blog.cancaonova.com\/paisecatequistas\/files\/2020\/10\/Nossa-Senhora-Aparecida-e-os-Pescadores-300x300.jpg 300w, https:\/\/blog.cancaonova.com\/paisecatequistas\/files\/2020\/10\/Nossa-Senhora-Aparecida-e-os-Pescadores-768x768.jpg 768w\" sizes=\"(max-width: 1000px) 100vw, 1000px\" \/><\/p>\n<p>Aqui neste Teatro do Kairos Kids 2018, a Tia Adelita conta direitinho toda a hist\u00f3ria de como surgiu esta linda devo\u00e7\u00e3o da M\u00e3ezinha do C\u00e9u aqui no Brasil. Vamos assistir para aprender?<\/p>\n<p><iframe loading=\"lazy\" title=\"Kairos Kids 2017 -  Teatro Maria leva-nos a Jesus\" width=\"600\" height=\"338\" src=\"https:\/\/www.youtube.com\/embed\/zmrYo_KxfvE?start=3&amp;feature=oembed&amp;rel=0\" frameborder=\"0\" allow=\"accelerometer; autoplay; clipboard-write; encrypted-media; gyroscope; picture-in-picture; web-share\" referrerpolicy=\"strict-origin-when-cross-origin\" allowfullscreen><\/iframe><\/p>\n<h4><strong>Conhe\u00e7a algumas curiosidades da Bas\u00edlica de Aparecida!<\/strong><\/h4>\n<p><strong>1<\/strong>. A primeira capela em homenagem a Nossa Senhora Aparecida foi erguida em 26 de julho de 1745<\/p>\n<p><strong>2<\/strong>. A Antiga Bas\u00edlica foi inaugurada em 8 de dezembro de 1888.<\/p>\n<p><strong>3<\/strong>. Nossa Senhora Aparecida foi proclamada Padroeira do Brasil em 16 de julho de 1930.<\/p>\n<p><strong>4<\/strong>. Em 1980, o Papa Jo\u00e3o Paulo II consagrou a Bas\u00edlica Nova e outorgou o t\u00edtulo de Bas\u00edlica Menor.<\/p>\n<p><strong>5<\/strong>. A Bas\u00edlica Nova possui 72 mil metros quadrados, com mais de 25 milh\u00f5es de tijolos e 257 mil telhas azuis.<\/p>\n<p><strong>6<\/strong>. A Torre do rel\u00f3gio tem 18 andares.<\/p>\n<p><strong>7<\/strong>. Ali trabalham cerca de 1800 funcion\u00e1rios, 800 volunt\u00e1rios e 33 mission\u00e1rios.<\/p>\n<p><strong>8<\/strong>. Ao contr\u00e1rio do que muitos podem pensar, dia 12 de outubro n\u00e3o \u00e9 o dia de maior movimento da Bas\u00edlica. O feriado de finados, por exemplo, costuma receber ainda mais fieis.<\/p>\n<p><strong>9<\/strong>. O maior movimento ja registrado foi de 245 mil visitantes em um s\u00f3 dia, em 14 de novembro de 2010.<\/p>\n<p><strong>10<\/strong>. Ap\u00f3s um fim de semana movimentado, cerca de 10 toneladas de parafina que sobram das velas s\u00e3o retirados do interior da Bas\u00edlica e reciclados.<\/p>\n<p>&nbsp;<\/p>\n<p>Agora vamos pintar este desenho bem bonito do Papa Francisco com a M\u00e3ezinha Aparecida e os seus filhos amados!<\/p>\n<p><img loading=\"lazy\" decoding=\"async\" class=\"aligncenter size-full wp-image-10512\" src=\"http:\/\/blog.cancaonova.com\/paisecatequistas\/files\/2020\/10\/papa-francisco-e-nossa-senhora-aparecida.jpg\" alt=\"\" width=\"664\" height=\"740\" srcset=\"https:\/\/blog.cancaonova.com\/paisecatequistas\/files\/2020\/10\/papa-francisco-e-nossa-senhora-aparecida.jpg 664w, https:\/\/blog.cancaonova.com\/paisecatequistas\/files\/2020\/10\/papa-francisco-e-nossa-senhora-aparecida-269x300.jpg 269w\" sizes=\"(max-width: 664px) 100vw, 664px\" \/><\/p>\n<p style=\"text-align: right\">Viva Nossa Senhora Aparecida!!!!<\/p>\n<p style=\"text-align: right\">Departamento Infanto Juvenil<\/p>\n<p style=\"text-align: right\"><a href=\"https:\/\/www.instagram.com\/cancaonovakids\/\">Can\u00e7\u00e3o Nova Kids<\/a><\/p>\n","protected":false},"excerpt":{"rendered":"<p>Vamos conhecer a hist\u00f3ria desta bela devo\u00e7\u00e3o de Nossa Senhora Aparecida, algumas curiosidades sobre o Santu\u00e1rio Nacional de Nossa Senhora Aparecida. <a href=\"https:\/\/blog.cancaonova.com\/paisecatequistas\/viva-nossa-senhora-aparecida-padroeira-do-brasil\/\">Continue lendo <span class=\"meta-nav\">&rarr;<\/span><\/a><\/p>\n","protected":false},"author":4414,"featured_media":10517,"comment_status":"open","ping_status":"open","sticky":false,"template":"","format":"standard","meta":{"_mi_skip_tracking":false,"_monsterinsights_sitenote_active":false,"_monsterinsights_sitenote_note":"","_monsterinsights_sitenote_category":0,"footnotes":""},"categories":[16089,200710,451,15641],"tags":[24461,30501,16442,200622,203182,202826,8911,200651,18662,42993,17119,38,200650,200648,200641,36040,200680,200665,200626,192610,203298,25951,2691,200701,202456,45592,200758,34,192590,204443,114312,5011,18310,16595,102917,23252,16437,120571,991,15521,203638,26984,200666,13461,8001,15792,8631,200722,17604,27131,55809,5721,711,3671,41132,7671,40,104100,15401,19784,51,22818,17101,231,22774,200653,16136,451,8591,20156,28498,12951,261,16666,200709,35192,192567,13031,193693,381,41430,16908,33583,17269,202119,19175,24284,17350,21278,7761,271,102779,20206,10241,200647,200652,4251,3691,39,15501,13571,19387,2031,141],"_links":{"self":[{"href":"https:\/\/blog.cancaonova.com\/paisecatequistas\/wp-json\/wp\/v2\/posts\/10511"}],"collection":[{"href":"https:\/\/blog.cancaonova.com\/paisecatequistas\/wp-json\/wp\/v2\/posts"}],"about":[{"href":"https:\/\/blog.cancaonova.com\/paisecatequistas\/wp-json\/wp\/v2\/types\/post"}],"author":[{"embeddable":true,"href":"https:\/\/blog.cancaonova.com\/paisecatequistas\/wp-json\/wp\/v2\/users\/4414"}],"replies":[{"embeddable":true,"href":"https:\/\/blog.cancaonova.com\/paisecatequistas\/wp-json\/wp\/v2\/comments?post=10511"}],"version-history":[{"count":3,"href":"https:\/\/blog.cancaonova.com\/paisecatequistas\/wp-json\/wp\/v2\/posts\/10511\/revisions"}],"predecessor-version":[{"id":10516,"href":"https:\/\/blog.cancaonova.com\/paisecatequistas\/wp-json\/wp\/v2\/posts\/10511\/revisions\/10516"}],"wp:featuredmedia":[{"embeddable":true,"href":"https:\/\/blog.cancaonova.com\/paisecatequistas\/wp-json\/wp\/v2\/media\/10517"}],"wp:attachment":[{"href":"https:\/\/blog.cancaonova.com\/paisecatequistas\/wp-json\/wp\/v2\/media?parent=10511"}],"wp:term":[{"taxonomy":"category","embeddable":true,"href":"https:\/\/blog.cancaonova.com\/paisecatequistas\/wp-json\/wp\/v2\/categories?post=10511"},{"taxonomy":"post_tag","embeddable":true,"href":"https:\/\/blog.cancaonova.com\/paisecatequistas\/wp-json\/wp\/v2\/tags?post=10511"}],"curies":[{"name":"wp","href":"https:\/\/api.w.org\/{rel}","templated":true}]}}